{"id":12317,"date":"2023-08-08T17:09:05","date_gmt":"2023-08-08T20:09:05","guid":{"rendered":"https:\/\/pc.sc.gov.br\/?p=12317"},"modified":"2023-08-08T17:15:49","modified_gmt":"2023-08-08T20:15:49","slug":"policia-civil-deflagra-operacao-e-prende-oito-traficantes-de-drogas-em-joinville","status":"publish","type":"post","link":"https:\/\/pc.sc.gov.br\/?p=12317","title":{"rendered":"Pol\u00edcia Civil deflagra opera\u00e7\u00e3o e prende oito traficantes de drogas em Joinville"},"content":{"rendered":"\t\t<div data-elementor-type=\"wp-post\" data-elementor-id=\"12317\" class=\"elementor elementor-12317\" data-elementor-post-type=\"post\">\n\t\t\t\t\t\t<section class=\"elementor-section elementor-top-section elementor-element elementor-element-4351709 elementor-section-boxed elementor-section-height-default elementor-section-height-default\" data-id=\"4351709\" data-element_type=\"section\">\n\t\t\t\t\t\t<div class=\"elementor-container elementor-column-gap-default\">\n\t\t\t\t\t<div class=\"elementor-column elementor-col-100 elementor-top-column elementor-element elementor-element-2ff8dad\" data-id=\"2ff8dad\" data-element_type=\"column\">\n\t\t\t<div class=\"elementor-widget-wrap elementor-element-populated\">\n\t\t\t\t\t\t<div class=\"elementor-element elementor-element-1dd5e8e elementor-widget elementor-widget-heading\" data-id=\"1dd5e8e\" data-element_type=\"widget\" data-widget_type=\"heading.default\">\n\t\t\t\t<div class=\"elementor-widget-container\">\n\t\t\t\t\t<h2 class=\"elementor-heading-title elementor-size-default\">Pol\u00edcia Civil deflagra opera\u00e7\u00e3o e prende oito traficantes de drogas em Joinville<\/h2>\t\t\t\t<\/div>\n\t\t\t\t<\/div>\n\t\t\t\t\t<\/div>\n\t\t<\/div>\n\t\t\t\t\t<\/div>\n\t\t<\/section>\n\t\t\t\t<section class=\"elementor-section elementor-top-section elementor-element elementor-element-cc4865f elementor-section-boxed elementor-section-height-default elementor-section-height-default\" data-id=\"cc4865f\" data-element_type=\"section\">\n\t\t\t\t\t\t<div class=\"elementor-container elementor-column-gap-default\">\n\t\t\t\t\t<div class=\"elementor-column elementor-col-100 elementor-top-column elementor-element elementor-element-07fcc5c\" data-id=\"07fcc5c\" data-element_type=\"column\">\n\t\t\t<div class=\"elementor-widget-wrap elementor-element-populated\">\n\t\t\t\t\t\t<div class=\"elementor-element elementor-element-cc90e97 elementor-widget elementor-widget-text-editor\" data-id=\"cc90e97\" data-element_type=\"widget\" data-widget_type=\"text-editor.default\">\n\t\t\t\t<div class=\"elementor-widget-container\">\n\t\t\t\t\t\t\t\t\t<p>A Pol\u00edcia Civil de Santa Catarina, por meio da DIC de Joinville, deflagrou opera\u00e7\u00e3o policial com o objetivo de coibir o tr\u00e1fico il\u00edcito de drogas praticado nos munic\u00edpios de Joinville e Araquari.<span style=\"font-family: var( --e-global-typography-primary-font-family ), Sans-serif; font-size: var( --e-global-typography-primary-font-size ); font-weight: var( --e-global-typography-primary-font-weight ); letter-spacing: var( --e-global-typography-primary-letter-spacing );\">&nbsp;<\/span><\/p><p>Durante a opera\u00e7\u00e3o foram cumpridos cinco pris\u00f5es preventivas e 16 mandados de busca e apreens\u00e3o. Al\u00e9m disso, foram realizadas tr\u00eas pris\u00f5es em flagrante delito, em raz\u00e3o do tr\u00e1fico de drogas, porte de muni\u00e7\u00f5es e recepta\u00e7\u00e3o de objetos roubados.<span style=\"font-family: var( --e-global-typography-primary-font-family ), Sans-serif; font-size: var( --e-global-typography-primary-font-size ); font-weight: var( --e-global-typography-primary-font-weight ); letter-spacing: var( --e-global-typography-primary-letter-spacing );\">&nbsp;<\/span><\/p><p>Vale destacar ainda que as investiga\u00e7\u00f5es continuam nesta unidade de Pol\u00edcia Judici\u00e1ria, a fim de trazer a completa elucida\u00e7\u00e3o dos casos e o encaminhamento dos respons\u00e1veis \u00e0 Justi\u00e7a Criminal desta Comarca.<\/p>\t\t\t\t\t\t\t\t<\/div>\n\t\t\t\t<\/div>\n\t\t\t\t\t<\/div>\n\t\t<\/div>\n\t\t\t\t\t<\/div>\n\t\t<\/section>\n\t\t\t\t<section class=\"elementor-section elementor-top-section elementor-element elementor-element-15d2cd5 elementor-section-boxed elementor-section-height-default elementor-section-height-default\" data-id=\"15d2cd5\" data-element_type=\"section\">\n\t\t\t\t\t\t<div class=\"elementor-container elementor-column-gap-default\">\n\t\t\t\t\t<div class=\"elementor-column elementor-col-100 elementor-top-column elementor-element elementor-element-9333bfe\" data-id=\"9333bfe\" data-element_type=\"column\">\n\t\t\t<div class=\"elementor-widget-wrap elementor-element-populated\">\n\t\t\t\t\t\t<div class=\"elementor-element elementor-element-ac4ef58 elementor-widget elementor-widget-image\" data-id=\"ac4ef58\" data-element_type=\"widget\" data-widget_type=\"image.default\">\n\t\t\t\t<div class=\"elementor-widget-container\">\n\t\t\t\t\t\t\t\t\t\t\t\t\t\t\t<img decoding=\"async\" src=\"https:\/\/pc.sc.gov.br\/\/wp-content\/uploads\/2023\/08\/dic-joinville-7.jpeg\" title=\"dic joinville (7)\" alt=\"dic joinville (7)\" loading=\"lazy\" \/>\t\t\t\t\t\t\t\t\t\t\t\t\t\t\t<\/div>\n\t\t\t\t<\/div>\n\t\t\t\t\t<\/div>\n\t\t<\/div>\n\t\t\t\t\t<\/div>\n\t\t<\/section>\n\t\t\t\t<\/div>\n\t\t","protected":false},"excerpt":{"rendered":"<p>Pol\u00edcia Civil deflagra opera\u00e7\u00e3o e prende oito traficantes de drogas em Joinville A Pol\u00edcia Civil de Santa Catarina, por meio da DIC de Joinville, deflagrou opera\u00e7\u00e3o policial com o objetivo de coibir o tr\u00e1fico il\u00edcito de drogas praticado nos munic\u00edpios de Joinville e Araquari.&nbsp; Durante a opera\u00e7\u00e3o foram cumpridos cinco pris\u00f5es preventivas e 16 mandados [&hellip;]<\/p>\n","protected":false},"author":5,"featured_media":12318,"comment_status":"closed","ping_status":"open","sticky":false,"template":"","format":"standard","meta":{"_monsterinsights_skip_tracking":false,"_monsterinsights_sitenote_active":false,"_monsterinsights_sitenote_note":"","_monsterinsights_sitenote_category":0,"footnotes":""},"categories":[1],"tags":[],"class_list":["post-12317","post","type-post","status-publish","format-standard","has-post-thumbnail","hentry","category-sem-categoria"],"_links":{"self":[{"href":"https:\/\/pc.sc.gov.br\/index.php?rest_route=\/wp\/v2\/posts\/12317","targetHints":{"allow":["GET"]}}],"collection":[{"href":"https:\/\/pc.sc.gov.br\/index.php?rest_route=\/wp\/v2\/posts"}],"about":[{"href":"https:\/\/pc.sc.gov.br\/index.php?rest_route=\/wp\/v2\/types\/post"}],"author":[{"embeddable":true,"href":"https:\/\/pc.sc.gov.br\/index.php?rest_route=\/wp\/v2\/users\/5"}],"replies":[{"embeddable":true,"href":"https:\/\/pc.sc.gov.br\/index.php?rest_route=%2Fwp%2Fv2%2Fcomments&post=12317"}],"version-history":[{"count":7,"href":"https:\/\/pc.sc.gov.br\/index.php?rest_route=\/wp\/v2\/posts\/12317\/revisions"}],"predecessor-version":[{"id":12326,"href":"https:\/\/pc.sc.gov.br\/index.php?rest_route=\/wp\/v2\/posts\/12317\/revisions\/12326"}],"wp:featuredmedia":[{"embeddable":true,"href":"https:\/\/pc.sc.gov.br\/index.php?rest_route=\/wp\/v2\/media\/12318"}],"wp:attachment":[{"href":"https:\/\/pc.sc.gov.br\/index.php?rest_route=%2Fwp%2Fv2%2Fmedia&parent=12317"}],"wp:term":[{"taxonomy":"category","embeddable":true,"href":"https:\/\/pc.sc.gov.br\/index.php?rest_route=%2Fwp%2Fv2%2Fcategories&post=12317"},{"taxonomy":"post_tag","embeddable":true,"href":"https:\/\/pc.sc.gov.br\/index.php?rest_route=%2Fwp%2Fv2%2Ftags&post=12317"}],"curies":[{"name":"wp","href":"https:\/\/api.w.org\/{rel}","templated":true}]}}