{"id":12327,"date":"2023-08-08T18:04:26","date_gmt":"2023-08-08T21:04:26","guid":{"rendered":"https:\/\/pc.sc.gov.br\/?p=12327"},"modified":"2023-08-08T18:06:02","modified_gmt":"2023-08-08T21:06:02","slug":"policia-civil-prende-homem-preventivamente-por-incendio-criminoso-em-xanxere","status":"publish","type":"post","link":"https:\/\/pc.sc.gov.br\/?p=12327","title":{"rendered":"Pol\u00edcia Civil prende homem preventivamente por inc\u00eandio criminoso em Xanxer\u00ea"},"content":{"rendered":"\t\t<div data-elementor-type=\"wp-post\" data-elementor-id=\"12327\" class=\"elementor elementor-12327\" data-elementor-post-type=\"post\">\n\t\t\t\t\t\t<section class=\"elementor-section elementor-top-section elementor-element elementor-element-967f9b4 elementor-section-boxed elementor-section-height-default elementor-section-height-default\" data-id=\"967f9b4\" data-element_type=\"section\">\n\t\t\t\t\t\t<div class=\"elementor-container elementor-column-gap-default\">\n\t\t\t\t\t<div class=\"elementor-column elementor-col-100 elementor-top-column elementor-element elementor-element-7f0e140\" data-id=\"7f0e140\" data-element_type=\"column\">\n\t\t\t<div class=\"elementor-widget-wrap elementor-element-populated\">\n\t\t\t\t\t\t<div class=\"elementor-element elementor-element-b9e0aa5 elementor-widget elementor-widget-heading\" data-id=\"b9e0aa5\" data-element_type=\"widget\" data-widget_type=\"heading.default\">\n\t\t\t\t<div class=\"elementor-widget-container\">\n\t\t\t\t\t<h2 class=\"elementor-heading-title elementor-size-default\">Pol\u00edcia Civil prende homem preventivamente por inc\u00eandio criminoso em Xanxer\u00ea<\/h2>\t\t\t\t<\/div>\n\t\t\t\t<\/div>\n\t\t\t\t\t<\/div>\n\t\t<\/div>\n\t\t\t\t\t<\/div>\n\t\t<\/section>\n\t\t\t\t<section class=\"elementor-section elementor-top-section elementor-element elementor-element-6606814 elementor-section-boxed elementor-section-height-default elementor-section-height-default\" data-id=\"6606814\" data-element_type=\"section\">\n\t\t\t\t\t\t<div class=\"elementor-container elementor-column-gap-default\">\n\t\t\t\t\t<div class=\"elementor-column elementor-col-100 elementor-top-column elementor-element elementor-element-177d181\" data-id=\"177d181\" data-element_type=\"column\">\n\t\t\t<div class=\"elementor-widget-wrap elementor-element-populated\">\n\t\t\t\t\t\t<div class=\"elementor-element elementor-element-20e9b29 elementor-widget elementor-widget-image\" data-id=\"20e9b29\" data-element_type=\"widget\" data-widget_type=\"image.default\">\n\t\t\t\t<div class=\"elementor-widget-container\">\n\t\t\t\t\t\t\t\t\t\t\t\t\t\t\t<img fetchpriority=\"high\" decoding=\"async\" width=\"696\" height=\"522\" src=\"https:\/\/pc.sc.gov.br\/\/wp-content\/uploads\/2023\/08\/WhatsApp-Image-2023-08-08-at-18.01.49-1024x768.jpeg\" class=\"attachment-large size-large wp-image-12328\" alt=\"\" srcset=\"https:\/\/pc.sc.gov.br\/\/wp-content\/uploads\/2023\/08\/WhatsApp-Image-2023-08-08-at-18.01.49-1024x768.jpeg 1024w, https:\/\/pc.sc.gov.br\/\/wp-content\/uploads\/2023\/08\/WhatsApp-Image-2023-08-08-at-18.01.49-300x225.jpeg 300w, https:\/\/pc.sc.gov.br\/\/wp-content\/uploads\/2023\/08\/WhatsApp-Image-2023-08-08-at-18.01.49-768x576.jpeg 768w, https:\/\/pc.sc.gov.br\/\/wp-content\/uploads\/2023\/08\/WhatsApp-Image-2023-08-08-at-18.01.49.jpeg 1280w\" sizes=\"(max-width: 696px) 100vw, 696px\" \/>\t\t\t\t\t\t\t\t\t\t\t\t\t\t\t<\/div>\n\t\t\t\t<\/div>\n\t\t\t\t\t<\/div>\n\t\t<\/div>\n\t\t\t\t\t<\/div>\n\t\t<\/section>\n\t\t\t\t<section class=\"elementor-section elementor-top-section elementor-element elementor-element-e28fdc3 elementor-section-boxed elementor-section-height-default elementor-section-height-default\" data-id=\"e28fdc3\" data-element_type=\"section\">\n\t\t\t\t\t\t<div class=\"elementor-container elementor-column-gap-default\">\n\t\t\t\t\t<div class=\"elementor-column elementor-col-100 elementor-top-column elementor-element elementor-element-a5f669c\" data-id=\"a5f669c\" data-element_type=\"column\">\n\t\t\t<div class=\"elementor-widget-wrap elementor-element-populated\">\n\t\t\t\t\t\t<div class=\"elementor-element elementor-element-44ce377 elementor-widget elementor-widget-text-editor\" data-id=\"44ce377\" data-element_type=\"widget\" data-widget_type=\"text-editor.default\">\n\t\t\t\t<div class=\"elementor-widget-container\">\n\t\t\t\t\t\t\t\t\t<p>A Pol\u00edcia Civil de Xanxer\u00ea, por meio da Delegacia de Pol\u00edcia de Prote\u00e7\u00e3o \u00e0 Crian\u00e7a, Adolescente, Mulher e Idoso de Xanxer\u00ea, com apoio do Setor de Investiga\u00e7\u00e3o da Comarca de Xanxer\u00ea, cumpriu na tarde desta ter\u00e7a-feira (08), no bairro Santos Dias, um mandado de pris\u00e3o preventiva.<\/p><p>O mandado foi expedido pelo Poder Judici\u00e1rio de Xanxer\u00ea em desfavor de um homem de 25 anos ap\u00f3s representa\u00e7\u00e3o da autoridade policial, que identificou no decorrer de um Inqu\u00e9rito Policial que apurava situa\u00e7\u00f5es de viol\u00eancia dom\u00e9stica que o suspeito teria ateado fogo no im\u00f3vel que havia alugado e que residia com sua fam\u00edlia, crime este capitulado no art. 250, \u00a7 1\u00ba, II, do C\u00f3digo Penal.&nbsp;<\/p><p><span style=\"font-family: var( --e-global-typography-primary-font-family ), Sans-serif; font-size: var( --e-global-typography-primary-font-size ); font-weight: var( --e-global-typography-primary-font-weight ); letter-spacing: var( --e-global-typography-primary-letter-spacing );\">As investiga\u00e7\u00f5es apontaram que ap\u00f3s discuss\u00f5es entre o investigado e sua companheira, o mesmo agia de forma vingativa, amea\u00e7ando e executando o inc\u00eandio, mesmo com a presen\u00e7a de esposa e filhos na habita\u00e7\u00e3o.<\/span><\/p><p>Ap\u00f3s procedimentos legais na Delegacia de Pol\u00edcia, o homem foi encaminhado ao Pres\u00eddio Regional de Xanxer\u00ea.<\/p>\t\t\t\t\t\t\t\t<\/div>\n\t\t\t\t<\/div>\n\t\t\t\t\t<\/div>\n\t\t<\/div>\n\t\t\t\t\t<\/div>\n\t\t<\/section>\n\t\t\t\t<\/div>\n\t\t","protected":false},"excerpt":{"rendered":"<p>Pol\u00edcia Civil prende homem preventivamente por inc\u00eandio criminoso em Xanxer\u00ea A Pol\u00edcia Civil de Xanxer\u00ea, por meio da Delegacia de Pol\u00edcia de Prote\u00e7\u00e3o \u00e0 Crian\u00e7a, Adolescente, Mulher e Idoso de Xanxer\u00ea, com apoio do Setor de Investiga\u00e7\u00e3o da Comarca de Xanxer\u00ea, cumpriu na tarde desta ter\u00e7a-feira (08), no bairro Santos Dias, um mandado de pris\u00e3o [&hellip;]<\/p>\n","protected":false},"author":5,"featured_media":12328,"comment_status":"closed","ping_status":"open","sticky":false,"template":"","format":"standard","meta":{"_monsterinsights_skip_tracking":false,"_monsterinsights_sitenote_active":false,"_monsterinsights_sitenote_note":"","_monsterinsights_sitenote_category":0,"footnotes":""},"categories":[1],"tags":[],"class_list":["post-12327","post","type-post","status-publish","format-standard","has-post-thumbnail","hentry","category-sem-categoria"],"_links":{"self":[{"href":"https:\/\/pc.sc.gov.br\/index.php?rest_route=\/wp\/v2\/posts\/12327","targetHints":{"allow":["GET"]}}],"collection":[{"href":"https:\/\/pc.sc.gov.br\/index.php?rest_route=\/wp\/v2\/posts"}],"about":[{"href":"https:\/\/pc.sc.gov.br\/index.php?rest_route=\/wp\/v2\/types\/post"}],"author":[{"embeddable":true,"href":"https:\/\/pc.sc.gov.br\/index.php?rest_route=\/wp\/v2\/users\/5"}],"replies":[{"embeddable":true,"href":"https:\/\/pc.sc.gov.br\/index.php?rest_route=%2Fwp%2Fv2%2Fcomments&post=12327"}],"version-history":[{"count":4,"href":"https:\/\/pc.sc.gov.br\/index.php?rest_route=\/wp\/v2\/posts\/12327\/revisions"}],"predecessor-version":[{"id":12332,"href":"https:\/\/pc.sc.gov.br\/index.php?rest_route=\/wp\/v2\/posts\/12327\/revisions\/12332"}],"wp:featuredmedia":[{"embeddable":true,"href":"https:\/\/pc.sc.gov.br\/index.php?rest_route=\/wp\/v2\/media\/12328"}],"wp:attachment":[{"href":"https:\/\/pc.sc.gov.br\/index.php?rest_route=%2Fwp%2Fv2%2Fmedia&parent=12327"}],"wp:term":[{"taxonomy":"category","embeddable":true,"href":"https:\/\/pc.sc.gov.br\/index.php?rest_route=%2Fwp%2Fv2%2Fcategories&post=12327"},{"taxonomy":"post_tag","embeddable":true,"href":"https:\/\/pc.sc.gov.br\/index.php?rest_route=%2Fwp%2Fv2%2Ftags&post=12327"}],"curies":[{"name":"wp","href":"https:\/\/api.w.org\/{rel}","templated":true}]}}