{"id":12360,"date":"2023-08-09T18:29:52","date_gmt":"2023-08-09T21:29:52","guid":{"rendered":"https:\/\/pc.sc.gov.br\/?p=12360"},"modified":"2023-08-09T18:31:43","modified_gmt":"2023-08-09T21:31:43","slug":"em-lages-policia-civil-efetua-prisao-de-advogado-investigado-por-integrar-organizacao-criminosa-que-atua-em-santa-catarina","status":"publish","type":"post","link":"https:\/\/pc.sc.gov.br\/?p=12360","title":{"rendered":"Em Lages, Pol\u00edcia Civil efetua pris\u00e3o de advogado investigado por integrar organiza\u00e7\u00e3o criminosa que atua em Santa Catarina"},"content":{"rendered":"\t\t<div data-elementor-type=\"wp-post\" data-elementor-id=\"12360\" class=\"elementor elementor-12360\" data-elementor-post-type=\"post\">\n\t\t\t\t\t\t<section class=\"elementor-section elementor-top-section elementor-element elementor-element-a9831d6 elementor-section-boxed elementor-section-height-default elementor-section-height-default\" data-id=\"a9831d6\" data-element_type=\"section\">\n\t\t\t\t\t\t<div class=\"elementor-container elementor-column-gap-default\">\n\t\t\t\t\t<div class=\"elementor-column elementor-col-100 elementor-top-column elementor-element elementor-element-64e41ac\" data-id=\"64e41ac\" data-element_type=\"column\">\n\t\t\t<div class=\"elementor-widget-wrap elementor-element-populated\">\n\t\t\t\t\t\t<div class=\"elementor-element elementor-element-6b8ed11 elementor-widget elementor-widget-heading\" data-id=\"6b8ed11\" data-element_type=\"widget\" data-widget_type=\"heading.default\">\n\t\t\t\t<div class=\"elementor-widget-container\">\n\t\t\t\t\t<h2 class=\"elementor-heading-title elementor-size-default\">Em Lages, Pol\u00edcia Civil efetua pris\u00e3o de advogado investigado por integrar organiza\u00e7\u00e3o criminosa que atua em Santa Catarina<\/h2>\t\t\t\t<\/div>\n\t\t\t\t<\/div>\n\t\t\t\t\t<\/div>\n\t\t<\/div>\n\t\t\t\t\t<\/div>\n\t\t<\/section>\n\t\t\t\t<section class=\"elementor-section elementor-top-section elementor-element elementor-element-1a8aa25 elementor-section-boxed elementor-section-height-default elementor-section-height-default\" data-id=\"1a8aa25\" data-element_type=\"section\">\n\t\t\t\t\t\t<div class=\"elementor-container elementor-column-gap-default\">\n\t\t\t\t\t<div class=\"elementor-column elementor-col-100 elementor-top-column elementor-element elementor-element-b0a623e\" data-id=\"b0a623e\" data-element_type=\"column\">\n\t\t\t<div class=\"elementor-widget-wrap elementor-element-populated\">\n\t\t\t\t\t\t<div class=\"elementor-element elementor-element-05636fa elementor-widget elementor-widget-image\" data-id=\"05636fa\" data-element_type=\"widget\" data-widget_type=\"image.default\">\n\t\t\t\t<div class=\"elementor-widget-container\">\n\t\t\t\t\t\t\t\t\t\t\t\t\t\t\t<img fetchpriority=\"high\" decoding=\"async\" width=\"696\" height=\"572\" src=\"https:\/\/pc.sc.gov.br\/\/wp-content\/uploads\/2023\/05\/DIC_-VIATURA002-1-e1755804371945.jpg\" class=\"attachment-large size-large wp-image-9846\" alt=\"\" srcset=\"https:\/\/pc.sc.gov.br\/\/wp-content\/uploads\/2023\/05\/DIC_-VIATURA002-1-e1755804371945.jpg 938w, https:\/\/pc.sc.gov.br\/\/wp-content\/uploads\/2023\/05\/DIC_-VIATURA002-1-e1755804371945-300x247.jpg 300w, https:\/\/pc.sc.gov.br\/\/wp-content\/uploads\/2023\/05\/DIC_-VIATURA002-1-e1755804371945-768x631.jpg 768w\" sizes=\"(max-width: 696px) 100vw, 696px\" \/>\t\t\t\t\t\t\t\t\t\t\t\t\t\t\t<\/div>\n\t\t\t\t<\/div>\n\t\t\t\t\t<\/div>\n\t\t<\/div>\n\t\t\t\t\t<\/div>\n\t\t<\/section>\n\t\t\t\t<section class=\"elementor-section elementor-top-section elementor-element elementor-element-fb744cd elementor-section-boxed elementor-section-height-default elementor-section-height-default\" data-id=\"fb744cd\" data-element_type=\"section\">\n\t\t\t\t\t\t<div class=\"elementor-container elementor-column-gap-default\">\n\t\t\t\t\t<div class=\"elementor-column elementor-col-100 elementor-top-column elementor-element elementor-element-75bdf11\" data-id=\"75bdf11\" data-element_type=\"column\">\n\t\t\t<div class=\"elementor-widget-wrap elementor-element-populated\">\n\t\t\t\t\t\t<div class=\"elementor-element elementor-element-5881ad2 elementor-widget elementor-widget-text-editor\" data-id=\"5881ad2\" data-element_type=\"widget\" data-widget_type=\"text-editor.default\">\n\t\t\t\t<div class=\"elementor-widget-container\">\n\t\t\t\t\t\t\t\t\t<p>A Pol\u00edcia Civil, por meio da Divis\u00e3o de Investiga\u00e7\u00e3o Criminal (DIC) de Lages, desencadeou, na ter\u00e7a-feira (08), a segunda fase da Opera\u00e7\u00e3o Gravata. Um advogado investigado por integrar uma organiza\u00e7\u00e3o criminosa que atua no Estado de Santa Catarina foi preso.&nbsp;<span style=\"font-family: var( --e-global-typography-primary-font-family ), Sans-serif; font-size: var( --e-global-typography-primary-font-size ); font-weight: var( --e-global-typography-primary-font-weight ); letter-spacing: var( --e-global-typography-primary-letter-spacing );\">A Opera\u00e7\u00e3o Gravata \u00e9 decorrente de uma s\u00e9rie de investiga\u00e7\u00f5es conduzidas pela DIC de Lages que identificou integrantes desta organiza\u00e7\u00e3o criminosa que atuam como bra\u00e7o jur\u00eddico da fac\u00e7\u00e3o criminosa.<\/span><\/p>\n<p>As investiga\u00e7\u00f5es apontaram que o investigado, al\u00e9m de atuar na defesa de integrantes da organiza\u00e7\u00e3o criminosa, tamb\u00e9m tinha atribui\u00e7\u00f5es de manter os membros da fac\u00e7\u00e3o informados acerca do andamento de processos de outros presos; identificar desafetos e testemunhas que poderiam prejudicar os interesses do grupo criminoso; e manipular provas, criando situa\u00e7\u00f5es para que policiais, civis, militares e penais que atuavam nos casos, fossem acusados e respondessem a processos nas corregedorias.&nbsp;&nbsp;<\/p>\n<p>Inclusive h\u00e1 suspeita de que uma foto feita pelo advogado, durante o depoimento de uma pessoa que resultou na pris\u00e3o de criminosos, apreens\u00e3o de drogas e explosivos chegou ao comando do grupo que teria \u201cdecretado\u201d a morte dessa pessoa.<\/p>\n<p>A fase dois da Opera\u00e7\u00e3o foi conclu\u00edda e 16 integrantes identificados, dentre eles, o advogado, sendo oferecida den\u00fancia pelo Minist\u00e9rio P\u00fablico e decretada sua pris\u00e3o pelo Poder Judici\u00e1rio.<\/p>\n<p>Ap\u00f3s a pris\u00e3o, que contou com o acompanhamento de um representante da OAB local, o investigado foi levado at\u00e9 a DIC de Lages. Depois de formalizados os procedimentos legais, encaminhado para o Pres\u00eddio Masculino de Lages, onde ficar\u00e1 \u00e0 disposi\u00e7\u00e3o da Justi\u00e7a.<span style=\"color: var( --e-global-color-text ); font-family: var( --e-global-typography-primary-font-family ), Sans-serif; font-size: var( --e-global-typography-primary-font-size ); font-weight: var( --e-global-typography-primary-font-weight ); letter-spacing: var( --e-global-typography-primary-letter-spacing );\">&nbsp;<\/span><\/p>\t\t\t\t\t\t\t\t<\/div>\n\t\t\t\t<\/div>\n\t\t\t\t\t<\/div>\n\t\t<\/div>\n\t\t\t\t\t<\/div>\n\t\t<\/section>\n\t\t\t\t<\/div>\n\t\t","protected":false},"excerpt":{"rendered":"<p>Em Lages, Pol\u00edcia Civil efetua pris\u00e3o de advogado investigado por integrar organiza\u00e7\u00e3o criminosa que atua em Santa Catarina A Pol\u00edcia Civil, por meio da Divis\u00e3o de Investiga\u00e7\u00e3o Criminal (DIC) de Lages, desencadeou, na ter\u00e7a-feira (08), a segunda fase da Opera\u00e7\u00e3o Gravata. Um advogado investigado por integrar uma organiza\u00e7\u00e3o criminosa que atua no Estado de Santa [&hellip;]<\/p>\n","protected":false},"author":5,"featured_media":9847,"comment_status":"closed","ping_status":"open","sticky":false,"template":"","format":"standard","meta":{"_monsterinsights_skip_tracking":false,"_monsterinsights_sitenote_active":false,"_monsterinsights_sitenote_note":"","_monsterinsights_sitenote_category":0,"footnotes":""},"categories":[1],"tags":[],"class_list":["post-12360","post","type-post","status-publish","format-standard","has-post-thumbnail","hentry","category-sem-categoria"],"_links":{"self":[{"href":"https:\/\/pc.sc.gov.br\/index.php?rest_route=\/wp\/v2\/posts\/12360","targetHints":{"allow":["GET"]}}],"collection":[{"href":"https:\/\/pc.sc.gov.br\/index.php?rest_route=\/wp\/v2\/posts"}],"about":[{"href":"https:\/\/pc.sc.gov.br\/index.php?rest_route=\/wp\/v2\/types\/post"}],"author":[{"embeddable":true,"href":"https:\/\/pc.sc.gov.br\/index.php?rest_route=\/wp\/v2\/users\/5"}],"replies":[{"embeddable":true,"href":"https:\/\/pc.sc.gov.br\/index.php?rest_route=%2Fwp%2Fv2%2Fcomments&post=12360"}],"version-history":[{"count":7,"href":"https:\/\/pc.sc.gov.br\/index.php?rest_route=\/wp\/v2\/posts\/12360\/revisions"}],"predecessor-version":[{"id":12367,"href":"https:\/\/pc.sc.gov.br\/index.php?rest_route=\/wp\/v2\/posts\/12360\/revisions\/12367"}],"wp:featuredmedia":[{"embeddable":true,"href":"https:\/\/pc.sc.gov.br\/index.php?rest_route=\/wp\/v2\/media\/9847"}],"wp:attachment":[{"href":"https:\/\/pc.sc.gov.br\/index.php?rest_route=%2Fwp%2Fv2%2Fmedia&parent=12360"}],"wp:term":[{"taxonomy":"category","embeddable":true,"href":"https:\/\/pc.sc.gov.br\/index.php?rest_route=%2Fwp%2Fv2%2Fcategories&post=12360"},{"taxonomy":"post_tag","embeddable":true,"href":"https:\/\/pc.sc.gov.br\/index.php?rest_route=%2Fwp%2Fv2%2Ftags&post=12360"}],"curies":[{"name":"wp","href":"https:\/\/api.w.org\/{rel}","templated":true}]}}