{"id":12383,"date":"2023-08-10T13:48:29","date_gmt":"2023-08-10T16:48:29","guid":{"rendered":"https:\/\/pc.sc.gov.br\/?p=12383"},"modified":"2023-08-10T13:50:12","modified_gmt":"2023-08-10T16:50:12","slug":"em-brusque-policia-civil-de-navegantes-localiza-e-prende-traficante-foragido-do-rio-grande-do-sul","status":"publish","type":"post","link":"https:\/\/pc.sc.gov.br\/?p=12383","title":{"rendered":"Em Brusque, Pol\u00edcia Civil de Navegantes localiza e prende traficante foragido do Rio Grande do Sul"},"content":{"rendered":"\t\t<div data-elementor-type=\"wp-post\" data-elementor-id=\"12383\" class=\"elementor elementor-12383\" data-elementor-post-type=\"post\">\n\t\t\t\t\t\t<section class=\"elementor-section elementor-top-section elementor-element elementor-element-a0451f6 elementor-section-boxed elementor-section-height-default elementor-section-height-default\" data-id=\"a0451f6\" data-element_type=\"section\">\n\t\t\t\t\t\t<div class=\"elementor-container elementor-column-gap-default\">\n\t\t\t\t\t<div class=\"elementor-column elementor-col-100 elementor-top-column elementor-element elementor-element-e482987\" data-id=\"e482987\" data-element_type=\"column\">\n\t\t\t<div class=\"elementor-widget-wrap elementor-element-populated\">\n\t\t\t\t\t\t<div class=\"elementor-element elementor-element-cfff406 elementor-widget elementor-widget-heading\" data-id=\"cfff406\" data-element_type=\"widget\" data-widget_type=\"heading.default\">\n\t\t\t\t<div class=\"elementor-widget-container\">\n\t\t\t\t\t<h2 class=\"elementor-heading-title elementor-size-default\">Em Brusque, Pol\u00edcia Civil de Navegantes localiza e prende traficante foragido do Rio Grande do Sul<\/h2>\t\t\t\t<\/div>\n\t\t\t\t<\/div>\n\t\t\t\t\t<\/div>\n\t\t<\/div>\n\t\t\t\t\t<\/div>\n\t\t<\/section>\n\t\t\t\t<section class=\"elementor-section elementor-top-section elementor-element elementor-element-c2a87c1 elementor-section-boxed elementor-section-height-default elementor-section-height-default\" data-id=\"c2a87c1\" data-element_type=\"section\">\n\t\t\t\t\t\t<div class=\"elementor-container elementor-column-gap-default\">\n\t\t\t\t\t<div class=\"elementor-column elementor-col-100 elementor-top-column elementor-element elementor-element-a54c0ac\" data-id=\"a54c0ac\" data-element_type=\"column\">\n\t\t\t<div class=\"elementor-widget-wrap elementor-element-populated\">\n\t\t\t\t\t\t<div class=\"elementor-element elementor-element-4fd900f elementor-widget elementor-widget-image\" data-id=\"4fd900f\" data-element_type=\"widget\" data-widget_type=\"image.default\">\n\t\t\t\t<div class=\"elementor-widget-container\">\n\t\t\t\t\t\t\t\t\t\t\t\t\t\t\t<img fetchpriority=\"high\" decoding=\"async\" width=\"696\" height=\"452\" src=\"https:\/\/pc.sc.gov.br\/\/wp-content\/uploads\/2023\/08\/TRAFICA-RS-1024x665.jpeg\" class=\"attachment-large size-large wp-image-12384\" alt=\"\" srcset=\"https:\/\/pc.sc.gov.br\/\/wp-content\/uploads\/2023\/08\/TRAFICA-RS-1024x665.jpeg 1024w, https:\/\/pc.sc.gov.br\/\/wp-content\/uploads\/2023\/08\/TRAFICA-RS-300x195.jpeg 300w, https:\/\/pc.sc.gov.br\/\/wp-content\/uploads\/2023\/08\/TRAFICA-RS-768x498.jpeg 768w, https:\/\/pc.sc.gov.br\/\/wp-content\/uploads\/2023\/08\/TRAFICA-RS.jpeg 1080w\" sizes=\"(max-width: 696px) 100vw, 696px\" \/>\t\t\t\t\t\t\t\t\t\t\t\t\t\t\t<\/div>\n\t\t\t\t<\/div>\n\t\t\t\t\t<\/div>\n\t\t<\/div>\n\t\t\t\t\t<\/div>\n\t\t<\/section>\n\t\t\t\t<section class=\"elementor-section elementor-top-section elementor-element elementor-element-81169b3 elementor-section-boxed elementor-section-height-default elementor-section-height-default\" data-id=\"81169b3\" data-element_type=\"section\">\n\t\t\t\t\t\t<div class=\"elementor-container elementor-column-gap-default\">\n\t\t\t\t\t<div class=\"elementor-column elementor-col-100 elementor-top-column elementor-element elementor-element-9278447\" data-id=\"9278447\" data-element_type=\"column\">\n\t\t\t<div class=\"elementor-widget-wrap elementor-element-populated\">\n\t\t\t\t\t\t<div class=\"elementor-element elementor-element-c0bc91f elementor-widget elementor-widget-text-editor\" data-id=\"c0bc91f\" data-element_type=\"widget\" data-widget_type=\"text-editor.default\">\n\t\t\t\t<div class=\"elementor-widget-container\">\n\t\t\t\t\t\t\t\t\t<p>A Pol\u00edcia Civil de Santa Catarina, por meio da DPCo de Navegantes e da Diretoria Estadual de Investiga\u00e7\u00f5es Criminais (DEIC), deu cumprimento na quarta-feira (09) a mandado de pris\u00e3o em desfavor de indiv\u00edduo que estava foragido, ap\u00f3s ser condenado por tr\u00e1fico de drogas, no Rio Grande do Sul.<\/p>\n<p>A captura foi realizada ap\u00f3s troca de informa\u00e7\u00f5es entre policiais civis de Itaja\u00ed e da DEIC, sendo deflagrada uma s\u00e9rie de dilig\u00eancias que possibilitaram localiz\u00e1-lo e dar cumprimento \u00e0 referida ordem judicial.&nbsp;<span style=\"font-family: var( --e-global-typography-text-font-family ), Sans-serif; font-size: var( --e-global-typography-text-font-size );\">O indiv\u00edduo estava escondido em Brusque e j\u00e1 possu\u00eda outra condena\u00e7\u00e3o por roubo, denotando o seu alto grau de periculosidade.<\/span><\/p>\n<p>Ap\u00f3s os procedimentos de praxe, o investigado foi encaminhado ao Complexo Penitenci\u00e1rio do Vale do Itaja\u00ed, onde permanecer\u00e1 \u00e0 disposi\u00e7\u00e3o da Justi\u00e7a.<span style=\"color: var( --e-global-color-text ); font-family: var( --e-global-typography-primary-font-family ), Sans-serif; font-size: var( --e-global-typography-primary-font-size ); font-weight: var( --e-global-typography-primary-font-weight ); letter-spacing: var( --e-global-typography-primary-letter-spacing );\">&nbsp;<\/span><\/p>\t\t\t\t\t\t\t\t<\/div>\n\t\t\t\t<\/div>\n\t\t\t\t\t<\/div>\n\t\t<\/div>\n\t\t\t\t\t<\/div>\n\t\t<\/section>\n\t\t\t\t<\/div>\n\t\t","protected":false},"excerpt":{"rendered":"<p>Em Brusque, Pol\u00edcia Civil de Navegantes localiza e prende traficante foragido do Rio Grande do Sul A Pol\u00edcia Civil de Santa Catarina, por meio da DPCo de Navegantes e da Diretoria Estadual de Investiga\u00e7\u00f5es Criminais (DEIC), deu cumprimento na quarta-feira (09) a mandado de pris\u00e3o em desfavor de indiv\u00edduo que estava foragido, ap\u00f3s ser condenado [&hellip;]<\/p>\n","protected":false},"author":5,"featured_media":12384,"comment_status":"closed","ping_status":"open","sticky":false,"template":"","format":"standard","meta":{"_monsterinsights_skip_tracking":false,"_monsterinsights_sitenote_active":false,"_monsterinsights_sitenote_note":"","_monsterinsights_sitenote_category":0,"footnotes":""},"categories":[1],"tags":[],"class_list":["post-12383","post","type-post","status-publish","format-standard","has-post-thumbnail","hentry","category-sem-categoria"],"_links":{"self":[{"href":"https:\/\/pc.sc.gov.br\/index.php?rest_route=\/wp\/v2\/posts\/12383","targetHints":{"allow":["GET"]}}],"collection":[{"href":"https:\/\/pc.sc.gov.br\/index.php?rest_route=\/wp\/v2\/posts"}],"about":[{"href":"https:\/\/pc.sc.gov.br\/index.php?rest_route=\/wp\/v2\/types\/post"}],"author":[{"embeddable":true,"href":"https:\/\/pc.sc.gov.br\/index.php?rest_route=\/wp\/v2\/users\/5"}],"replies":[{"embeddable":true,"href":"https:\/\/pc.sc.gov.br\/index.php?rest_route=%2Fwp%2Fv2%2Fcomments&post=12383"}],"version-history":[{"count":4,"href":"https:\/\/pc.sc.gov.br\/index.php?rest_route=\/wp\/v2\/posts\/12383\/revisions"}],"predecessor-version":[{"id":12388,"href":"https:\/\/pc.sc.gov.br\/index.php?rest_route=\/wp\/v2\/posts\/12383\/revisions\/12388"}],"wp:featuredmedia":[{"embeddable":true,"href":"https:\/\/pc.sc.gov.br\/index.php?rest_route=\/wp\/v2\/media\/12384"}],"wp:attachment":[{"href":"https:\/\/pc.sc.gov.br\/index.php?rest_route=%2Fwp%2Fv2%2Fmedia&parent=12383"}],"wp:term":[{"taxonomy":"category","embeddable":true,"href":"https:\/\/pc.sc.gov.br\/index.php?rest_route=%2Fwp%2Fv2%2Fcategories&post=12383"},{"taxonomy":"post_tag","embeddable":true,"href":"https:\/\/pc.sc.gov.br\/index.php?rest_route=%2Fwp%2Fv2%2Ftags&post=12383"}],"curies":[{"name":"wp","href":"https:\/\/api.w.org\/{rel}","templated":true}]}}