{"id":12389,"date":"2023-08-10T14:16:37","date_gmt":"2023-08-10T17:16:37","guid":{"rendered":"https:\/\/pc.sc.gov.br\/?p=12389"},"modified":"2023-08-10T14:20:49","modified_gmt":"2023-08-10T17:20:49","slug":"policia-civil-monitora-e-prende-homem-por-furto-de-combustivel-de-prefeitura-de-campo-alegre","status":"publish","type":"post","link":"https:\/\/pc.sc.gov.br\/?p=12389","title":{"rendered":"Pol\u00edcia Civil monitora e prende homem por furto de combust\u00edvel da prefeitura de Campo Alegre"},"content":{"rendered":"\t\t<div data-elementor-type=\"wp-post\" data-elementor-id=\"12389\" class=\"elementor elementor-12389\" data-elementor-post-type=\"post\">\n\t\t\t\t\t\t<section class=\"elementor-section elementor-top-section elementor-element elementor-element-99093c5 elementor-section-boxed elementor-section-height-default elementor-section-height-default\" data-id=\"99093c5\" data-element_type=\"section\">\n\t\t\t\t\t\t<div class=\"elementor-container elementor-column-gap-default\">\n\t\t\t\t\t<div class=\"elementor-column elementor-col-100 elementor-top-column elementor-element elementor-element-0806c87\" data-id=\"0806c87\" data-element_type=\"column\">\n\t\t\t<div class=\"elementor-widget-wrap elementor-element-populated\">\n\t\t\t\t\t\t<div class=\"elementor-element elementor-element-22ce835 elementor-widget elementor-widget-heading\" data-id=\"22ce835\" data-element_type=\"widget\" data-widget_type=\"heading.default\">\n\t\t\t\t<div class=\"elementor-widget-container\">\n\t\t\t\t\t<h2 class=\"elementor-heading-title elementor-size-default\">Pol\u00edcia Civil monitora e prende homem por furto de combust\u00edvel da prefeitura de Campo Alegre<\/h2>\t\t\t\t<\/div>\n\t\t\t\t<\/div>\n\t\t\t\t\t<\/div>\n\t\t<\/div>\n\t\t\t\t\t<\/div>\n\t\t<\/section>\n\t\t\t\t<section class=\"elementor-section elementor-top-section elementor-element elementor-element-c1ca3c5 elementor-section-boxed elementor-section-height-default elementor-section-height-default\" data-id=\"c1ca3c5\" data-element_type=\"section\">\n\t\t\t\t\t\t<div class=\"elementor-container elementor-column-gap-default\">\n\t\t\t\t\t<div class=\"elementor-column elementor-col-100 elementor-top-column elementor-element elementor-element-17c2a63\" data-id=\"17c2a63\" data-element_type=\"column\">\n\t\t\t<div class=\"elementor-widget-wrap elementor-element-populated\">\n\t\t\t\t\t\t<div class=\"elementor-element elementor-element-b009494 elementor--h-position-center elementor--v-position-middle elementor-arrows-position-inside elementor-pagination-position-inside elementor-widget elementor-widget-slides\" data-id=\"b009494\" data-element_type=\"widget\" data-settings=\"{&quot;navigation&quot;:&quot;both&quot;,&quot;autoplay&quot;:&quot;yes&quot;,&quot;pause_on_hover&quot;:&quot;yes&quot;,&quot;pause_on_interaction&quot;:&quot;yes&quot;,&quot;autoplay_speed&quot;:5000,&quot;infinite&quot;:&quot;yes&quot;,&quot;transition&quot;:&quot;slide&quot;,&quot;transition_speed&quot;:500}\" data-widget_type=\"slides.default\">\n\t\t\t\t<div class=\"elementor-widget-container\">\n\t\t\t\t\t\t\t\t\t<div class=\"elementor-swiper\">\n\t\t\t\t\t<div class=\"elementor-slides-wrapper elementor-main-swiper swiper\" role=\"region\" aria-roledescription=\"carousel\" aria-label=\"Slides\" dir=\"ltr\" data-animation=\"fadeInUp\">\n\t\t\t\t<div class=\"swiper-wrapper elementor-slides\">\n\t\t\t\t\t\t\t\t\t\t<div class=\"elementor-repeater-item-8d6b4c7 swiper-slide\" role=\"group\" aria-roledescription=\"slide\"><div class=\"swiper-slide-bg\" role=\"img\" aria-label=\"WhatsApp Image 2023-08-10 at 09.57.16-fotor-2023081014829\"><\/div><div class=\"swiper-slide-inner\" ><div class=\"swiper-slide-contents\"><\/div><\/div><\/div><div class=\"elementor-repeater-item-0813226 swiper-slide\" role=\"group\" aria-roledescription=\"slide\"><div class=\"swiper-slide-bg\" role=\"img\" aria-label=\"WhatsApp Image 2023-08-10 at 09.57.00-fotor-20230810141316\"><\/div><div class=\"swiper-slide-inner\" ><div class=\"swiper-slide-contents\"><\/div><\/div><\/div><div class=\"elementor-repeater-item-8c51ec1 swiper-slide\" role=\"group\" aria-roledescription=\"slide\"><div class=\"swiper-slide-bg\" role=\"img\" aria-label=\"WhatsApp Image 2023-08-10 at 09.57.00 (1)-fotor-20230810141228\"><\/div><div class=\"swiper-slide-inner\" ><div class=\"swiper-slide-contents\"><\/div><\/div><\/div>\t\t\t\t<\/div>\n\t\t\t\t\t\t\t\t\t\t\t\t\t\t\t<div class=\"elementor-swiper-button elementor-swiper-button-prev\" role=\"button\" tabindex=\"0\" aria-label=\"Previous slide\">\n\t\t\t\t\t\t\t<i aria-hidden=\"true\" class=\"eicon-chevron-left\"><\/i>\t\t\t\t\t\t<\/div>\n\t\t\t\t\t\t<div class=\"elementor-swiper-button elementor-swiper-button-next\" role=\"button\" tabindex=\"0\" aria-label=\"Next slide\">\n\t\t\t\t\t\t\t<i aria-hidden=\"true\" class=\"eicon-chevron-right\"><\/i>\t\t\t\t\t\t<\/div>\n\t\t\t\t\t\t\t\t\t\t\t\t\t\t\t\t<div class=\"swiper-pagination\"><\/div>\n\t\t\t\t\t\t\t\t\t\t\t\t<\/div>\n\t\t\t\t<\/div>\n\t\t\t\t\t\t\t\t<\/div>\n\t\t\t\t<\/div>\n\t\t\t\t\t<\/div>\n\t\t<\/div>\n\t\t\t\t\t<\/div>\n\t\t<\/section>\n\t\t\t\t<section class=\"elementor-section elementor-top-section elementor-element elementor-element-3f349a6 elementor-section-boxed elementor-section-height-default elementor-section-height-default\" data-id=\"3f349a6\" data-element_type=\"section\">\n\t\t\t\t\t\t<div class=\"elementor-container elementor-column-gap-default\">\n\t\t\t\t\t<div class=\"elementor-column elementor-col-100 elementor-top-column elementor-element elementor-element-8dd6436\" data-id=\"8dd6436\" data-element_type=\"column\">\n\t\t\t<div class=\"elementor-widget-wrap elementor-element-populated\">\n\t\t\t\t\t\t<div class=\"elementor-element elementor-element-edcf618 elementor-widget elementor-widget-text-editor\" data-id=\"edcf618\" data-element_type=\"widget\" data-widget_type=\"text-editor.default\">\n\t\t\t\t<div class=\"elementor-widget-container\">\n\t\t\t\t\t\t\t\t\t<p>A Pol\u00edcia Civil de Santa Catarina, por meio da Delegacia de Pol\u00edcia do munic\u00edpio de Campo Alegre e da DPCO &#8211; Delegacia de Pol\u00edcia de S\u00e3o Bento do Sul, efetuou na madrugada desta quinta-feira (10) a pris\u00e3o de um servidor p\u00fablico municipal pelo crime de peculato (furto) e crime ambiental (armazenamento de subst\u00e2ncia perigosa em desacordo com a legisla\u00e7\u00e3o).<\/p>\n<p>Ap\u00f3s uma opera\u00e7\u00e3o de vigil\u00e2ncia e monitoramento, os agentes flagraram o homem de 37 anos, que exerce a fun\u00e7\u00e3o de motorista de ambul\u00e2ncia na cidade de Campo Alegre, subtraindo combust\u00edvel (\u00f3leo diesel) do munic\u00edpio utilizando o pr\u00f3prio ve\u00edculo oficial.<\/p>\n<p>Os policiais civis tamb\u00e9m apreenderam em posse do suspeito cerca de 800 litros de combust\u00edvel em gal\u00f5es, sendo 400 litros armazenados de forma irregular no im\u00f3vel do investigado e 400 litros acondicionados dentro da ambul\u00e2ncia em meio aos equipamentos de sa\u00fade do ve\u00edculo. Tamb\u00e9m foi apreendida a quantia de R$ 13 mil em esp\u00e9cie e outro ve\u00edculo utilizado na empreitada criminosa.<\/p>\n<p>Os ind\u00edcios obtidos indicam que o servidor estaria agindo h\u00e1 cerca de 7 meses, sendo que a quantidade total do produto furtado ainda ser\u00e1 apurada.&nbsp;<span style=\"font-family: var( --e-global-typography-primary-font-family ), Sans-serif; font-size: var( --e-global-typography-primary-font-size ); font-weight: var( --e-global-typography-primary-font-weight ); letter-spacing: var( --e-global-typography-primary-letter-spacing );\">A investiga\u00e7\u00e3o tamb\u00e9m trabalha para a identifica\u00e7\u00e3o dos compradores do combust\u00edvel furtado, os quais poder\u00e3o ser responsabilizados criminalmente, diante da aquisi\u00e7\u00e3o de produto de origem criminosa.&nbsp;<\/span><\/p>\n<p>O detido foi conduzido \u00e0 Central de Plant\u00e3o Policial de S\u00e3o Bento do Sul, onde foi realizado o seu Auto de Pris\u00e3o em Flagrante e aguarda a audi\u00eancia de cust\u00f3dia.&nbsp;<span style=\"font-family: var( --e-global-typography-primary-font-family ), Sans-serif; font-size: var( --e-global-typography-primary-font-size ); font-weight: var( --e-global-typography-primary-font-weight ); letter-spacing: var( --e-global-typography-primary-letter-spacing );\">As penas m\u00e1ximas dos crimes imputados ao preso, somadas, poder\u00e3o chegar a 16(dezesseis) anos de reclus\u00e3o. O investigado j\u00e1 possui anota\u00e7\u00f5es criminais por crimes de furto. O Delegado de Pol\u00edcia representou por sua pris\u00e3o preventiva. O Inqu\u00e9rito Policial dever\u00e1 ser conclu\u00eddo em 30 dias.<\/span><\/p>\n<div>&nbsp;<\/div>\t\t\t\t\t\t\t\t<\/div>\n\t\t\t\t<\/div>\n\t\t\t\t\t<\/div>\n\t\t<\/div>\n\t\t\t\t\t<\/div>\n\t\t<\/section>\n\t\t\t\t<\/div>\n\t\t","protected":false},"excerpt":{"rendered":"<p>Pol\u00edcia Civil monitora e prende homem por furto de combust\u00edvel da prefeitura de Campo Alegre Previous Next A Pol\u00edcia Civil de Santa Catarina, por meio da Delegacia de Pol\u00edcia do munic\u00edpio de Campo Alegre e da DPCO &#8211; Delegacia de Pol\u00edcia de S\u00e3o Bento do Sul, efetuou na madrugada desta quinta-feira (10) a pris\u00e3o de [&hellip;]<\/p>\n","protected":false},"author":5,"featured_media":12392,"comment_status":"closed","ping_status":"open","sticky":false,"template":"","format":"standard","meta":{"_monsterinsights_skip_tracking":false,"_monsterinsights_sitenote_active":false,"_monsterinsights_sitenote_note":"","_monsterinsights_sitenote_category":0,"footnotes":""},"categories":[1],"tags":[],"class_list":["post-12389","post","type-post","status-publish","format-standard","has-post-thumbnail","hentry","category-sem-categoria"],"_links":{"self":[{"href":"https:\/\/pc.sc.gov.br\/index.php?rest_route=\/wp\/v2\/posts\/12389","targetHints":{"allow":["GET"]}}],"collection":[{"href":"https:\/\/pc.sc.gov.br\/index.php?rest_route=\/wp\/v2\/posts"}],"about":[{"href":"https:\/\/pc.sc.gov.br\/index.php?rest_route=\/wp\/v2\/types\/post"}],"author":[{"embeddable":true,"href":"https:\/\/pc.sc.gov.br\/index.php?rest_route=\/wp\/v2\/users\/5"}],"replies":[{"embeddable":true,"href":"https:\/\/pc.sc.gov.br\/index.php?rest_route=%2Fwp%2Fv2%2Fcomments&post=12389"}],"version-history":[{"count":4,"href":"https:\/\/pc.sc.gov.br\/index.php?rest_route=\/wp\/v2\/posts\/12389\/revisions"}],"predecessor-version":[{"id":12396,"href":"https:\/\/pc.sc.gov.br\/index.php?rest_route=\/wp\/v2\/posts\/12389\/revisions\/12396"}],"wp:featuredmedia":[{"embeddable":true,"href":"https:\/\/pc.sc.gov.br\/index.php?rest_route=\/wp\/v2\/media\/12392"}],"wp:attachment":[{"href":"https:\/\/pc.sc.gov.br\/index.php?rest_route=%2Fwp%2Fv2%2Fmedia&parent=12389"}],"wp:term":[{"taxonomy":"category","embeddable":true,"href":"https:\/\/pc.sc.gov.br\/index.php?rest_route=%2Fwp%2Fv2%2Fcategories&post=12389"},{"taxonomy":"post_tag","embeddable":true,"href":"https:\/\/pc.sc.gov.br\/index.php?rest_route=%2Fwp%2Fv2%2Ftags&post=12389"}],"curies":[{"name":"wp","href":"https:\/\/api.w.org\/{rel}","templated":true}]}}