{"id":12403,"date":"2023-08-10T17:50:42","date_gmt":"2023-08-10T20:50:42","guid":{"rendered":"https:\/\/pc.sc.gov.br\/?p=12403"},"modified":"2023-08-10T17:52:47","modified_gmt":"2023-08-10T20:52:47","slug":"policia-civil-inaugura-nova-sede-da-dpcami-de-ararangua-e-duas-alas-de-acolhimento-para-vitimas-de-violencia-domestica","status":"publish","type":"post","link":"https:\/\/pc.sc.gov.br\/?p=12403","title":{"rendered":"Pol\u00edcia Civil inaugura nova sede da DPCAMI de Ararangu\u00e1 e duas alas de acolhimento para v\u00edtimas de viol\u00eancia dom\u00e9stica"},"content":{"rendered":"\t\t<div data-elementor-type=\"wp-post\" data-elementor-id=\"12403\" class=\"elementor elementor-12403\" data-elementor-post-type=\"post\">\n\t\t\t\t\t\t<section class=\"elementor-section elementor-top-section elementor-element elementor-element-040178b elementor-section-boxed elementor-section-height-default elementor-section-height-default\" data-id=\"040178b\" data-element_type=\"section\">\n\t\t\t\t\t\t<div class=\"elementor-container elementor-column-gap-default\">\n\t\t\t\t\t<div class=\"elementor-column elementor-col-100 elementor-top-column elementor-element elementor-element-38e2704\" data-id=\"38e2704\" data-element_type=\"column\">\n\t\t\t<div class=\"elementor-widget-wrap elementor-element-populated\">\n\t\t\t\t\t\t<div class=\"elementor-element elementor-element-e579ba5 elementor-widget elementor-widget-heading\" data-id=\"e579ba5\" data-element_type=\"widget\" data-widget_type=\"heading.default\">\n\t\t\t\t<div class=\"elementor-widget-container\">\n\t\t\t\t\t<h2 class=\"elementor-heading-title elementor-size-default\">Pol\u00edcia Civil inaugura nova sede da DPCAMI de Ararangu\u00e1 e duas Salas de acolhimento para v\u00edtimas de viol\u00eancia dom\u00e9stica<\/h2>\t\t\t\t<\/div>\n\t\t\t\t<\/div>\n\t\t\t\t\t<\/div>\n\t\t<\/div>\n\t\t\t\t\t<\/div>\n\t\t<\/section>\n\t\t\t\t<section class=\"elementor-section elementor-top-section elementor-element elementor-element-ef71cbb elementor-section-boxed elementor-section-height-default elementor-section-height-default\" data-id=\"ef71cbb\" data-element_type=\"section\">\n\t\t\t\t\t\t<div class=\"elementor-container elementor-column-gap-default\">\n\t\t\t\t\t<div class=\"elementor-column elementor-col-100 elementor-top-column elementor-element elementor-element-cdcf59e\" data-id=\"cdcf59e\" data-element_type=\"column\">\n\t\t\t<div class=\"elementor-widget-wrap elementor-element-populated\">\n\t\t\t\t\t\t<div class=\"elementor-element elementor-element-2679c07 elementor-widget elementor-widget-image\" data-id=\"2679c07\" data-element_type=\"widget\" data-widget_type=\"image.default\">\n\t\t\t\t<div class=\"elementor-widget-container\">\n\t\t\t\t\t\t\t\t\t\t\t\t\t\t\t<img fetchpriority=\"high\" decoding=\"async\" width=\"696\" height=\"928\" src=\"https:\/\/pc.sc.gov.br\/\/wp-content\/uploads\/2023\/08\/WhatsApp-Image-2023-08-10-at-16.59.13-1-768x1024.jpeg\" class=\"attachment-medium_large size-medium_large wp-image-12406\" alt=\"\" srcset=\"https:\/\/pc.sc.gov.br\/\/wp-content\/uploads\/2023\/08\/WhatsApp-Image-2023-08-10-at-16.59.13-1-768x1024.jpeg 768w, https:\/\/pc.sc.gov.br\/\/wp-content\/uploads\/2023\/08\/WhatsApp-Image-2023-08-10-at-16.59.13-1-225x300.jpeg 225w, https:\/\/pc.sc.gov.br\/\/wp-content\/uploads\/2023\/08\/WhatsApp-Image-2023-08-10-at-16.59.13-1.jpeg 966w\" sizes=\"(max-width: 696px) 100vw, 696px\" \/>\t\t\t\t\t\t\t\t\t\t\t\t\t\t\t<\/div>\n\t\t\t\t<\/div>\n\t\t\t\t\t<\/div>\n\t\t<\/div>\n\t\t\t\t\t<\/div>\n\t\t<\/section>\n\t\t\t\t<section class=\"elementor-section elementor-top-section elementor-element elementor-element-f093042 elementor-section-boxed elementor-section-height-default elementor-section-height-default\" data-id=\"f093042\" data-element_type=\"section\">\n\t\t\t\t\t\t<div class=\"elementor-container elementor-column-gap-default\">\n\t\t\t\t\t<div class=\"elementor-column elementor-col-100 elementor-top-column elementor-element elementor-element-f62832a\" data-id=\"f62832a\" data-element_type=\"column\">\n\t\t\t<div class=\"elementor-widget-wrap elementor-element-populated\">\n\t\t\t\t\t\t<div class=\"elementor-element elementor-element-112a575 elementor-widget elementor-widget-text-editor\" data-id=\"112a575\" data-element_type=\"widget\" data-widget_type=\"text-editor.default\">\n\t\t\t\t<div class=\"elementor-widget-container\">\n\t\t\t\t\t\t\t\t\t<p>Santa Catarina d\u00e1 mais um passo na prote\u00e7\u00e3o \u00e0s mulheres v\u00edtimas de viol\u00eancia com a inaugura\u00e7\u00e3o do novo espa\u00e7o que abriga a Delegacia de Prote\u00e7\u00e3o \u00e0 Crian\u00e7a, ao Adolescente, \u00e0 Mulher e ao Idoso (DPCAMI) em Ararangu\u00e1. A unidade, que j\u00e1 funcionava junto ao pr\u00e9dio da Delegacia Regional de Pol\u00edcia (DRP) de Ararangu\u00e1, foi transferida para um pr\u00e9dio mais moderno e adequado \u00e0s demandas. O ato contou com a presen\u00e7a do Secret\u00e1rio de Estado da Seguran\u00e7a P\u00fablica, Paulo Cezar Ramos de Oliveira, do delegado-geral da Pol\u00edcia Civil, Ulisses Gabriel, da Coordenadora das DPCAMIs, delegada Patr\u00edcia Zimmermann, do delegado Regional de Ararangu\u00e1, Diego de Haro, entre outras autoridades. A Presidente da OAB, Claudio Prud\u00eancio tamb\u00e9m participou da solenidade.<\/p><p>&#8220;A preven\u00e7\u00e3o e o enfrentamento da viol\u00eancia contra a mulher s\u00e3o prioridades do governo do Estado e da Seguran\u00e7a P\u00fablica catarinense. Estamos intensificando as a\u00e7\u00f5es policiais e tamb\u00e9m qualificando o atendimento \u00e0s v\u00edtimas, como a nova DPCAMI de Ararangu\u00e1. Destaco o comprometimento dos \u00f3rg\u00e3os e das for\u00e7as de seguran\u00e7a nesta causa&#8221;, ressaltou o secret\u00e1rio de Seguran\u00e7a P\u00fablica de SC Paulo Cezar Ramos de Oliveira.<\/p><p>A DPCAMI de Ararangu\u00e1 segue sob o comando da delegada Eliane Chaves que, na \u00faltima quarta-feira (09), foi palestrante no ato de lan\u00e7amento do Programa de Preven\u00e7\u00e3o ao Ass\u00e9dio Sexual no Ambiente de Trabalho, do governo do estado de Santa Catarina.<\/p><p>\u201cNeste espa\u00e7o podemos oferecer um acolhimento melhor para a mulher v\u00edtima de viol\u00eancia, que j\u00e1 chega muito fragilizada\u201d, destacou a delegada Eliane.<\/p><p>Al\u00e9m dos espa\u00e7os comuns a delegacia de pol\u00edcia, a DPCAMI conta com duas salas de acolhimento \u2013 espa\u00e7os especiais para receber a v\u00edtima de viol\u00eancia que, muitas vezes, chega a uma unidade policial acompanhada dos filhos. No local h\u00e1 livros e brinquedos. A sala leva o nome da primeira mulher delegada de pol\u00edcia no Brasil, a catarinense Dra. L\u00facia Maria Stefanovich que fez carreira na Pol\u00edcia Civil de Santa Catarina. Tamb\u00e9m foi ativada uma sala da OAB \u2013 que faz parte do Programa OAB Por Elas, a\u00e7\u00e3o que busca oferecer ajuda para as mulheres que sofrem agress\u00f5es.<\/p><p>O delegado-geral Ulisses Gabriel, disse que o novo espa\u00e7o atende uma importante demanda da sociedade que \u00e9 o atendimento digno \u00e0 v\u00edtima de viol\u00eancia dom\u00e9stica. Ele disse ainda que \u00e9 importante trabalhar a preven\u00e7\u00e3o. \u201cA Pol\u00edcia Civil est\u00e1 atuando em todas as frentes \u2013 trabalhando temas sens\u00edveis com as crian\u00e7as nas escolas, com grupos de homens agressores, recentemente assinamos um termo com o Senac para oferecer capacita\u00e7\u00e3o para essas mulheres, entre outras a\u00e7\u00f5es\u201d, disse Ulisses Gabriel.\u00a0 \u00a0\u00a0<\/p><p>Ulisses Gabriel destacou ainda que casos envolvendo viol\u00eancia dom\u00e9stica podem ser registrados 24 horas por meio da Delegacia Virtual (pc.sc.gov.br), onde pode ser solicitada Medida Protetiva e nas Centrais de Plant\u00e3o de Pol\u00edcia, onde est\u00e3o sendo instaladas as Salas Lil\u00e1s. O atendimento tamb\u00e9m pode ser buscado diretamente nas DPCAMIs.\u00a0<\/p>\t\t\t\t\t\t\t\t<\/div>\n\t\t\t\t<\/div>\n\t\t\t\t\t<\/div>\n\t\t<\/div>\n\t\t\t\t\t<\/div>\n\t\t<\/section>\n\t\t\t\t<\/div>\n\t\t","protected":false},"excerpt":{"rendered":"<p>Pol\u00edcia Civil inaugura nova sede da DPCAMI de Ararangu\u00e1 e duas Salas de acolhimento para v\u00edtimas de viol\u00eancia dom\u00e9stica Santa Catarina d\u00e1 mais um passo na prote\u00e7\u00e3o \u00e0s mulheres v\u00edtimas de viol\u00eancia com a inaugura\u00e7\u00e3o do novo espa\u00e7o que abriga a Delegacia de Prote\u00e7\u00e3o \u00e0 Crian\u00e7a, ao Adolescente, \u00e0 Mulher e ao Idoso (DPCAMI) em [&hellip;]<\/p>\n","protected":false},"author":5,"featured_media":12404,"comment_status":"closed","ping_status":"open","sticky":false,"template":"","format":"standard","meta":{"_monsterinsights_skip_tracking":false,"_monsterinsights_sitenote_active":false,"_monsterinsights_sitenote_note":"","_monsterinsights_sitenote_category":0,"footnotes":""},"categories":[1],"tags":[],"class_list":["post-12403","post","type-post","status-publish","format-standard","has-post-thumbnail","hentry","category-sem-categoria"],"_links":{"self":[{"href":"https:\/\/pc.sc.gov.br\/index.php?rest_route=\/wp\/v2\/posts\/12403","targetHints":{"allow":["GET"]}}],"collection":[{"href":"https:\/\/pc.sc.gov.br\/index.php?rest_route=\/wp\/v2\/posts"}],"about":[{"href":"https:\/\/pc.sc.gov.br\/index.php?rest_route=\/wp\/v2\/types\/post"}],"author":[{"embeddable":true,"href":"https:\/\/pc.sc.gov.br\/index.php?rest_route=\/wp\/v2\/users\/5"}],"replies":[{"embeddable":true,"href":"https:\/\/pc.sc.gov.br\/index.php?rest_route=%2Fwp%2Fv2%2Fcomments&post=12403"}],"version-history":[{"count":4,"href":"https:\/\/pc.sc.gov.br\/index.php?rest_route=\/wp\/v2\/posts\/12403\/revisions"}],"predecessor-version":[{"id":12409,"href":"https:\/\/pc.sc.gov.br\/index.php?rest_route=\/wp\/v2\/posts\/12403\/revisions\/12409"}],"wp:featuredmedia":[{"embeddable":true,"href":"https:\/\/pc.sc.gov.br\/index.php?rest_route=\/wp\/v2\/media\/12404"}],"wp:attachment":[{"href":"https:\/\/pc.sc.gov.br\/index.php?rest_route=%2Fwp%2Fv2%2Fmedia&parent=12403"}],"wp:term":[{"taxonomy":"category","embeddable":true,"href":"https:\/\/pc.sc.gov.br\/index.php?rest_route=%2Fwp%2Fv2%2Fcategories&post=12403"},{"taxonomy":"post_tag","embeddable":true,"href":"https:\/\/pc.sc.gov.br\/index.php?rest_route=%2Fwp%2Fv2%2Ftags&post=12403"}],"curies":[{"name":"wp","href":"https:\/\/api.w.org\/{rel}","templated":true}]}}