{"id":12410,"date":"2023-08-10T18:29:34","date_gmt":"2023-08-10T21:29:34","guid":{"rendered":"https:\/\/pc.sc.gov.br\/?p=12410"},"modified":"2023-08-10T18:31:45","modified_gmt":"2023-08-10T21:31:45","slug":"operacao-conjunta-entre-pcsc-pci-e-cidasc-resulta-na-apreensao-de-860-quilos-de-carne-clandestina-armas-e-municoes-em-itaiopolis","status":"publish","type":"post","link":"https:\/\/pc.sc.gov.br\/?p=12410","title":{"rendered":"Opera\u00e7\u00e3o conjunta entre PCSC, PCI e Cidasc resulta na apreens\u00e3o de 860 quilos de carne clandestina, armas e muni\u00e7\u00f5es em Itai\u00f3polis"},"content":{"rendered":"\t\t<div data-elementor-type=\"wp-post\" data-elementor-id=\"12410\" class=\"elementor elementor-12410\" data-elementor-post-type=\"post\">\n\t\t\t\t\t\t<section class=\"elementor-section elementor-top-section elementor-element elementor-element-0d4c1cf elementor-section-boxed elementor-section-height-default elementor-section-height-default\" data-id=\"0d4c1cf\" data-element_type=\"section\">\n\t\t\t\t\t\t<div class=\"elementor-container elementor-column-gap-default\">\n\t\t\t\t\t<div class=\"elementor-column elementor-col-100 elementor-top-column elementor-element elementor-element-09a75b6\" data-id=\"09a75b6\" data-element_type=\"column\">\n\t\t\t<div class=\"elementor-widget-wrap elementor-element-populated\">\n\t\t\t\t\t\t<div class=\"elementor-element elementor-element-3b4f410 elementor-widget elementor-widget-heading\" data-id=\"3b4f410\" data-element_type=\"widget\" data-widget_type=\"heading.default\">\n\t\t\t\t<div class=\"elementor-widget-container\">\n\t\t\t\t\t<h2 class=\"elementor-heading-title elementor-size-default\">Opera\u00e7\u00e3o conjunta entre PCSC, PCI e Cidasc resulta na apreens\u00e3o de 860 quilos de carne clandestina, armas e muni\u00e7\u00f5es em Itai\u00f3polis<\/h2>\t\t\t\t<\/div>\n\t\t\t\t<\/div>\n\t\t\t\t\t<\/div>\n\t\t<\/div>\n\t\t\t\t\t<\/div>\n\t\t<\/section>\n\t\t\t\t<section class=\"elementor-section elementor-top-section elementor-element elementor-element-c11b318 elementor-section-boxed elementor-section-height-default elementor-section-height-default\" data-id=\"c11b318\" data-element_type=\"section\">\n\t\t\t\t\t\t<div class=\"elementor-container elementor-column-gap-default\">\n\t\t\t\t\t<div class=\"elementor-column elementor-col-100 elementor-top-column elementor-element elementor-element-437cb77\" data-id=\"437cb77\" data-element_type=\"column\">\n\t\t\t<div class=\"elementor-widget-wrap elementor-element-populated\">\n\t\t\t\t\t\t<div class=\"elementor-element elementor-element-f4014ee elementor-widget elementor-widget-image\" data-id=\"f4014ee\" data-element_type=\"widget\" data-widget_type=\"image.default\">\n\t\t\t\t<div class=\"elementor-widget-container\">\n\t\t\t\t\t\t\t\t\t\t\t\t\t\t\t<img fetchpriority=\"high\" decoding=\"async\" width=\"696\" height=\"569\" src=\"https:\/\/pc.sc.gov.br\/\/wp-content\/uploads\/2023\/08\/WhatsApp-Image-2023-08-10-at-18.21.40-1024x837.jpeg\" class=\"attachment-large size-large wp-image-12411\" alt=\"\" srcset=\"https:\/\/pc.sc.gov.br\/\/wp-content\/uploads\/2023\/08\/WhatsApp-Image-2023-08-10-at-18.21.40-1024x837.jpeg 1024w, https:\/\/pc.sc.gov.br\/\/wp-content\/uploads\/2023\/08\/WhatsApp-Image-2023-08-10-at-18.21.40-300x245.jpeg 300w, https:\/\/pc.sc.gov.br\/\/wp-content\/uploads\/2023\/08\/WhatsApp-Image-2023-08-10-at-18.21.40-768x628.jpeg 768w, https:\/\/pc.sc.gov.br\/\/wp-content\/uploads\/2023\/08\/WhatsApp-Image-2023-08-10-at-18.21.40.jpeg 1080w\" sizes=\"(max-width: 696px) 100vw, 696px\" \/>\t\t\t\t\t\t\t\t\t\t\t\t\t\t\t<\/div>\n\t\t\t\t<\/div>\n\t\t\t\t\t<\/div>\n\t\t<\/div>\n\t\t\t\t\t<\/div>\n\t\t<\/section>\n\t\t\t\t<section class=\"elementor-section elementor-top-section elementor-element elementor-element-8f8d886 elementor-section-boxed elementor-section-height-default elementor-section-height-default\" data-id=\"8f8d886\" data-element_type=\"section\">\n\t\t\t\t\t\t<div class=\"elementor-container elementor-column-gap-default\">\n\t\t\t\t\t<div class=\"elementor-column elementor-col-100 elementor-top-column elementor-element elementor-element-7f3baa5\" data-id=\"7f3baa5\" data-element_type=\"column\">\n\t\t\t<div class=\"elementor-widget-wrap elementor-element-populated\">\n\t\t\t\t\t\t<div class=\"elementor-element elementor-element-d939784 elementor-widget elementor-widget-text-editor\" data-id=\"d939784\" data-element_type=\"widget\" data-widget_type=\"text-editor.default\">\n\t\t\t\t<div class=\"elementor-widget-container\">\n\t\t\t\t\t\t\t\t\t<p>A Pol\u00edcia Civil de Santa Catarina, por meio da Divis\u00e3o de Investiga\u00e7\u00f5es Criminais (DIC) de Mafra, com o apoio da CAOAGRO, Pol\u00edcia Cient\u00edfica e CIDASC deflagrou nesta quinta-feira (10) opera\u00e7\u00e3o \u201cAbate Oculto\u201d. O objetivo da a\u00e7\u00e3o foi apurar a suspeita de exist\u00eancia de abatedouros clandestinos na regi\u00e3o do Planalto Norte catarinense. Ao todo foram cumpridos quatro mandados de busca e apreens\u00e3o em resid\u00eancias e em tr\u00eas mercados na cidade de Itai\u00f3polis.&nbsp;<\/p>\n<p>Na opera\u00e7\u00e3o foi realizada a apreens\u00e3o de cerca de 860 quilos de carne clandestina, um rev\u00f3lver calibre .38;&nbsp; uma pistola calibre .635 e uma espingarda calibe .32 e diversas muni\u00e7\u00f5es. Tamb\u00e9m foi efetuada a pris\u00e3o em flagrante delito de um homem por posse irregular de arma de fogo de uso permitido.<\/p>\n<p>O foco da investiga\u00e7\u00e3o \u00e9 a exist\u00eancia de um mercado clandestino de carnes e derivados, principalmente de gado, que abasteciam alguns com\u00e9rcios da regi\u00e3o, condutas que traziam graves riscos a sa\u00fade da popula\u00e7\u00e3o. Importante ressaltar que estudos realizados por \u00f3rg\u00e3os da sa\u00fade p\u00fablica comprovaram que existem, atualmente, mais de 30 doen\u00e7as transmiss\u00edveis via carne contaminada. Entre as principais zoonoses, encontram-se a tuberculose, cisticercose, brucelose, botulismo, aftosa e raiva.&nbsp;<\/p>\n<p>As dilig\u00eancias investigat\u00f3rias revelaram que o gado era abatido clandestinamente em tr\u00eas abatedouros, onde se fazia a carnagem sem quaisquer condi\u00e7\u00f5es de higiene e controle dos \u00f3rg\u00e3os sanit\u00e1rios municipais e estaduais. Posteriormente as carnes eram transportadas para estes mercados que as comercializavam.<\/p>\n<p>As investiga\u00e7\u00f5es da opera\u00e7\u00e3o \u201cAbate Oculto\u201d prosseguem sob o comando da Divis\u00e3o de Investiga\u00e7\u00f5es Criminais de Mafra. Os locais das buscas n\u00e3o foram divulgados, bem como, das pessoas e empresas investigadas, em raz\u00e3o da legisla\u00e7\u00e3o que rege o tema.<span style=\"color: var( --e-global-color-text ); font-family: var( --e-global-typography-primary-font-family ), Sans-serif; font-size: var( --e-global-typography-primary-font-size ); font-weight: var( --e-global-typography-primary-font-weight ); letter-spacing: var( --e-global-typography-primary-letter-spacing );\">&nbsp;<\/span><\/p>\t\t\t\t\t\t\t\t<\/div>\n\t\t\t\t<\/div>\n\t\t\t\t\t<\/div>\n\t\t<\/div>\n\t\t\t\t\t<\/div>\n\t\t<\/section>\n\t\t\t\t<\/div>\n\t\t","protected":false},"excerpt":{"rendered":"<p>Opera\u00e7\u00e3o conjunta entre PCSC, PCI e Cidasc resulta na apreens\u00e3o de 860 quilos de carne clandestina, armas e muni\u00e7\u00f5es em Itai\u00f3polis A Pol\u00edcia Civil de Santa Catarina, por meio da Divis\u00e3o de Investiga\u00e7\u00f5es Criminais (DIC) de Mafra, com o apoio da CAOAGRO, Pol\u00edcia Cient\u00edfica e CIDASC deflagrou nesta quinta-feira (10) opera\u00e7\u00e3o \u201cAbate Oculto\u201d. O objetivo [&hellip;]<\/p>\n","protected":false},"author":5,"featured_media":12412,"comment_status":"closed","ping_status":"open","sticky":false,"template":"","format":"standard","meta":{"_monsterinsights_skip_tracking":false,"_monsterinsights_sitenote_active":false,"_monsterinsights_sitenote_note":"","_monsterinsights_sitenote_category":0,"footnotes":""},"categories":[1],"tags":[],"class_list":["post-12410","post","type-post","status-publish","format-standard","has-post-thumbnail","hentry","category-sem-categoria"],"_links":{"self":[{"href":"https:\/\/pc.sc.gov.br\/index.php?rest_route=\/wp\/v2\/posts\/12410","targetHints":{"allow":["GET"]}}],"collection":[{"href":"https:\/\/pc.sc.gov.br\/index.php?rest_route=\/wp\/v2\/posts"}],"about":[{"href":"https:\/\/pc.sc.gov.br\/index.php?rest_route=\/wp\/v2\/types\/post"}],"author":[{"embeddable":true,"href":"https:\/\/pc.sc.gov.br\/index.php?rest_route=\/wp\/v2\/users\/5"}],"replies":[{"embeddable":true,"href":"https:\/\/pc.sc.gov.br\/index.php?rest_route=%2Fwp%2Fv2%2Fcomments&post=12410"}],"version-history":[{"count":4,"href":"https:\/\/pc.sc.gov.br\/index.php?rest_route=\/wp\/v2\/posts\/12410\/revisions"}],"predecessor-version":[{"id":12416,"href":"https:\/\/pc.sc.gov.br\/index.php?rest_route=\/wp\/v2\/posts\/12410\/revisions\/12416"}],"wp:featuredmedia":[{"embeddable":true,"href":"https:\/\/pc.sc.gov.br\/index.php?rest_route=\/wp\/v2\/media\/12412"}],"wp:attachment":[{"href":"https:\/\/pc.sc.gov.br\/index.php?rest_route=%2Fwp%2Fv2%2Fmedia&parent=12410"}],"wp:term":[{"taxonomy":"category","embeddable":true,"href":"https:\/\/pc.sc.gov.br\/index.php?rest_route=%2Fwp%2Fv2%2Fcategories&post=12410"},{"taxonomy":"post_tag","embeddable":true,"href":"https:\/\/pc.sc.gov.br\/index.php?rest_route=%2Fwp%2Fv2%2Ftags&post=12410"}],"curies":[{"name":"wp","href":"https:\/\/api.w.org\/{rel}","templated":true}]}}