{"id":12417,"date":"2023-08-10T18:51:30","date_gmt":"2023-08-10T21:51:30","guid":{"rendered":"https:\/\/pc.sc.gov.br\/?p=12417"},"modified":"2023-08-10T18:53:07","modified_gmt":"2023-08-10T21:53:07","slug":"em-joinville-balanco-da-policia-civil-indica-queda-de-3327-nos-indices-de-furtos-e-roubos-de-veiculos-em-2023","status":"publish","type":"post","link":"https:\/\/pc.sc.gov.br\/?p=12417","title":{"rendered":"Em Joinville, balan\u00e7o da Pol\u00edcia Civil indica queda de 33,27% nos \u00edndices de furtos e roubos de ve\u00edculos em 2023"},"content":{"rendered":"\t\t<div data-elementor-type=\"wp-post\" data-elementor-id=\"12417\" class=\"elementor elementor-12417\" data-elementor-post-type=\"post\">\n\t\t\t\t\t\t<section class=\"elementor-section elementor-top-section elementor-element elementor-element-c173506 elementor-section-boxed elementor-section-height-default elementor-section-height-default\" data-id=\"c173506\" data-element_type=\"section\">\n\t\t\t\t\t\t<div class=\"elementor-container elementor-column-gap-default\">\n\t\t\t\t\t<div class=\"elementor-column elementor-col-100 elementor-top-column elementor-element elementor-element-9bfefe5\" data-id=\"9bfefe5\" data-element_type=\"column\">\n\t\t\t<div class=\"elementor-widget-wrap elementor-element-populated\">\n\t\t\t\t\t\t<div class=\"elementor-element elementor-element-f38b23b elementor-widget elementor-widget-heading\" data-id=\"f38b23b\" data-element_type=\"widget\" data-widget_type=\"heading.default\">\n\t\t\t\t<div class=\"elementor-widget-container\">\n\t\t\t\t\t<h2 class=\"elementor-heading-title elementor-size-default\">Em Joinville, balan\u00e7o da Pol\u00edcia Civil indica queda de 33,27% nos \u00edndices de furtos e roubos de ve\u00edculos em 2023<\/h2>\t\t\t\t<\/div>\n\t\t\t\t<\/div>\n\t\t\t\t\t<\/div>\n\t\t<\/div>\n\t\t\t\t\t<\/div>\n\t\t<\/section>\n\t\t\t\t<section class=\"elementor-section elementor-top-section elementor-element elementor-element-39e6254 elementor-section-boxed elementor-section-height-default elementor-section-height-default\" data-id=\"39e6254\" data-element_type=\"section\">\n\t\t\t\t\t\t<div class=\"elementor-container elementor-column-gap-default\">\n\t\t\t\t\t<div class=\"elementor-column elementor-col-100 elementor-top-column elementor-element elementor-element-fd27435\" data-id=\"fd27435\" data-element_type=\"column\">\n\t\t\t<div class=\"elementor-widget-wrap elementor-element-populated\">\n\t\t\t\t\t\t<div class=\"elementor-element elementor-element-67965bf elementor-widget elementor-widget-image\" data-id=\"67965bf\" data-element_type=\"widget\" data-widget_type=\"image.default\">\n\t\t\t\t<div class=\"elementor-widget-container\">\n\t\t\t\t\t\t\t\t\t\t\t\t\t\t\t<img fetchpriority=\"high\" decoding=\"async\" width=\"696\" height=\"696\" src=\"https:\/\/pc.sc.gov.br\/\/wp-content\/uploads\/2023\/08\/WhatsApp-Image-2023-08-10-at-16.48.27-1024x1024.jpeg\" class=\"attachment-large size-large wp-image-12418\" alt=\"\" srcset=\"https:\/\/pc.sc.gov.br\/\/wp-content\/uploads\/2023\/08\/WhatsApp-Image-2023-08-10-at-16.48.27-1024x1024.jpeg 1024w, https:\/\/pc.sc.gov.br\/\/wp-content\/uploads\/2023\/08\/WhatsApp-Image-2023-08-10-at-16.48.27-300x300.jpeg 300w, https:\/\/pc.sc.gov.br\/\/wp-content\/uploads\/2023\/08\/WhatsApp-Image-2023-08-10-at-16.48.27-150x150.jpeg 150w, https:\/\/pc.sc.gov.br\/\/wp-content\/uploads\/2023\/08\/WhatsApp-Image-2023-08-10-at-16.48.27-768x768.jpeg 768w, https:\/\/pc.sc.gov.br\/\/wp-content\/uploads\/2023\/08\/WhatsApp-Image-2023-08-10-at-16.48.27.jpeg 1080w\" sizes=\"(max-width: 696px) 100vw, 696px\" \/>\t\t\t\t\t\t\t\t\t\t\t\t\t\t\t<\/div>\n\t\t\t\t<\/div>\n\t\t\t\t\t<\/div>\n\t\t<\/div>\n\t\t\t\t\t<\/div>\n\t\t<\/section>\n\t\t\t\t<section class=\"elementor-section elementor-top-section elementor-element elementor-element-195ab24 elementor-section-boxed elementor-section-height-default elementor-section-height-default\" data-id=\"195ab24\" data-element_type=\"section\">\n\t\t\t\t\t\t<div class=\"elementor-container elementor-column-gap-default\">\n\t\t\t\t\t<div class=\"elementor-column elementor-col-100 elementor-top-column elementor-element elementor-element-8906ee0\" data-id=\"8906ee0\" data-element_type=\"column\">\n\t\t\t<div class=\"elementor-widget-wrap elementor-element-populated\">\n\t\t\t\t\t\t<div class=\"elementor-element elementor-element-36ce023 elementor-widget elementor-widget-text-editor\" data-id=\"36ce023\" data-element_type=\"widget\" data-widget_type=\"text-editor.default\">\n\t\t\t\t<div class=\"elementor-widget-container\">\n\t\t\t\t\t\t\t\t\t<p>Balan\u00e7o divulgado nesta quinta-feira (10) pela Delegacia Regional de Pol\u00edcia (DRP) de Joinville apresentou queda de 33,27% nos \u00edndices de furtos e roubos de ve\u00edculos nos sete primeiros meses do ano, se comparado com igual per\u00edodo do ano passado.\u00a0<\/p><p>De acordo com o delegado Regional de Joinville, Rafaello Ross, a atua\u00e7\u00e3o integrada das for\u00e7as policiais, aliada \u00e0s a\u00e7\u00f5es de intelig\u00eancia e opera\u00e7\u00f5es contra receptadores, reduziu expressivamente o n\u00famero de ocorr\u00eancias relacionadas aos furtos e roubos de ve\u00edculos na maior cidade de Santa Catarina.<\/p><p>No \u00e2mbito da Pol\u00edcia Civil, as a\u00e7\u00f5es se concentraram na desarticula\u00e7\u00e3o de pontos de desmanche voltados ao com\u00e9rcio de pe\u00e7as, bem como na pris\u00e3o e indiciamento de pessoas envolvidas em roubos, furtos, recepta\u00e7\u00e3o de ve\u00edculos, bem como no mercado clandestino de pe\u00e7as usadas. \u201cEm rela\u00e7\u00e3o apenas a motocicletas, a queda foi ainda mais acentuada, com redu\u00e7\u00e3o de 38,21% em compara\u00e7\u00e3o ao mesmo per\u00edodo de 2022\u201d, destacou o delegado Ross.<\/p><p>O delegado Regional destacou que a 1\u00aa Delegacia de Pol\u00edcia de Joinville efetuou o cumprimento de 40 mandados judiciais no \u00e2mbito da opera\u00e7\u00e3o \u201cDesmanche\u201d, efetuando a pris\u00e3o de 11 pessoas.<\/p><p>Rafaello Ross disse ainda que outro fator importante para os bons resultados foram os planejamentos estrat\u00e9gico e operacional visando combater essas modalidades criminosas, aliados a troca de informa\u00e7\u00f5es constantes e a\u00e7\u00f5es conjuntas entre a Pol\u00edcia Civil, Pol\u00edcia Militar e Guarda Municipal de Joinville.<\/p>\t\t\t\t\t\t\t\t<\/div>\n\t\t\t\t<\/div>\n\t\t\t\t\t<\/div>\n\t\t<\/div>\n\t\t\t\t\t<\/div>\n\t\t<\/section>\n\t\t\t\t<\/div>\n\t\t","protected":false},"excerpt":{"rendered":"<p>Em Joinville, balan\u00e7o da Pol\u00edcia Civil indica queda de 33,27% nos \u00edndices de furtos e roubos de ve\u00edculos em 2023 Balan\u00e7o divulgado nesta quinta-feira (10) pela Delegacia Regional de Pol\u00edcia (DRP) de Joinville apresentou queda de 33,27% nos \u00edndices de furtos e roubos de ve\u00edculos nos sete primeiros meses do ano, se comparado com igual [&hellip;]<\/p>\n","protected":false},"author":5,"featured_media":12418,"comment_status":"closed","ping_status":"open","sticky":false,"template":"","format":"standard","meta":{"_monsterinsights_skip_tracking":false,"_monsterinsights_sitenote_active":false,"_monsterinsights_sitenote_note":"","_monsterinsights_sitenote_category":0,"footnotes":""},"categories":[1],"tags":[],"class_list":["post-12417","post","type-post","status-publish","format-standard","has-post-thumbnail","hentry","category-sem-categoria"],"_links":{"self":[{"href":"https:\/\/pc.sc.gov.br\/index.php?rest_route=\/wp\/v2\/posts\/12417","targetHints":{"allow":["GET"]}}],"collection":[{"href":"https:\/\/pc.sc.gov.br\/index.php?rest_route=\/wp\/v2\/posts"}],"about":[{"href":"https:\/\/pc.sc.gov.br\/index.php?rest_route=\/wp\/v2\/types\/post"}],"author":[{"embeddable":true,"href":"https:\/\/pc.sc.gov.br\/index.php?rest_route=\/wp\/v2\/users\/5"}],"replies":[{"embeddable":true,"href":"https:\/\/pc.sc.gov.br\/index.php?rest_route=%2Fwp%2Fv2%2Fcomments&post=12417"}],"version-history":[{"count":4,"href":"https:\/\/pc.sc.gov.br\/index.php?rest_route=\/wp\/v2\/posts\/12417\/revisions"}],"predecessor-version":[{"id":12422,"href":"https:\/\/pc.sc.gov.br\/index.php?rest_route=\/wp\/v2\/posts\/12417\/revisions\/12422"}],"wp:featuredmedia":[{"embeddable":true,"href":"https:\/\/pc.sc.gov.br\/index.php?rest_route=\/wp\/v2\/media\/12418"}],"wp:attachment":[{"href":"https:\/\/pc.sc.gov.br\/index.php?rest_route=%2Fwp%2Fv2%2Fmedia&parent=12417"}],"wp:term":[{"taxonomy":"category","embeddable":true,"href":"https:\/\/pc.sc.gov.br\/index.php?rest_route=%2Fwp%2Fv2%2Fcategories&post=12417"},{"taxonomy":"post_tag","embeddable":true,"href":"https:\/\/pc.sc.gov.br\/index.php?rest_route=%2Fwp%2Fv2%2Ftags&post=12417"}],"curies":[{"name":"wp","href":"https:\/\/api.w.org\/{rel}","templated":true}]}}