{"id":12423,"date":"2023-08-10T19:14:20","date_gmt":"2023-08-10T22:14:20","guid":{"rendered":"https:\/\/pc.sc.gov.br\/?p=12423"},"modified":"2023-08-10T19:15:52","modified_gmt":"2023-08-10T22:15:52","slug":"em-joacaba-policia-civil-elucida-homicidio-doloso-em-24-horas-e-prende-autor-do-crime","status":"publish","type":"post","link":"https:\/\/pc.sc.gov.br\/?p=12423","title":{"rendered":"Em Joa\u00e7aba, Pol\u00edcia Civil elucida homic\u00eddio doloso em 24 horas e prende autor do crime"},"content":{"rendered":"\t\t<div data-elementor-type=\"wp-post\" data-elementor-id=\"12423\" class=\"elementor elementor-12423\" data-elementor-post-type=\"post\">\n\t\t\t\t\t\t<section class=\"elementor-section elementor-top-section elementor-element elementor-element-ebe0246 elementor-section-boxed elementor-section-height-default elementor-section-height-default\" data-id=\"ebe0246\" data-element_type=\"section\">\n\t\t\t\t\t\t<div class=\"elementor-container elementor-column-gap-default\">\n\t\t\t\t\t<div class=\"elementor-column elementor-col-100 elementor-top-column elementor-element elementor-element-60eacc2\" data-id=\"60eacc2\" data-element_type=\"column\">\n\t\t\t<div class=\"elementor-widget-wrap elementor-element-populated\">\n\t\t\t\t\t\t<div class=\"elementor-element elementor-element-def87ac elementor-widget elementor-widget-heading\" data-id=\"def87ac\" data-element_type=\"widget\" data-widget_type=\"heading.default\">\n\t\t\t\t<div class=\"elementor-widget-container\">\n\t\t\t\t\t<h2 class=\"elementor-heading-title elementor-size-default\">Em Joa\u00e7aba, Pol\u00edcia Civil elucida homic\u00eddio doloso em 24 horas e prende autor do crime<\/h2>\t\t\t\t<\/div>\n\t\t\t\t<\/div>\n\t\t\t\t\t<\/div>\n\t\t<\/div>\n\t\t\t\t\t<\/div>\n\t\t<\/section>\n\t\t\t\t<section class=\"elementor-section elementor-top-section elementor-element elementor-element-0514e1d elementor-section-boxed elementor-section-height-default elementor-section-height-default\" data-id=\"0514e1d\" data-element_type=\"section\">\n\t\t\t\t\t\t<div class=\"elementor-container elementor-column-gap-default\">\n\t\t\t\t\t<div class=\"elementor-column elementor-col-100 elementor-top-column elementor-element elementor-element-3b604c1\" data-id=\"3b604c1\" data-element_type=\"column\">\n\t\t\t<div class=\"elementor-widget-wrap elementor-element-populated\">\n\t\t\t\t\t\t<div class=\"elementor-element elementor-element-8ee8d0a elementor-widget elementor-widget-image\" data-id=\"8ee8d0a\" data-element_type=\"widget\" data-widget_type=\"image.default\">\n\t\t\t\t<div class=\"elementor-widget-container\">\n\t\t\t\t\t\t\t\t\t\t\t\t\t\t\t<img fetchpriority=\"high\" decoding=\"async\" width=\"696\" height=\"582\" src=\"https:\/\/pc.sc.gov.br\/\/wp-content\/uploads\/2023\/08\/WhatsApp-Image-2023-08-10-at-18.35.55-1024x857.jpeg\" class=\"attachment-large size-large wp-image-12425\" alt=\"\" srcset=\"https:\/\/pc.sc.gov.br\/\/wp-content\/uploads\/2023\/08\/WhatsApp-Image-2023-08-10-at-18.35.55-1024x857.jpeg 1024w, https:\/\/pc.sc.gov.br\/\/wp-content\/uploads\/2023\/08\/WhatsApp-Image-2023-08-10-at-18.35.55-300x251.jpeg 300w, https:\/\/pc.sc.gov.br\/\/wp-content\/uploads\/2023\/08\/WhatsApp-Image-2023-08-10-at-18.35.55-768x643.jpeg 768w, https:\/\/pc.sc.gov.br\/\/wp-content\/uploads\/2023\/08\/WhatsApp-Image-2023-08-10-at-18.35.55.jpeg 1080w\" sizes=\"(max-width: 696px) 100vw, 696px\" \/>\t\t\t\t\t\t\t\t\t\t\t\t\t\t\t<\/div>\n\t\t\t\t<\/div>\n\t\t\t\t\t<\/div>\n\t\t<\/div>\n\t\t\t\t\t<\/div>\n\t\t<\/section>\n\t\t\t\t<section class=\"elementor-section elementor-top-section elementor-element elementor-element-789d2a5 elementor-section-boxed elementor-section-height-default elementor-section-height-default\" data-id=\"789d2a5\" data-element_type=\"section\">\n\t\t\t\t\t\t<div class=\"elementor-container elementor-column-gap-default\">\n\t\t\t\t\t<div class=\"elementor-column elementor-col-100 elementor-top-column elementor-element elementor-element-b1d40ea\" data-id=\"b1d40ea\" data-element_type=\"column\">\n\t\t\t<div class=\"elementor-widget-wrap elementor-element-populated\">\n\t\t\t\t\t\t<div class=\"elementor-element elementor-element-1b4a9dc elementor-widget elementor-widget-text-editor\" data-id=\"1b4a9dc\" data-element_type=\"widget\" data-widget_type=\"text-editor.default\">\n\t\t\t\t<div class=\"elementor-widget-container\">\n\t\t\t\t\t\t\t\t\t<p>A Pol\u00edcia Civil de Santa Catarina, por meio da Divis\u00e3o de Investiga\u00e7\u00e3o Criminal (DIC) de Joa\u00e7aba e com apoio da PRF de Vacaria (RS) esclareceu um crime de homic\u00eddio doloso e m menos de 24 horas e prendeu autor ap\u00f3s 32 horas do crime.<\/p>\n<p>De acordo com o delegado Regional de Joa\u00e7aba, Gilmar Ant\u00f4nio Bonamigo, o fato aconteceu por volta das 15h30min de ter\u00e7a-feira passada (08), \u00e0s margens da BR-282, Bairro S\u00e3o Br\u00e1s, na regi\u00e3o do Aeroporto, em Joa\u00e7aba. O corpo foi encontrado com um disparo de arma de fogo na cabe\u00e7a \u2013 sinal de execu\u00e7\u00e3o, sem qualquer documento de identifica\u00e7\u00e3o.&nbsp;<\/p>\n<p>A v\u00edtima, um jovem de 23 anos de idade, era residente da cidade de Almirante Tamandar\u00e9 (PR) e o autor do crime da cidade de Foz de Igua\u00e7u (PR). A divulga\u00e7\u00e3o das tatuagens fez com que a fam\u00edlia identificasse a v\u00edtima.<\/p>\n<p>O autor, com 36 anos de idade, natural de Foz do Igua\u00e7u, buscou a v\u00edtima em sua resid\u00eancia na segunda-feira, deslocaram-se para Lages, onde pernoitaram e, no in\u00edcio da tarde do dia 08, possivelmente hor\u00e1rio da execu\u00e7\u00e3o, esteve em Joa\u00e7aba. Logo ap\u00f3s o crime retornou para Campos Novos onde foi intensamente procurado pela equipe da DIC, por\u00e9m n\u00e3o localizado o ve\u00edculo. Isso porque a Pol\u00edcia at\u00e9 aquele momento s\u00f3 tinha imagens do ve\u00edculo de deslocamento de ambos \u2013 v\u00edtima e autor.<\/p>\n<p>Identificado o propriet\u00e1rio do ve\u00edculo e, em tese, a autoria, a autoridade policial da DIC representou pela expedi\u00e7\u00e3o de mandado de pris\u00e3o tempor\u00e1ria, entre outras cautelares e o poder Judici\u00e1rio decretou a pris\u00e3o do investigado.<\/p>\n<p>&nbsp;Por fim, com apoio da Pol\u00edcia Rodovi\u00e1ria Federal de Vacaria (RS), comunicada que o suspeito deslocava-se com seu ve\u00edculo na dire\u00e7\u00e3o do posto policial, a equipe da DIC alcan\u00e7ou o suspeito e conseguiram abord\u00e1-lo, mesmo com a tentativa de empreender fuga. O homem no momento da pris\u00e3o estava portando uma pistola de calibre .45.&nbsp;<span style=\"font-family: var( --e-global-typography-text-font-family ), Sans-serif; font-size: var( --e-global-typography-text-font-size );\">O preso j\u00e1 foi recambiado para Joa\u00e7aba onde permanecer\u00e1 \u00e0 disposi\u00e7\u00e3o do Poder Judici\u00e1rio.<\/span><\/p>\t\t\t\t\t\t\t\t<\/div>\n\t\t\t\t<\/div>\n\t\t\t\t\t<\/div>\n\t\t<\/div>\n\t\t\t\t\t<\/div>\n\t\t<\/section>\n\t\t\t\t<\/div>\n\t\t","protected":false},"excerpt":{"rendered":"<p>Em Joa\u00e7aba, Pol\u00edcia Civil elucida homic\u00eddio doloso em 24 horas e prende autor do crime A Pol\u00edcia Civil de Santa Catarina, por meio da Divis\u00e3o de Investiga\u00e7\u00e3o Criminal (DIC) de Joa\u00e7aba e com apoio da PRF de Vacaria (RS) esclareceu um crime de homic\u00eddio doloso e m menos de 24 horas e prendeu autor ap\u00f3s [&hellip;]<\/p>\n","protected":false},"author":5,"featured_media":12425,"comment_status":"closed","ping_status":"open","sticky":false,"template":"","format":"standard","meta":{"_monsterinsights_skip_tracking":false,"_monsterinsights_sitenote_active":false,"_monsterinsights_sitenote_note":"","_monsterinsights_sitenote_category":0,"footnotes":""},"categories":[1],"tags":[],"class_list":["post-12423","post","type-post","status-publish","format-standard","has-post-thumbnail","hentry","category-sem-categoria"],"_links":{"self":[{"href":"https:\/\/pc.sc.gov.br\/index.php?rest_route=\/wp\/v2\/posts\/12423","targetHints":{"allow":["GET"]}}],"collection":[{"href":"https:\/\/pc.sc.gov.br\/index.php?rest_route=\/wp\/v2\/posts"}],"about":[{"href":"https:\/\/pc.sc.gov.br\/index.php?rest_route=\/wp\/v2\/types\/post"}],"author":[{"embeddable":true,"href":"https:\/\/pc.sc.gov.br\/index.php?rest_route=\/wp\/v2\/users\/5"}],"replies":[{"embeddable":true,"href":"https:\/\/pc.sc.gov.br\/index.php?rest_route=%2Fwp%2Fv2%2Fcomments&post=12423"}],"version-history":[{"count":4,"href":"https:\/\/pc.sc.gov.br\/index.php?rest_route=\/wp\/v2\/posts\/12423\/revisions"}],"predecessor-version":[{"id":12429,"href":"https:\/\/pc.sc.gov.br\/index.php?rest_route=\/wp\/v2\/posts\/12423\/revisions\/12429"}],"wp:featuredmedia":[{"embeddable":true,"href":"https:\/\/pc.sc.gov.br\/index.php?rest_route=\/wp\/v2\/media\/12425"}],"wp:attachment":[{"href":"https:\/\/pc.sc.gov.br\/index.php?rest_route=%2Fwp%2Fv2%2Fmedia&parent=12423"}],"wp:term":[{"taxonomy":"category","embeddable":true,"href":"https:\/\/pc.sc.gov.br\/index.php?rest_route=%2Fwp%2Fv2%2Fcategories&post=12423"},{"taxonomy":"post_tag","embeddable":true,"href":"https:\/\/pc.sc.gov.br\/index.php?rest_route=%2Fwp%2Fv2%2Ftags&post=12423"}],"curies":[{"name":"wp","href":"https:\/\/api.w.org\/{rel}","templated":true}]}}