{"id":12430,"date":"2023-08-11T15:28:50","date_gmt":"2023-08-11T18:28:50","guid":{"rendered":"https:\/\/pc.sc.gov.br\/?p=12430"},"modified":"2023-08-11T15:29:57","modified_gmt":"2023-08-11T18:29:57","slug":"estatistica-criminal-da-policia-civil-revela-queda-de-furtos-e-roubos-de-veiculos-em-santa-catarina","status":"publish","type":"post","link":"https:\/\/pc.sc.gov.br\/?p=12430","title":{"rendered":"Estat\u00edstica criminal da Pol\u00edcia Civil revela queda de furtos e roubos de ve\u00edculos em Santa Catarina"},"content":{"rendered":"\t\t<div data-elementor-type=\"wp-post\" data-elementor-id=\"12430\" class=\"elementor elementor-12430\" data-elementor-post-type=\"post\">\n\t\t\t\t\t\t<section class=\"elementor-section elementor-top-section elementor-element elementor-element-5151540 elementor-section-boxed elementor-section-height-default elementor-section-height-default\" data-id=\"5151540\" data-element_type=\"section\">\n\t\t\t\t\t\t<div class=\"elementor-container elementor-column-gap-default\">\n\t\t\t\t\t<div class=\"elementor-column elementor-col-100 elementor-top-column elementor-element elementor-element-9092348\" data-id=\"9092348\" data-element_type=\"column\">\n\t\t\t<div class=\"elementor-widget-wrap elementor-element-populated\">\n\t\t\t\t\t\t<div class=\"elementor-element elementor-element-84c83c6 elementor-widget elementor-widget-heading\" data-id=\"84c83c6\" data-element_type=\"widget\" data-widget_type=\"heading.default\">\n\t\t\t\t<div class=\"elementor-widget-container\">\n\t\t\t\t\t<h2 class=\"elementor-heading-title elementor-size-default\">Estat\u00edstica criminal da Pol\u00edcia Civil revela queda de furtos e roubos de ve\u00edculos em Santa Catarina<\/h2>\t\t\t\t<\/div>\n\t\t\t\t<\/div>\n\t\t\t\t\t<\/div>\n\t\t<\/div>\n\t\t\t\t\t<\/div>\n\t\t<\/section>\n\t\t\t\t<section class=\"elementor-section elementor-top-section elementor-element elementor-element-d687da4 elementor-section-boxed elementor-section-height-default elementor-section-height-default\" data-id=\"d687da4\" data-element_type=\"section\">\n\t\t\t\t\t\t<div class=\"elementor-container elementor-column-gap-default\">\n\t\t\t\t\t<div class=\"elementor-column elementor-col-100 elementor-top-column elementor-element elementor-element-38bf293\" data-id=\"38bf293\" data-element_type=\"column\">\n\t\t\t<div class=\"elementor-widget-wrap elementor-element-populated\">\n\t\t\t\t\t\t<div class=\"elementor-element elementor-element-384d326 elementor-widget elementor-widget-image\" data-id=\"384d326\" data-element_type=\"widget\" data-widget_type=\"image.default\">\n\t\t\t\t<div class=\"elementor-widget-container\">\n\t\t\t\t\t\t\t\t\t\t\t\t\t\t\t<img fetchpriority=\"high\" decoding=\"async\" width=\"696\" height=\"583\" src=\"https:\/\/pc.sc.gov.br\/\/wp-content\/uploads\/2023\/08\/DEIC-GERAL.jpeg\" class=\"attachment-large size-large wp-image-12431\" alt=\"\" srcset=\"https:\/\/pc.sc.gov.br\/\/wp-content\/uploads\/2023\/08\/DEIC-GERAL.jpeg 940w, https:\/\/pc.sc.gov.br\/\/wp-content\/uploads\/2023\/08\/DEIC-GERAL-300x251.jpeg 300w, https:\/\/pc.sc.gov.br\/\/wp-content\/uploads\/2023\/08\/DEIC-GERAL-768x644.jpeg 768w\" sizes=\"(max-width: 696px) 100vw, 696px\" \/>\t\t\t\t\t\t\t\t\t\t\t\t\t\t\t<\/div>\n\t\t\t\t<\/div>\n\t\t\t\t\t<\/div>\n\t\t<\/div>\n\t\t\t\t\t<\/div>\n\t\t<\/section>\n\t\t\t\t<section class=\"elementor-section elementor-top-section elementor-element elementor-element-b88de15 elementor-section-boxed elementor-section-height-default elementor-section-height-default\" data-id=\"b88de15\" data-element_type=\"section\">\n\t\t\t\t\t\t<div class=\"elementor-container elementor-column-gap-default\">\n\t\t\t\t\t<div class=\"elementor-column elementor-col-100 elementor-top-column elementor-element elementor-element-b76732c\" data-id=\"b76732c\" data-element_type=\"column\">\n\t\t\t<div class=\"elementor-widget-wrap elementor-element-populated\">\n\t\t\t\t\t\t<div class=\"elementor-element elementor-element-118a0dc elementor-widget elementor-widget-text-editor\" data-id=\"118a0dc\" data-element_type=\"widget\" data-widget_type=\"text-editor.default\">\n\t\t\t\t<div class=\"elementor-widget-container\">\n\t\t\t\t\t\t\t\t\t<p>Ap\u00f3s an\u00e1lise das estat\u00edsticas criminais do ano de 2023, a Pol\u00edcia Civil de Santa Catarina apontou uma redu\u00e7\u00e3o de 14% nos furtos de ve\u00edculos e uma diminui\u00e7\u00e3o de 20% nos roubos, no primeiro semestre desse ano em compara\u00e7\u00e3o a 2022, em Santa Catarina. O dado \u00e9 da Delegacia de Furtos e Roubos de Ve\u00edculos da Diretoria Estadual de Investiga\u00e7\u00f5es Criminais (DFRV\/DEIC).<\/p><p>De acordo com o Delegado Diego Azevedo, titular da Delegacia de Furtos e Roubos de Ve\u00edculos da DEIC\/PCSC, as for\u00e7as de seguran\u00e7a est\u00e3o se voltando para o enfrentamento \u00e0 recepta\u00e7\u00e3o e ao com\u00e9rcio clandestino de pe\u00e7as automotivas. \u201c\u00c9 uma forma de banir esta pr\u00e1tica que fomenta os crimes anteriores, no caso o furto e o roubo e buscar \u00edndices ainda melhores para 2023\u201d, disse o delegado Diego.<\/p><p>Ele refor\u00e7ou que a redu\u00e7\u00e3o dos \u00edndices \u00e9 resultado do trabalho integrado dos \u00f3rg\u00e3os que comp\u00f5em o Sistema de Seguran\u00e7a P\u00fablica do Estado de Santa Catarina, tais como a Pol\u00edcia Civil, Pol\u00edcia Militar (PM), Guardas Municipais e Pol\u00edcia Rodovi\u00e1ria Federal (PRF).<\/p><p>Dentre as a\u00e7\u00f5es desenvolvidas no ano que contribu\u00edram para a redu\u00e7\u00e3o da incid\u00eancia criminal no segmento, destaque para as a\u00e7\u00f5es da Pol\u00edcia Civil no combate aos receptadores, com desarticula\u00e7\u00e3o de esquemas criminosos e fiscaliza\u00e7\u00e3o de estabelecimentos destinados ao com\u00e9rcio ilegal de autope\u00e7as usadas.<\/p><div>\u00a0<\/div>\t\t\t\t\t\t\t\t<\/div>\n\t\t\t\t<\/div>\n\t\t\t\t\t<\/div>\n\t\t<\/div>\n\t\t\t\t\t<\/div>\n\t\t<\/section>\n\t\t\t\t<\/div>\n\t\t","protected":false},"excerpt":{"rendered":"<p>Estat\u00edstica criminal da Pol\u00edcia Civil revela queda de furtos e roubos de ve\u00edculos em Santa Catarina Ap\u00f3s an\u00e1lise das estat\u00edsticas criminais do ano de 2023, a Pol\u00edcia Civil de Santa Catarina apontou uma redu\u00e7\u00e3o de 14% nos furtos de ve\u00edculos e uma diminui\u00e7\u00e3o de 20% nos roubos, no primeiro semestre desse ano em compara\u00e7\u00e3o a [&hellip;]<\/p>\n","protected":false},"author":5,"featured_media":12431,"comment_status":"closed","ping_status":"open","sticky":false,"template":"","format":"standard","meta":{"_monsterinsights_skip_tracking":false,"_monsterinsights_sitenote_active":false,"_monsterinsights_sitenote_note":"","_monsterinsights_sitenote_category":0,"footnotes":""},"categories":[1],"tags":[],"class_list":["post-12430","post","type-post","status-publish","format-standard","has-post-thumbnail","hentry","category-sem-categoria"],"_links":{"self":[{"href":"https:\/\/pc.sc.gov.br\/index.php?rest_route=\/wp\/v2\/posts\/12430","targetHints":{"allow":["GET"]}}],"collection":[{"href":"https:\/\/pc.sc.gov.br\/index.php?rest_route=\/wp\/v2\/posts"}],"about":[{"href":"https:\/\/pc.sc.gov.br\/index.php?rest_route=\/wp\/v2\/types\/post"}],"author":[{"embeddable":true,"href":"https:\/\/pc.sc.gov.br\/index.php?rest_route=\/wp\/v2\/users\/5"}],"replies":[{"embeddable":true,"href":"https:\/\/pc.sc.gov.br\/index.php?rest_route=%2Fwp%2Fv2%2Fcomments&post=12430"}],"version-history":[{"count":4,"href":"https:\/\/pc.sc.gov.br\/index.php?rest_route=\/wp\/v2\/posts\/12430\/revisions"}],"predecessor-version":[{"id":12435,"href":"https:\/\/pc.sc.gov.br\/index.php?rest_route=\/wp\/v2\/posts\/12430\/revisions\/12435"}],"wp:featuredmedia":[{"embeddable":true,"href":"https:\/\/pc.sc.gov.br\/index.php?rest_route=\/wp\/v2\/media\/12431"}],"wp:attachment":[{"href":"https:\/\/pc.sc.gov.br\/index.php?rest_route=%2Fwp%2Fv2%2Fmedia&parent=12430"}],"wp:term":[{"taxonomy":"category","embeddable":true,"href":"https:\/\/pc.sc.gov.br\/index.php?rest_route=%2Fwp%2Fv2%2Fcategories&post=12430"},{"taxonomy":"post_tag","embeddable":true,"href":"https:\/\/pc.sc.gov.br\/index.php?rest_route=%2Fwp%2Fv2%2Ftags&post=12430"}],"curies":[{"name":"wp","href":"https:\/\/api.w.org\/{rel}","templated":true}]}}