{"id":12436,"date":"2023-08-11T16:17:46","date_gmt":"2023-08-11T19:17:46","guid":{"rendered":"https:\/\/pc.sc.gov.br\/?p=12436"},"modified":"2023-08-11T16:32:54","modified_gmt":"2023-08-11T19:32:54","slug":"policia-civil-deflagra-operacao-terra-limpa-2-que-investiga-delitos-de-corrupcao-em-palhoca","status":"publish","type":"post","link":"https:\/\/pc.sc.gov.br\/?p=12436","title":{"rendered":"Pol\u00edcia Civil deflagra opera\u00e7\u00e3o Terra Limpa 2 que investiga delitos de corrup\u00e7\u00e3o em Palho\u00e7a"},"content":{"rendered":"\t\t<div data-elementor-type=\"wp-post\" data-elementor-id=\"12436\" class=\"elementor elementor-12436\" data-elementor-post-type=\"post\">\n\t\t\t\t\t\t<section class=\"elementor-section elementor-top-section elementor-element elementor-element-c2b31ac elementor-section-boxed elementor-section-height-default elementor-section-height-default\" data-id=\"c2b31ac\" data-element_type=\"section\">\n\t\t\t\t\t\t<div class=\"elementor-container elementor-column-gap-default\">\n\t\t\t\t\t<div class=\"elementor-column elementor-col-100 elementor-top-column elementor-element elementor-element-89fe6d8\" data-id=\"89fe6d8\" data-element_type=\"column\">\n\t\t\t<div class=\"elementor-widget-wrap elementor-element-populated\">\n\t\t\t\t\t\t<div class=\"elementor-element elementor-element-c1c1e19 elementor-widget elementor-widget-heading\" data-id=\"c1c1e19\" data-element_type=\"widget\" data-widget_type=\"heading.default\">\n\t\t\t\t<div class=\"elementor-widget-container\">\n\t\t\t\t\t<h2 class=\"elementor-heading-title elementor-size-default\">Pol\u00edcia Civil deflagra opera\u00e7\u00e3o Terra Limpa 2 que investiga delitos de corrup\u00e7\u00e3o em Palho\u00e7a<\/h2>\t\t\t\t<\/div>\n\t\t\t\t<\/div>\n\t\t\t\t\t<\/div>\n\t\t<\/div>\n\t\t\t\t\t<\/div>\n\t\t<\/section>\n\t\t\t\t<section class=\"elementor-section elementor-top-section elementor-element elementor-element-c7c776e elementor-section-boxed elementor-section-height-default elementor-section-height-default\" data-id=\"c7c776e\" data-element_type=\"section\">\n\t\t\t\t\t\t<div class=\"elementor-container elementor-column-gap-default\">\n\t\t\t\t\t<div class=\"elementor-column elementor-col-100 elementor-top-column elementor-element elementor-element-06310f6\" data-id=\"06310f6\" data-element_type=\"column\">\n\t\t\t<div class=\"elementor-widget-wrap elementor-element-populated\">\n\t\t\t\t\t\t<div class=\"elementor-element elementor-element-ec2f904 elementor-widget elementor-widget-image\" data-id=\"ec2f904\" data-element_type=\"widget\" data-widget_type=\"image.default\">\n\t\t\t\t<div class=\"elementor-widget-container\">\n\t\t\t\t\t\t\t\t\t\t\t\t\t\t\t<img fetchpriority=\"high\" decoding=\"async\" width=\"696\" height=\"522\" src=\"https:\/\/pc.sc.gov.br\/\/wp-content\/uploads\/2023\/08\/WhatsApp-Image-2023-08-11-at-09.06.21-1024x768.jpeg\" class=\"attachment-large size-large wp-image-12437\" alt=\"\" srcset=\"https:\/\/pc.sc.gov.br\/\/wp-content\/uploads\/2023\/08\/WhatsApp-Image-2023-08-11-at-09.06.21-1024x768.jpeg 1024w, https:\/\/pc.sc.gov.br\/\/wp-content\/uploads\/2023\/08\/WhatsApp-Image-2023-08-11-at-09.06.21-300x225.jpeg 300w, https:\/\/pc.sc.gov.br\/\/wp-content\/uploads\/2023\/08\/WhatsApp-Image-2023-08-11-at-09.06.21-768x576.jpeg 768w, https:\/\/pc.sc.gov.br\/\/wp-content\/uploads\/2023\/08\/WhatsApp-Image-2023-08-11-at-09.06.21.jpeg 1152w\" sizes=\"(max-width: 696px) 100vw, 696px\" \/>\t\t\t\t\t\t\t\t\t\t\t\t\t\t\t<\/div>\n\t\t\t\t<\/div>\n\t\t\t\t\t<\/div>\n\t\t<\/div>\n\t\t\t\t\t<\/div>\n\t\t<\/section>\n\t\t\t\t<section class=\"elementor-section elementor-top-section elementor-element elementor-element-c10f041 elementor-section-boxed elementor-section-height-default elementor-section-height-default\" data-id=\"c10f041\" data-element_type=\"section\">\n\t\t\t\t\t\t<div class=\"elementor-container elementor-column-gap-default\">\n\t\t\t\t\t<div class=\"elementor-column elementor-col-100 elementor-top-column elementor-element elementor-element-4edca11\" data-id=\"4edca11\" data-element_type=\"column\">\n\t\t\t<div class=\"elementor-widget-wrap elementor-element-populated\">\n\t\t\t\t\t\t<div class=\"elementor-element elementor-element-641243a elementor-widget elementor-widget-text-editor\" data-id=\"641243a\" data-element_type=\"widget\" data-widget_type=\"text-editor.default\">\n\t\t\t\t<div class=\"elementor-widget-container\">\n\t\t\t\t\t\t\t\t\t<p>A Pol\u00edcia Civil de Santa Catarina, por meio da 1\u00aa Delegacia de Combate \u00e0 Corrup\u00e7\u00e3o de Florian\u00f3polis (1\u00aa DECOR), deflagrou nesta sexta-feira (11) a Opera\u00e7\u00e3o Terra Limpa 2, dando cumprimento a mandados de busca e apreens\u00e3o no munic\u00edpio de Palho\u00e7a. A<span style=\"font-family: var( --e-global-typography-text-font-family ), Sans-serif; font-size: var( --e-global-typography-text-font-size );\">s dilig\u00eancias foram realizadas em endere\u00e7os residenciais e sala comercial pertencentes a servidor p\u00fablico municipal e seus familiares, investigados pela pr\u00e1tica, em tese, de crimes contra a Administra\u00e7\u00e3o P\u00fablica.<\/span><\/p>\n<p>O Inqu\u00e9rito Policial decorre de desmembramento de investiga\u00e7\u00e3o iniciada no ano de 2020 e que deu ensejo \u00e0 realiza\u00e7\u00e3o da Opera\u00e7\u00e3o Terra Limpa naquele ano. De acordo coma delegada Isabel Fauth, titular da 1\u00aa DECOR, apura-se, no procedimento em tr\u00e2mite, a ocorr\u00eancia dos delitos de corrup\u00e7\u00e3o passiva e ativa, entre outros, havendo ind\u00edcios de que o servidor municipal investigado, que atua no Setor de Fiscaliza\u00e7\u00e3o de Obras da Secretaria de Infraestrutura e Saneamento de Palho\u00e7a, recebia vantagem indevida para aprova\u00e7\u00e3o de obras de constru\u00e7\u00e3o civil em desacordo com a legisla\u00e7\u00e3o pertinente.&nbsp;<\/p>\n<p>Os trabalhos tamb\u00e9m apontam que o servidor e seus familiares mant\u00eam uma empresa de assessoria, a qual \u00e9 utilizada para dissimular a mercancia da fun\u00e7\u00e3o p\u00fablica e as transa\u00e7\u00f5es financeiras da\u00ed decorrentes.&nbsp;<span style=\"font-family: var( --e-global-typography-text-font-family ), Sans-serif; font-size: var( --e-global-typography-text-font-size );\">Al\u00e9m das buscas, restou determinado o afastamento cautelar do cargo de auditor fiscal de obras e posturas, bem como a proibi\u00e7\u00e3o de contato com demais servidores da referida Secretaria Municipal e de acesso aos pr\u00e9dios p\u00fablicos onde se encontrem instala\u00e7\u00f5es da pasta.<\/span><\/p>\n<p>As dilig\u00eancias contaram com o apoio da Coordenadoria Estadual de Combate \u00e0 Corrup\u00e7\u00e3o (CECOR), da Delegacia de Combate \u00e0 Corrup\u00e7\u00e3o da DEIC (DECOR\/DEIC) e do Laborat\u00f3rio de Tecnologia Contra Lavagem de Dinheiro da DEIC (LAB-LB).<\/p>\n<div>&nbsp;<\/div>\t\t\t\t\t\t\t\t<\/div>\n\t\t\t\t<\/div>\n\t\t\t\t\t<\/div>\n\t\t<\/div>\n\t\t\t\t\t<\/div>\n\t\t<\/section>\n\t\t\t\t<\/div>\n\t\t","protected":false},"excerpt":{"rendered":"<p>Pol\u00edcia Civil deflagra opera\u00e7\u00e3o Terra Limpa 2 que investiga delitos de corrup\u00e7\u00e3o em Palho\u00e7a A Pol\u00edcia Civil de Santa Catarina, por meio da 1\u00aa Delegacia de Combate \u00e0 Corrup\u00e7\u00e3o de Florian\u00f3polis (1\u00aa DECOR), deflagrou nesta sexta-feira (11) a Opera\u00e7\u00e3o Terra Limpa 2, dando cumprimento a mandados de busca e apreens\u00e3o no munic\u00edpio de Palho\u00e7a. As [&hellip;]<\/p>\n","protected":false},"author":5,"featured_media":12437,"comment_status":"closed","ping_status":"open","sticky":false,"template":"","format":"standard","meta":{"_monsterinsights_skip_tracking":false,"_monsterinsights_sitenote_active":false,"_monsterinsights_sitenote_note":"","_monsterinsights_sitenote_category":0,"footnotes":""},"categories":[1],"tags":[],"class_list":["post-12436","post","type-post","status-publish","format-standard","has-post-thumbnail","hentry","category-sem-categoria"],"_links":{"self":[{"href":"https:\/\/pc.sc.gov.br\/index.php?rest_route=\/wp\/v2\/posts\/12436","targetHints":{"allow":["GET"]}}],"collection":[{"href":"https:\/\/pc.sc.gov.br\/index.php?rest_route=\/wp\/v2\/posts"}],"about":[{"href":"https:\/\/pc.sc.gov.br\/index.php?rest_route=\/wp\/v2\/types\/post"}],"author":[{"embeddable":true,"href":"https:\/\/pc.sc.gov.br\/index.php?rest_route=\/wp\/v2\/users\/5"}],"replies":[{"embeddable":true,"href":"https:\/\/pc.sc.gov.br\/index.php?rest_route=%2Fwp%2Fv2%2Fcomments&post=12436"}],"version-history":[{"count":4,"href":"https:\/\/pc.sc.gov.br\/index.php?rest_route=\/wp\/v2\/posts\/12436\/revisions"}],"predecessor-version":[{"id":12441,"href":"https:\/\/pc.sc.gov.br\/index.php?rest_route=\/wp\/v2\/posts\/12436\/revisions\/12441"}],"wp:featuredmedia":[{"embeddable":true,"href":"https:\/\/pc.sc.gov.br\/index.php?rest_route=\/wp\/v2\/media\/12437"}],"wp:attachment":[{"href":"https:\/\/pc.sc.gov.br\/index.php?rest_route=%2Fwp%2Fv2%2Fmedia&parent=12436"}],"wp:term":[{"taxonomy":"category","embeddable":true,"href":"https:\/\/pc.sc.gov.br\/index.php?rest_route=%2Fwp%2Fv2%2Fcategories&post=12436"},{"taxonomy":"post_tag","embeddable":true,"href":"https:\/\/pc.sc.gov.br\/index.php?rest_route=%2Fwp%2Fv2%2Ftags&post=12436"}],"curies":[{"name":"wp","href":"https:\/\/api.w.org\/{rel}","templated":true}]}}