{"id":12442,"date":"2023-08-11T16:43:17","date_gmt":"2023-08-11T19:43:17","guid":{"rendered":"https:\/\/pc.sc.gov.br\/?p=12442"},"modified":"2023-08-11T16:46:26","modified_gmt":"2023-08-11T19:46:26","slug":"investigacao-conduzida-pela-dic-de-lages-resulta-na-prisao-de-tres-pessoas-por-trafico-de-drogas-em-florianopolis","status":"publish","type":"post","link":"https:\/\/pc.sc.gov.br\/?p=12442","title":{"rendered":"Investiga\u00e7\u00e3o conduzida pela DIC de Lages resulta na pris\u00e3o de tr\u00eas pessoas por tr\u00e1fico de drogas em Florian\u00f3polis"},"content":{"rendered":"\t\t<div data-elementor-type=\"wp-post\" data-elementor-id=\"12442\" class=\"elementor elementor-12442\" data-elementor-post-type=\"post\">\n\t\t\t\t\t\t<section class=\"elementor-section elementor-top-section elementor-element elementor-element-b2b9b4b elementor-section-boxed elementor-section-height-default elementor-section-height-default\" data-id=\"b2b9b4b\" data-element_type=\"section\">\n\t\t\t\t\t\t<div class=\"elementor-container elementor-column-gap-default\">\n\t\t\t\t\t<div class=\"elementor-column elementor-col-100 elementor-top-column elementor-element elementor-element-0cc42d6\" data-id=\"0cc42d6\" data-element_type=\"column\">\n\t\t\t<div class=\"elementor-widget-wrap elementor-element-populated\">\n\t\t\t\t\t\t<div class=\"elementor-element elementor-element-cad3f2b elementor-widget elementor-widget-heading\" data-id=\"cad3f2b\" data-element_type=\"widget\" data-widget_type=\"heading.default\">\n\t\t\t\t<div class=\"elementor-widget-container\">\n\t\t\t\t\t<h2 class=\"elementor-heading-title elementor-size-default\">Investiga\u00e7\u00e3o conduzida pela DIC de Lages resulta na pris\u00e3o de tr\u00eas pessoas por tr\u00e1fico de drogas em Florian\u00f3polis<\/h2>\t\t\t\t<\/div>\n\t\t\t\t<\/div>\n\t\t\t\t\t<\/div>\n\t\t<\/div>\n\t\t\t\t\t<\/div>\n\t\t<\/section>\n\t\t\t\t<section class=\"elementor-section elementor-top-section elementor-element elementor-element-daecae8 elementor-section-boxed elementor-section-height-default elementor-section-height-default\" data-id=\"daecae8\" data-element_type=\"section\">\n\t\t\t\t\t\t<div class=\"elementor-container elementor-column-gap-default\">\n\t\t\t\t\t<div class=\"elementor-column elementor-col-100 elementor-top-column elementor-element elementor-element-c408cc9\" data-id=\"c408cc9\" data-element_type=\"column\">\n\t\t\t<div class=\"elementor-widget-wrap elementor-element-populated\">\n\t\t\t\t\t\t<div class=\"elementor-element elementor-element-bb1971b elementor-widget elementor-widget-image\" data-id=\"bb1971b\" data-element_type=\"widget\" data-widget_type=\"image.default\">\n\t\t\t\t<div class=\"elementor-widget-container\">\n\t\t\t\t\t\t\t\t\t\t\t\t\t\t\t<img fetchpriority=\"high\" decoding=\"async\" width=\"540\" height=\"318\" src=\"https:\/\/pc.sc.gov.br\/\/wp-content\/uploads\/2023\/08\/WhatsApp-Image-2023-06-26-at-15.29.00-1.jpeg\" class=\"attachment-large size-large wp-image-12272\" alt=\"\" srcset=\"https:\/\/pc.sc.gov.br\/\/wp-content\/uploads\/2023\/08\/WhatsApp-Image-2023-06-26-at-15.29.00-1.jpeg 540w, https:\/\/pc.sc.gov.br\/\/wp-content\/uploads\/2023\/08\/WhatsApp-Image-2023-06-26-at-15.29.00-1-300x177.jpeg 300w\" sizes=\"(max-width: 540px) 100vw, 540px\" \/>\t\t\t\t\t\t\t\t\t\t\t\t\t\t\t<\/div>\n\t\t\t\t<\/div>\n\t\t\t\t\t<\/div>\n\t\t<\/div>\n\t\t\t\t\t<\/div>\n\t\t<\/section>\n\t\t\t\t<section class=\"elementor-section elementor-top-section elementor-element elementor-element-94666fc elementor-section-boxed elementor-section-height-default elementor-section-height-default\" data-id=\"94666fc\" data-element_type=\"section\">\n\t\t\t\t\t\t<div class=\"elementor-container elementor-column-gap-default\">\n\t\t\t\t\t<div class=\"elementor-column elementor-col-100 elementor-top-column elementor-element elementor-element-1291ff1\" data-id=\"1291ff1\" data-element_type=\"column\">\n\t\t\t<div class=\"elementor-widget-wrap elementor-element-populated\">\n\t\t\t\t\t\t<div class=\"elementor-element elementor-element-6c9a751 elementor-widget elementor-widget-text-editor\" data-id=\"6c9a751\" data-element_type=\"widget\" data-widget_type=\"text-editor.default\">\n\t\t\t\t<div class=\"elementor-widget-container\">\n\t\t\t\t\t\t\t\t\t<p>A Pol\u00edcia Civil de Santa Catarina, por meio da Divis\u00e3o de Investiga\u00e7\u00e3o Criminal (DIC) de Lages e Delegacia de Pol\u00edcia de Bom Retiro, realizou nesta sexta-feira (11) opera\u00e7\u00e3o policial no bairro Cachoeira do Bom Jesus, em Florian\u00f3polis, visando o cumprimento de mandados de busca residencial e pris\u00e3o de investigados pelos delitos de tr\u00e1fico de drogas e associa\u00e7\u00e3o para o tr\u00e1fico de drogas.&nbsp;<\/p>\n<p>A opera\u00e7\u00e3o resultou na pris\u00e3o de tr\u00eas pessoas em flagrante delito pela pr\u00e1tica dos crimes de tr\u00e1fico de drogas e associa\u00e7\u00e3o para o tr\u00e1fico de drogas.&nbsp;<span style=\"font-family: var( --e-global-typography-text-font-family ), Sans-serif; font-size: var( --e-global-typography-text-font-size );\">Os investigados foram flagrados armazenando\/guardando diversos tipos de drogas, dentre os il\u00edcitos, foram apreendidos maconha, coca\u00edna e ecstasy, al\u00e9m de dinheiro em esp\u00e9cie e outros itens de interesse para investiga\u00e7\u00e3o.&nbsp;<\/span><\/p>\n<p>Al\u00e9m da lavratura do auto de pris\u00e3o em flagrante, foi dado cumprimento a mandado de pris\u00e3o de crime de roubo em rela\u00e7\u00e3o a um dos conduzidos, o qual estava foragido da justi\u00e7a. Realizados os procedimentos legais,&nbsp;<span style=\"font-family: var( --e-global-typography-primary-font-family ), Sans-serif; font-size: var( --e-global-typography-primary-font-size ); font-weight: var( --e-global-typography-primary-font-weight ); letter-spacing: var( --e-global-typography-primary-letter-spacing );\">os conduzidos foram encaminhados para o sistema prisional.<\/span><\/p>\n<p><\/p>\t\t\t\t\t\t\t\t<\/div>\n\t\t\t\t<\/div>\n\t\t\t\t\t<\/div>\n\t\t<\/div>\n\t\t\t\t\t<\/div>\n\t\t<\/section>\n\t\t\t\t<\/div>\n\t\t","protected":false},"excerpt":{"rendered":"<p>Investiga\u00e7\u00e3o conduzida pela DIC de Lages resulta na pris\u00e3o de tr\u00eas pessoas por tr\u00e1fico de drogas em Florian\u00f3polis A Pol\u00edcia Civil de Santa Catarina, por meio da Divis\u00e3o de Investiga\u00e7\u00e3o Criminal (DIC) de Lages e Delegacia de Pol\u00edcia de Bom Retiro, realizou nesta sexta-feira (11) opera\u00e7\u00e3o policial no bairro Cachoeira do Bom Jesus, em Florian\u00f3polis, [&hellip;]<\/p>\n","protected":false},"author":5,"featured_media":11857,"comment_status":"closed","ping_status":"open","sticky":false,"template":"","format":"standard","meta":{"_monsterinsights_skip_tracking":false,"_monsterinsights_sitenote_active":false,"_monsterinsights_sitenote_note":"","_monsterinsights_sitenote_category":0,"footnotes":""},"categories":[1],"tags":[],"class_list":["post-12442","post","type-post","status-publish","format-standard","has-post-thumbnail","hentry","category-sem-categoria"],"_links":{"self":[{"href":"https:\/\/pc.sc.gov.br\/index.php?rest_route=\/wp\/v2\/posts\/12442","targetHints":{"allow":["GET"]}}],"collection":[{"href":"https:\/\/pc.sc.gov.br\/index.php?rest_route=\/wp\/v2\/posts"}],"about":[{"href":"https:\/\/pc.sc.gov.br\/index.php?rest_route=\/wp\/v2\/types\/post"}],"author":[{"embeddable":true,"href":"https:\/\/pc.sc.gov.br\/index.php?rest_route=\/wp\/v2\/users\/5"}],"replies":[{"embeddable":true,"href":"https:\/\/pc.sc.gov.br\/index.php?rest_route=%2Fwp%2Fv2%2Fcomments&post=12442"}],"version-history":[{"count":4,"href":"https:\/\/pc.sc.gov.br\/index.php?rest_route=\/wp\/v2\/posts\/12442\/revisions"}],"predecessor-version":[{"id":12447,"href":"https:\/\/pc.sc.gov.br\/index.php?rest_route=\/wp\/v2\/posts\/12442\/revisions\/12447"}],"wp:featuredmedia":[{"embeddable":true,"href":"https:\/\/pc.sc.gov.br\/index.php?rest_route=\/wp\/v2\/media\/11857"}],"wp:attachment":[{"href":"https:\/\/pc.sc.gov.br\/index.php?rest_route=%2Fwp%2Fv2%2Fmedia&parent=12442"}],"wp:term":[{"taxonomy":"category","embeddable":true,"href":"https:\/\/pc.sc.gov.br\/index.php?rest_route=%2Fwp%2Fv2%2Fcategories&post=12442"},{"taxonomy":"post_tag","embeddable":true,"href":"https:\/\/pc.sc.gov.br\/index.php?rest_route=%2Fwp%2Fv2%2Ftags&post=12442"}],"curies":[{"name":"wp","href":"https:\/\/api.w.org\/{rel}","templated":true}]}}