{"id":12448,"date":"2023-08-11T17:38:45","date_gmt":"2023-08-11T20:38:45","guid":{"rendered":"https:\/\/pc.sc.gov.br\/?p=12448"},"modified":"2023-08-11T17:40:47","modified_gmt":"2023-08-11T20:40:47","slug":"na-capital-dpa-indicia-ex-proprietaria-de-canil-por-maus-tratos-a-animais-uso-de-documento-falso-e-exercicio-irregular-da-profissao","status":"publish","type":"post","link":"https:\/\/pc.sc.gov.br\/?p=12448","title":{"rendered":"Na Capital, DPA indicia ex-propriet\u00e1ria de canil por maus-tratos a animais, uso de documento falso e exerc\u00edcio irregular da profiss\u00e3o"},"content":{"rendered":"\t\t<div data-elementor-type=\"wp-post\" data-elementor-id=\"12448\" class=\"elementor elementor-12448\" data-elementor-post-type=\"post\">\n\t\t\t\t\t\t<section class=\"elementor-section elementor-top-section elementor-element elementor-element-faadb7e elementor-section-boxed elementor-section-height-default elementor-section-height-default\" data-id=\"faadb7e\" data-element_type=\"section\">\n\t\t\t\t\t\t<div class=\"elementor-container elementor-column-gap-default\">\n\t\t\t\t\t<div class=\"elementor-column elementor-col-100 elementor-top-column elementor-element elementor-element-53a206c\" data-id=\"53a206c\" data-element_type=\"column\">\n\t\t\t<div class=\"elementor-widget-wrap elementor-element-populated\">\n\t\t\t\t\t\t<div class=\"elementor-element elementor-element-8e8aec0 elementor-widget elementor-widget-heading\" data-id=\"8e8aec0\" data-element_type=\"widget\" data-widget_type=\"heading.default\">\n\t\t\t\t<div class=\"elementor-widget-container\">\n\t\t\t\t\t<h2 class=\"elementor-heading-title elementor-size-default\">Na Capital, DPA indicia ex-propriet\u00e1ria de canil por maus-tratos a animais, uso de documento falso e exerc\u00edcio irregular da profiss\u00e3o<\/h2>\t\t\t\t<\/div>\n\t\t\t\t<\/div>\n\t\t\t\t\t<\/div>\n\t\t<\/div>\n\t\t\t\t\t<\/div>\n\t\t<\/section>\n\t\t\t\t<section class=\"elementor-section elementor-top-section elementor-element elementor-element-ac1818f elementor-section-boxed elementor-section-height-default elementor-section-height-default\" data-id=\"ac1818f\" data-element_type=\"section\">\n\t\t\t\t\t\t<div class=\"elementor-container elementor-column-gap-default\">\n\t\t\t\t\t<div class=\"elementor-column elementor-col-100 elementor-top-column elementor-element elementor-element-02f171e\" data-id=\"02f171e\" data-element_type=\"column\">\n\t\t\t<div class=\"elementor-widget-wrap elementor-element-populated\">\n\t\t\t\t\t\t<div class=\"elementor-element elementor-element-82f17fa elementor-widget elementor-widget-image\" data-id=\"82f17fa\" data-element_type=\"widget\" data-widget_type=\"image.default\">\n\t\t\t\t<div class=\"elementor-widget-container\">\n\t\t\t\t\t\t\t\t\t\t\t\t\t\t\t<img fetchpriority=\"high\" decoding=\"async\" width=\"582\" height=\"735\" src=\"https:\/\/pc.sc.gov.br\/\/wp-content\/uploads\/2023\/08\/Cao-canil-campeche.png\" class=\"attachment-large size-large wp-image-12449\" alt=\"\" srcset=\"https:\/\/pc.sc.gov.br\/\/wp-content\/uploads\/2023\/08\/Cao-canil-campeche.png 582w, https:\/\/pc.sc.gov.br\/\/wp-content\/uploads\/2023\/08\/Cao-canil-campeche-238x300.png 238w\" sizes=\"(max-width: 582px) 100vw, 582px\" \/>\t\t\t\t\t\t\t\t\t\t\t\t\t\t\t<\/div>\n\t\t\t\t<\/div>\n\t\t\t\t\t<\/div>\n\t\t<\/div>\n\t\t\t\t\t<\/div>\n\t\t<\/section>\n\t\t\t\t<section class=\"elementor-section elementor-top-section elementor-element elementor-element-ef8b022 elementor-section-boxed elementor-section-height-default elementor-section-height-default\" data-id=\"ef8b022\" data-element_type=\"section\">\n\t\t\t\t\t\t<div class=\"elementor-container elementor-column-gap-default\">\n\t\t\t\t\t<div class=\"elementor-column elementor-col-100 elementor-top-column elementor-element elementor-element-10be436\" data-id=\"10be436\" data-element_type=\"column\">\n\t\t\t<div class=\"elementor-widget-wrap elementor-element-populated\">\n\t\t\t\t\t\t<div class=\"elementor-element elementor-element-a8c2dd0 elementor-widget elementor-widget-text-editor\" data-id=\"a8c2dd0\" data-element_type=\"widget\" data-widget_type=\"text-editor.default\">\n\t\t\t\t<div class=\"elementor-widget-container\">\n\t\t\t\t\t\t\t\t\t<p>A Pol\u00edcia Civil de Santa Catarina, por meio da Divis\u00e3o de Prote\u00e7\u00e3o Animal (DPA) da Grande Florian\u00f3polis, concluiu investiga\u00e7\u00e3o criminal referente a canil irregular, no bairro Campeche, na Capital.<\/p>\n<p>De acordo com a delegada Mardjoli Valcareggi, titular da DPA, em janeiro de 2023, antes da cria\u00e7\u00e3o da DPA, a DIBEA de Florian\u00f3polis realizou fiscaliza\u00e7\u00e3o no local, com resgate de 39 c\u00e3es, devido ao n\u00e3o atendimento das notifica\u00e7\u00f5es anteriores para adequa\u00e7\u00e3o da atividade, bem como maus-tratos aos animais.&nbsp;<span style=\"font-family: var( --e-global-typography-primary-font-family ), Sans-serif; font-size: var( --e-global-typography-primary-font-size ); font-weight: var( --e-global-typography-primary-font-weight ); letter-spacing: var( --e-global-typography-primary-letter-spacing );\">\u201cCom a cria\u00e7\u00e3o da unidade especializada, adveio documenta\u00e7\u00e3o atinente ao caso, com relat\u00f3rio dos materiais apreendidos e laudos m\u00e9dico veterin\u00e1rios de atendimento dos c\u00e3es, dando conta da caracteriza\u00e7\u00e3o do crime de maus-tratos qualificado devido \u00e0s condi\u00e7\u00f5es do ambiente e de sa\u00fade dos animais\u201d, disse a delegada Mardjoli.<\/span><\/p>\n<p>Ainda, pela an\u00e1lise dos documentos recebidos e interrogat\u00f3rio da suspeita, verificou-se que a propriet\u00e1ria do estabelecimento e outra mulher, identificada ao longo da investiga\u00e7\u00e3o, tamb\u00e9m usaram carteiras de vacina\u00e7\u00e3o falsas, com dados de m\u00e9dico veterin\u00e1rio inexistente, bem como aplicaram vacinas em c\u00e3es por elas tutelados, o que \u00e9 de atribui\u00e7\u00e3o privativa do profissional da \u00e1rea.<\/p>\n<p>Finalizado o procedimento na Divis\u00e3o de Prote\u00e7\u00e3o Animal (DPA), com a colheita de provas e indiciamento das investigadas, o inqu\u00e9rito policial foi remetido ao Poder Judici\u00e1rio.<\/p>\n<div>&nbsp;<\/div>\t\t\t\t\t\t\t\t<\/div>\n\t\t\t\t<\/div>\n\t\t\t\t\t<\/div>\n\t\t<\/div>\n\t\t\t\t\t<\/div>\n\t\t<\/section>\n\t\t\t\t<\/div>\n\t\t","protected":false},"excerpt":{"rendered":"<p>Na Capital, DPA indicia ex-propriet\u00e1ria de canil por maus-tratos a animais, uso de documento falso e exerc\u00edcio irregular da profiss\u00e3o A Pol\u00edcia Civil de Santa Catarina, por meio da Divis\u00e3o de Prote\u00e7\u00e3o Animal (DPA) da Grande Florian\u00f3polis, concluiu investiga\u00e7\u00e3o criminal referente a canil irregular, no bairro Campeche, na Capital. De acordo com a delegada Mardjoli [&hellip;]<\/p>\n","protected":false},"author":5,"featured_media":12449,"comment_status":"closed","ping_status":"open","sticky":false,"template":"","format":"standard","meta":{"_monsterinsights_skip_tracking":false,"_monsterinsights_sitenote_active":false,"_monsterinsights_sitenote_note":"","_monsterinsights_sitenote_category":0,"footnotes":""},"categories":[1],"tags":[],"class_list":["post-12448","post","type-post","status-publish","format-standard","has-post-thumbnail","hentry","category-sem-categoria"],"_links":{"self":[{"href":"https:\/\/pc.sc.gov.br\/index.php?rest_route=\/wp\/v2\/posts\/12448","targetHints":{"allow":["GET"]}}],"collection":[{"href":"https:\/\/pc.sc.gov.br\/index.php?rest_route=\/wp\/v2\/posts"}],"about":[{"href":"https:\/\/pc.sc.gov.br\/index.php?rest_route=\/wp\/v2\/types\/post"}],"author":[{"embeddable":true,"href":"https:\/\/pc.sc.gov.br\/index.php?rest_route=\/wp\/v2\/users\/5"}],"replies":[{"embeddable":true,"href":"https:\/\/pc.sc.gov.br\/index.php?rest_route=%2Fwp%2Fv2%2Fcomments&post=12448"}],"version-history":[{"count":4,"href":"https:\/\/pc.sc.gov.br\/index.php?rest_route=\/wp\/v2\/posts\/12448\/revisions"}],"predecessor-version":[{"id":12453,"href":"https:\/\/pc.sc.gov.br\/index.php?rest_route=\/wp\/v2\/posts\/12448\/revisions\/12453"}],"wp:featuredmedia":[{"embeddable":true,"href":"https:\/\/pc.sc.gov.br\/index.php?rest_route=\/wp\/v2\/media\/12449"}],"wp:attachment":[{"href":"https:\/\/pc.sc.gov.br\/index.php?rest_route=%2Fwp%2Fv2%2Fmedia&parent=12448"}],"wp:term":[{"taxonomy":"category","embeddable":true,"href":"https:\/\/pc.sc.gov.br\/index.php?rest_route=%2Fwp%2Fv2%2Fcategories&post=12448"},{"taxonomy":"post_tag","embeddable":true,"href":"https:\/\/pc.sc.gov.br\/index.php?rest_route=%2Fwp%2Fv2%2Ftags&post=12448"}],"curies":[{"name":"wp","href":"https:\/\/api.w.org\/{rel}","templated":true}]}}