{"id":12454,"date":"2023-08-11T18:01:06","date_gmt":"2023-08-11T21:01:06","guid":{"rendered":"https:\/\/pc.sc.gov.br\/?p=12454"},"modified":"2023-08-11T18:04:44","modified_gmt":"2023-08-11T21:04:44","slug":"em-bombinhas-policia-civil-prende-dois-investigados-por-roubo-em-porto-belo-e-apreende-drogas-dinheiro-e-veiculo","status":"publish","type":"post","link":"https:\/\/pc.sc.gov.br\/?p=12454","title":{"rendered":"Em Bombinhas, Pol\u00edcia Civil prende dois investigados por roubo em Porto Belo e apreende drogas, dinheiro e ve\u00edculo"},"content":{"rendered":"\t\t<div data-elementor-type=\"wp-post\" data-elementor-id=\"12454\" class=\"elementor elementor-12454\" data-elementor-post-type=\"post\">\n\t\t\t\t\t\t<section class=\"elementor-section elementor-top-section elementor-element elementor-element-2bb5fb5 elementor-section-boxed elementor-section-height-default elementor-section-height-default\" data-id=\"2bb5fb5\" data-element_type=\"section\">\n\t\t\t\t\t\t<div class=\"elementor-container elementor-column-gap-default\">\n\t\t\t\t\t<div class=\"elementor-column elementor-col-100 elementor-top-column elementor-element elementor-element-e1b1604\" data-id=\"e1b1604\" data-element_type=\"column\">\n\t\t\t<div class=\"elementor-widget-wrap elementor-element-populated\">\n\t\t\t\t\t\t<div class=\"elementor-element elementor-element-e26ce7f elementor-widget elementor-widget-heading\" data-id=\"e26ce7f\" data-element_type=\"widget\" data-widget_type=\"heading.default\">\n\t\t\t\t<div class=\"elementor-widget-container\">\n\t\t\t\t\t<h2 class=\"elementor-heading-title elementor-size-default\">Em Bombinhas, Pol\u00edcia Civil prende dois investigados por roubo em Porto Belo e apreende drogas, dinheiro e ve\u00edculo<\/h2>\t\t\t\t<\/div>\n\t\t\t\t<\/div>\n\t\t\t\t\t<\/div>\n\t\t<\/div>\n\t\t\t\t\t<\/div>\n\t\t<\/section>\n\t\t\t\t<section class=\"elementor-section elementor-top-section elementor-element elementor-element-2918879 elementor-section-boxed elementor-section-height-default elementor-section-height-default\" data-id=\"2918879\" data-element_type=\"section\">\n\t\t\t\t\t\t<div class=\"elementor-container elementor-column-gap-default\">\n\t\t\t\t\t<div class=\"elementor-column elementor-col-100 elementor-top-column elementor-element elementor-element-28d4380\" data-id=\"28d4380\" data-element_type=\"column\">\n\t\t\t<div class=\"elementor-widget-wrap elementor-element-populated\">\n\t\t\t\t\t\t<div class=\"elementor-element elementor-element-c1a60fa elementor-widget elementor-widget-image\" data-id=\"c1a60fa\" data-element_type=\"widget\" data-widget_type=\"image.default\">\n\t\t\t\t<div class=\"elementor-widget-container\">\n\t\t\t\t\t\t\t\t\t\t\t\t\t\t\t<img fetchpriority=\"high\" decoding=\"async\" width=\"576\" height=\"1024\" src=\"https:\/\/pc.sc.gov.br\/\/wp-content\/uploads\/2023\/08\/WhatsApp-Image-2023-08-11-at-17.21.01-576x1024.jpeg\" class=\"attachment-large size-large wp-image-12455\" alt=\"\" srcset=\"https:\/\/pc.sc.gov.br\/\/wp-content\/uploads\/2023\/08\/WhatsApp-Image-2023-08-11-at-17.21.01-576x1024.jpeg 576w, https:\/\/pc.sc.gov.br\/\/wp-content\/uploads\/2023\/08\/WhatsApp-Image-2023-08-11-at-17.21.01-169x300.jpeg 169w, https:\/\/pc.sc.gov.br\/\/wp-content\/uploads\/2023\/08\/WhatsApp-Image-2023-08-11-at-17.21.01-768x1365.jpeg 768w, https:\/\/pc.sc.gov.br\/\/wp-content\/uploads\/2023\/08\/WhatsApp-Image-2023-08-11-at-17.21.01-864x1536.jpeg 864w, https:\/\/pc.sc.gov.br\/\/wp-content\/uploads\/2023\/08\/WhatsApp-Image-2023-08-11-at-17.21.01.jpeg 900w\" sizes=\"(max-width: 576px) 100vw, 576px\" \/>\t\t\t\t\t\t\t\t\t\t\t\t\t\t\t<\/div>\n\t\t\t\t<\/div>\n\t\t\t\t\t<\/div>\n\t\t<\/div>\n\t\t\t\t\t<\/div>\n\t\t<\/section>\n\t\t\t\t<section class=\"elementor-section elementor-top-section elementor-element elementor-element-4279c7a elementor-section-boxed elementor-section-height-default elementor-section-height-default\" data-id=\"4279c7a\" data-element_type=\"section\">\n\t\t\t\t\t\t<div class=\"elementor-container elementor-column-gap-default\">\n\t\t\t\t\t<div class=\"elementor-column elementor-col-100 elementor-top-column elementor-element elementor-element-2ee989b\" data-id=\"2ee989b\" data-element_type=\"column\">\n\t\t\t<div class=\"elementor-widget-wrap elementor-element-populated\">\n\t\t\t\t\t\t<div class=\"elementor-element elementor-element-8af6d1a elementor-widget elementor-widget-text-editor\" data-id=\"8af6d1a\" data-element_type=\"widget\" data-widget_type=\"text-editor.default\">\n\t\t\t\t<div class=\"elementor-widget-container\">\n\t\t\t\t\t\t\t\t\t<p>A Pol\u00edcia Civil, por meio das Delegacias de Porto Belo e de Bombinhas, cumpriu na quinta-feira (10) mandados de busca e apreens\u00e3o em Bombinhas, em uma investiga\u00e7\u00e3o de um roubo ocorrido no \u00faltimo dia 23\/07 em uma loja de facas em Porto Belo.<\/p>\n<p>De acordo com a investiga\u00e7\u00e3o, um ve\u00edculo Ford Fusion, de cor preta, posteriormente identificado, teria dado apoio \u00e0 a\u00e7\u00e3o, levando o autor armado at\u00e9 o local e depois garantido sua fuga.&nbsp;<\/p>\n<p>Um homem e uma mulher que permaneceram no ve\u00edculo foram identificados e al\u00e9m do roubo, tamb\u00e9m foram presos em flagrante por tr\u00e1fico de drogas, associa\u00e7\u00e3o para o tr\u00e1fico e desacato, em Quatro Ilhas, Bombinhas.&nbsp;<\/p>\n<p>O ve\u00edculo utilizado no crime em Porto Belo, R$ 1.200,00 e outros objetos tamb\u00e9m foram apreendidos judicialmente. O casal havia ganhado liberdade h\u00e1 cerca de dois meses, estavam presos no Paran\u00e1 por tr\u00e1fico internacional de drogas. Ap\u00f3s os procedimentos na Delegacia de Porto Belo, o casal foi encaminhado ao Pres\u00eddio, permanecendo \u00e0 disposi\u00e7\u00e3o da Justi\u00e7a.<\/p>\n<p>A Pol\u00edcia Civil pede apoio da popula\u00e7\u00e3o a fim de identificar o terceiro integrante do grupo, que ingressa armado nos estabelecimentos, amea\u00e7a os propriet\u00e1rios e leva correntes de ouro e celular. Qualquer informa\u00e7\u00e3o an\u00f4nima pode ser encaminhada pelas redes sociais da Delegacia de Porto Belo e Bombinhas (facebook, instagran), whatsapp da Pol\u00edcia Civil (48) 98844-0011 e disque den\u00fancia 181.&nbsp;<\/p>\n<div>&nbsp;<\/div>\t\t\t\t\t\t\t\t<\/div>\n\t\t\t\t<\/div>\n\t\t\t\t\t<\/div>\n\t\t<\/div>\n\t\t\t\t\t<\/div>\n\t\t<\/section>\n\t\t\t\t<\/div>\n\t\t","protected":false},"excerpt":{"rendered":"<p>Em Bombinhas, Pol\u00edcia Civil prende dois investigados por roubo em Porto Belo e apreende drogas, dinheiro e ve\u00edculo A Pol\u00edcia Civil, por meio das Delegacias de Porto Belo e de Bombinhas, cumpriu na quinta-feira (10) mandados de busca e apreens\u00e3o em Bombinhas, em uma investiga\u00e7\u00e3o de um roubo ocorrido no \u00faltimo dia 23\/07 em uma [&hellip;]<\/p>\n","protected":false},"author":5,"featured_media":12455,"comment_status":"closed","ping_status":"open","sticky":false,"template":"","format":"standard","meta":{"_monsterinsights_skip_tracking":false,"_monsterinsights_sitenote_active":false,"_monsterinsights_sitenote_note":"","_monsterinsights_sitenote_category":0,"footnotes":""},"categories":[1],"tags":[],"class_list":["post-12454","post","type-post","status-publish","format-standard","has-post-thumbnail","hentry","category-sem-categoria"],"_links":{"self":[{"href":"https:\/\/pc.sc.gov.br\/index.php?rest_route=\/wp\/v2\/posts\/12454","targetHints":{"allow":["GET"]}}],"collection":[{"href":"https:\/\/pc.sc.gov.br\/index.php?rest_route=\/wp\/v2\/posts"}],"about":[{"href":"https:\/\/pc.sc.gov.br\/index.php?rest_route=\/wp\/v2\/types\/post"}],"author":[{"embeddable":true,"href":"https:\/\/pc.sc.gov.br\/index.php?rest_route=\/wp\/v2\/users\/5"}],"replies":[{"embeddable":true,"href":"https:\/\/pc.sc.gov.br\/index.php?rest_route=%2Fwp%2Fv2%2Fcomments&post=12454"}],"version-history":[{"count":4,"href":"https:\/\/pc.sc.gov.br\/index.php?rest_route=\/wp\/v2\/posts\/12454\/revisions"}],"predecessor-version":[{"id":12460,"href":"https:\/\/pc.sc.gov.br\/index.php?rest_route=\/wp\/v2\/posts\/12454\/revisions\/12460"}],"wp:featuredmedia":[{"embeddable":true,"href":"https:\/\/pc.sc.gov.br\/index.php?rest_route=\/wp\/v2\/media\/12455"}],"wp:attachment":[{"href":"https:\/\/pc.sc.gov.br\/index.php?rest_route=%2Fwp%2Fv2%2Fmedia&parent=12454"}],"wp:term":[{"taxonomy":"category","embeddable":true,"href":"https:\/\/pc.sc.gov.br\/index.php?rest_route=%2Fwp%2Fv2%2Fcategories&post=12454"},{"taxonomy":"post_tag","embeddable":true,"href":"https:\/\/pc.sc.gov.br\/index.php?rest_route=%2Fwp%2Fv2%2Ftags&post=12454"}],"curies":[{"name":"wp","href":"https:\/\/api.w.org\/{rel}","templated":true}]}}