{"id":12469,"date":"2023-08-11T19:13:04","date_gmt":"2023-08-11T22:13:04","guid":{"rendered":"https:\/\/pc.sc.gov.br\/?p=12469"},"modified":"2023-08-11T19:24:48","modified_gmt":"2023-08-11T22:24:48","slug":"policia-civil-e-policia-militar-desencadeiam-operacao-contra-trafico-de-drogas-em-associacao-criminosa-em-sao-miguel-do-oeste","status":"publish","type":"post","link":"https:\/\/pc.sc.gov.br\/?p=12469","title":{"rendered":"Pol\u00edcia Civil e Pol\u00edcia Militar desencadeiam opera\u00e7\u00e3o conjunta contra tr\u00e1fico de drogas e associa\u00e7\u00e3o criminosa em S\u00e3o Miguel do Oeste"},"content":{"rendered":"\t\t<div data-elementor-type=\"wp-post\" data-elementor-id=\"12469\" class=\"elementor elementor-12469\" data-elementor-post-type=\"post\">\n\t\t\t\t\t\t<section class=\"elementor-section elementor-top-section elementor-element elementor-element-f9cc435 elementor-section-boxed elementor-section-height-default elementor-section-height-default\" data-id=\"f9cc435\" data-element_type=\"section\">\n\t\t\t\t\t\t<div class=\"elementor-container elementor-column-gap-default\">\n\t\t\t\t\t<div class=\"elementor-column elementor-col-100 elementor-top-column elementor-element elementor-element-281a8c7\" data-id=\"281a8c7\" data-element_type=\"column\">\n\t\t\t<div class=\"elementor-widget-wrap elementor-element-populated\">\n\t\t\t\t\t\t<div class=\"elementor-element elementor-element-8f94376 elementor-widget elementor-widget-heading\" data-id=\"8f94376\" data-element_type=\"widget\" data-widget_type=\"heading.default\">\n\t\t\t\t<div class=\"elementor-widget-container\">\n\t\t\t\t\t<h2 class=\"elementor-heading-title elementor-size-default\">Pol\u00edcia Civil e Pol\u00edcia Militar desencadeiam opera\u00e7\u00e3o conjunta contra tr\u00e1fico de drogas e associa\u00e7\u00e3o criminosa em S\u00e3o Miguel do Oeste<\/h2>\t\t\t\t<\/div>\n\t\t\t\t<\/div>\n\t\t\t\t\t<\/div>\n\t\t<\/div>\n\t\t\t\t\t<\/div>\n\t\t<\/section>\n\t\t\t\t<section class=\"elementor-section elementor-top-section elementor-element elementor-element-8151577 elementor-section-boxed elementor-section-height-default elementor-section-height-default\" data-id=\"8151577\" data-element_type=\"section\">\n\t\t\t\t\t\t<div class=\"elementor-container elementor-column-gap-default\">\n\t\t\t\t\t<div class=\"elementor-column elementor-col-100 elementor-top-column elementor-element elementor-element-87b3ff6\" data-id=\"87b3ff6\" data-element_type=\"column\">\n\t\t\t<div class=\"elementor-widget-wrap elementor-element-populated\">\n\t\t\t\t\t\t<div class=\"elementor-element elementor-element-b627839 elementor-widget elementor-widget-image\" data-id=\"b627839\" data-element_type=\"widget\" data-widget_type=\"image.default\">\n\t\t\t\t<div class=\"elementor-widget-container\">\n\t\t\t\t\t\t\t\t\t\t\t\t\t\t\t<img fetchpriority=\"high\" decoding=\"async\" width=\"696\" height=\"551\" src=\"https:\/\/pc.sc.gov.br\/\/wp-content\/uploads\/2023\/08\/borrado-em-smo.jpeg\" class=\"attachment-large size-large wp-image-12472\" alt=\"\" srcset=\"https:\/\/pc.sc.gov.br\/\/wp-content\/uploads\/2023\/08\/borrado-em-smo.jpeg 718w, https:\/\/pc.sc.gov.br\/\/wp-content\/uploads\/2023\/08\/borrado-em-smo-300x237.jpeg 300w\" sizes=\"(max-width: 696px) 100vw, 696px\" \/>\t\t\t\t\t\t\t\t\t\t\t\t\t\t\t<\/div>\n\t\t\t\t<\/div>\n\t\t\t\t\t<\/div>\n\t\t<\/div>\n\t\t\t\t\t<\/div>\n\t\t<\/section>\n\t\t\t\t<section class=\"elementor-section elementor-top-section elementor-element elementor-element-381bf04 elementor-section-boxed elementor-section-height-default elementor-section-height-default\" data-id=\"381bf04\" data-element_type=\"section\">\n\t\t\t\t\t\t<div class=\"elementor-container elementor-column-gap-default\">\n\t\t\t\t\t<div class=\"elementor-column elementor-col-100 elementor-top-column elementor-element elementor-element-4e55c1a\" data-id=\"4e55c1a\" data-element_type=\"column\">\n\t\t\t<div class=\"elementor-widget-wrap elementor-element-populated\">\n\t\t\t\t\t\t<div class=\"elementor-element elementor-element-982fd0d elementor-widget elementor-widget-text-editor\" data-id=\"982fd0d\" data-element_type=\"widget\" data-widget_type=\"text-editor.default\">\n\t\t\t\t<div class=\"elementor-widget-container\">\n\t\t\t\t\t\t\t\t\t<p>Nesta sexta-feira (11), as Pol\u00edcias Civil e Militar de S\u00e3o Miguel do Oeste desencadearam opera\u00e7\u00e3o para coibir o tr\u00e1fico de drogas e obter provas acerca do crime de associa\u00e7\u00e3o criminosa em um bairro de S\u00e3o Miguel do Oeste.&nbsp;<\/p>\n<p>A opera\u00e7\u00e3o ocorreu a partir do compartilhamento de informa\u00e7\u00f5es entre a Ag\u00eancia de Intelig\u00eancia da Pol\u00edcia Militar do 11\u00ba BPM e a Divis\u00e3o de Investiga\u00e7\u00e3o de Criminal (DIC), da 13\u00aa DRP. A a\u00e7\u00e3o teve como objetivo o cumprimento de 21 mandados de busca e apreens\u00e3o em diversas resid\u00eancias situadas no bairro S\u00e3o Luiz, em S\u00e3o Miguel do Oeste.<\/p>\n<p>Nos \u00faltimos meses observou-se um aumento nas ocorr\u00eancias de tr\u00e1fico de drogas, extors\u00e3o e recepta\u00e7\u00e3o na localidade, salientando-se que foram realizados diversos monitoramentos e identificadas poss\u00edveis autores do tr\u00e1fico de drogas, v\u00e1rios deles presos em flagrante delito pela Pol\u00edcia Militar, bem como foi identificada a associa\u00e7\u00e3o de diversos indiv\u00edduos na trafic\u00e2ncia.&nbsp;<\/p>\n<p>Na a\u00e7\u00e3o, um homem foi preso em flagrante pelo descumprimento de medida de protetiva e outro foi conduzido \u00e0 delegacia por ocultar um objeto de furto em sua resid\u00eancia. Al\u00e9m disso, foram apreendidas drogas e arrecadados diversos objetos de interesse investigativo que ser\u00e3o anexados ao Inqu\u00e9rito Policial que tramita na Divis\u00e3o de S\u00e3o Miguel do Oeste\/SC.&nbsp;<\/p>\n<p>A opera\u00e7\u00e3o contou com a participa\u00e7\u00e3o de aproximadamente 40 policiais civis, 30 policiais militares e nove c\u00e3es de busca, dos Canis da Pol\u00edcia Civil e Militar, lotados em diversas unidades policiais da regi\u00e3o.&nbsp;<span style=\"font-family: var( --e-global-typography-text-font-family ), Sans-serif; font-size: var( --e-global-typography-text-font-size );\">As investiga\u00e7\u00f5es prosseguem na Divis\u00e3o de Investiga\u00e7\u00e3o Criminal de S\u00e3o Miguel do Oeste.<\/span><\/p>\n<div>&nbsp;<\/div>\t\t\t\t\t\t\t\t<\/div>\n\t\t\t\t<\/div>\n\t\t\t\t\t<\/div>\n\t\t<\/div>\n\t\t\t\t\t<\/div>\n\t\t<\/section>\n\t\t\t\t<\/div>\n\t\t","protected":false},"excerpt":{"rendered":"<p>Pol\u00edcia Civil e Pol\u00edcia Militar desencadeiam opera\u00e7\u00e3o conjunta contra tr\u00e1fico de drogas e associa\u00e7\u00e3o criminosa em S\u00e3o Miguel do Oeste Nesta sexta-feira (11), as Pol\u00edcias Civil e Militar de S\u00e3o Miguel do Oeste desencadearam opera\u00e7\u00e3o para coibir o tr\u00e1fico de drogas e obter provas acerca do crime de associa\u00e7\u00e3o criminosa em um bairro de S\u00e3o [&hellip;]<\/p>\n","protected":false},"author":5,"featured_media":12472,"comment_status":"closed","ping_status":"open","sticky":false,"template":"","format":"standard","meta":{"_monsterinsights_skip_tracking":false,"_monsterinsights_sitenote_active":false,"_monsterinsights_sitenote_note":"","_monsterinsights_sitenote_category":0,"footnotes":""},"categories":[1],"tags":[],"class_list":["post-12469","post","type-post","status-publish","format-standard","has-post-thumbnail","hentry","category-sem-categoria"],"_links":{"self":[{"href":"https:\/\/pc.sc.gov.br\/index.php?rest_route=\/wp\/v2\/posts\/12469","targetHints":{"allow":["GET"]}}],"collection":[{"href":"https:\/\/pc.sc.gov.br\/index.php?rest_route=\/wp\/v2\/posts"}],"about":[{"href":"https:\/\/pc.sc.gov.br\/index.php?rest_route=\/wp\/v2\/types\/post"}],"author":[{"embeddable":true,"href":"https:\/\/pc.sc.gov.br\/index.php?rest_route=\/wp\/v2\/users\/5"}],"replies":[{"embeddable":true,"href":"https:\/\/pc.sc.gov.br\/index.php?rest_route=%2Fwp%2Fv2%2Fcomments&post=12469"}],"version-history":[{"count":5,"href":"https:\/\/pc.sc.gov.br\/index.php?rest_route=\/wp\/v2\/posts\/12469\/revisions"}],"predecessor-version":[{"id":12477,"href":"https:\/\/pc.sc.gov.br\/index.php?rest_route=\/wp\/v2\/posts\/12469\/revisions\/12477"}],"wp:featuredmedia":[{"embeddable":true,"href":"https:\/\/pc.sc.gov.br\/index.php?rest_route=\/wp\/v2\/media\/12472"}],"wp:attachment":[{"href":"https:\/\/pc.sc.gov.br\/index.php?rest_route=%2Fwp%2Fv2%2Fmedia&parent=12469"}],"wp:term":[{"taxonomy":"category","embeddable":true,"href":"https:\/\/pc.sc.gov.br\/index.php?rest_route=%2Fwp%2Fv2%2Fcategories&post=12469"},{"taxonomy":"post_tag","embeddable":true,"href":"https:\/\/pc.sc.gov.br\/index.php?rest_route=%2Fwp%2Fv2%2Ftags&post=12469"}],"curies":[{"name":"wp","href":"https:\/\/api.w.org\/{rel}","templated":true}]}}