{"id":12479,"date":"2023-08-14T13:40:31","date_gmt":"2023-08-14T16:40:31","guid":{"rendered":"https:\/\/pc.sc.gov.br\/?p=12479"},"modified":"2023-08-14T13:42:59","modified_gmt":"2023-08-14T16:42:59","slug":"policial-civil-referencia-nacional-em-operacao-com-caes-recebe-trofeu-lourenciano-de-valor","status":"publish","type":"post","link":"https:\/\/pc.sc.gov.br\/?p=12479","title":{"rendered":"Policial Civil refer\u00eancia nacional em opera\u00e7\u00e3o com c\u00e3es recebe Trof\u00e9u Lourenciano de Valor"},"content":{"rendered":"\t\t<div data-elementor-type=\"wp-post\" data-elementor-id=\"12479\" class=\"elementor elementor-12479\" data-elementor-post-type=\"post\">\n\t\t\t\t\t\t<section class=\"elementor-section elementor-top-section elementor-element elementor-element-a280355 elementor-section-boxed elementor-section-height-default elementor-section-height-default\" data-id=\"a280355\" data-element_type=\"section\">\n\t\t\t\t\t\t<div class=\"elementor-container elementor-column-gap-default\">\n\t\t\t\t\t<div class=\"elementor-column elementor-col-100 elementor-top-column elementor-element elementor-element-8c103ca\" data-id=\"8c103ca\" data-element_type=\"column\">\n\t\t\t<div class=\"elementor-widget-wrap elementor-element-populated\">\n\t\t\t\t\t\t<div class=\"elementor-element elementor-element-bec4165 elementor-widget elementor-widget-heading\" data-id=\"bec4165\" data-element_type=\"widget\" data-widget_type=\"heading.default\">\n\t\t\t\t<div class=\"elementor-widget-container\">\n\t\t\t\t\t<h2 class=\"elementor-heading-title elementor-size-default\">Policial Civil refer\u00eancia nacional em opera\u00e7\u00e3o com c\u00e3es recebe Trof\u00e9u Lourenciano de Valor<\/h2>\t\t\t\t<\/div>\n\t\t\t\t<\/div>\n\t\t\t\t\t<\/div>\n\t\t<\/div>\n\t\t\t\t\t<\/div>\n\t\t<\/section>\n\t\t\t\t<section class=\"elementor-section elementor-top-section elementor-element elementor-element-0b098c6 elementor-section-boxed elementor-section-height-default elementor-section-height-default\" data-id=\"0b098c6\" data-element_type=\"section\">\n\t\t\t\t\t\t<div class=\"elementor-container elementor-column-gap-default\">\n\t\t\t\t\t<div class=\"elementor-column elementor-col-100 elementor-top-column elementor-element elementor-element-2128e55\" data-id=\"2128e55\" data-element_type=\"column\">\n\t\t\t<div class=\"elementor-widget-wrap elementor-element-populated\">\n\t\t\t\t\t\t<div class=\"elementor-element elementor-element-69a7fa4 elementor-widget elementor-widget-image\" data-id=\"69a7fa4\" data-element_type=\"widget\" data-widget_type=\"image.default\">\n\t\t\t\t<div class=\"elementor-widget-container\">\n\t\t\t\t\t\t\t\t\t\t\t\t\t\t\t<img fetchpriority=\"high\" decoding=\"async\" width=\"696\" height=\"464\" src=\"https:\/\/pc.sc.gov.br\/\/wp-content\/uploads\/2023\/08\/367406431_811488774310429_4854257198168216912_n-1024x683.jpg\" class=\"attachment-large size-large wp-image-12480\" alt=\"\" srcset=\"https:\/\/pc.sc.gov.br\/\/wp-content\/uploads\/2023\/08\/367406431_811488774310429_4854257198168216912_n-1024x683.jpg 1024w, https:\/\/pc.sc.gov.br\/\/wp-content\/uploads\/2023\/08\/367406431_811488774310429_4854257198168216912_n-300x200.jpg 300w, https:\/\/pc.sc.gov.br\/\/wp-content\/uploads\/2023\/08\/367406431_811488774310429_4854257198168216912_n-768x512.jpg 768w, https:\/\/pc.sc.gov.br\/\/wp-content\/uploads\/2023\/08\/367406431_811488774310429_4854257198168216912_n.jpg 1080w\" sizes=\"(max-width: 696px) 100vw, 696px\" \/>\t\t\t\t\t\t\t\t\t\t\t\t\t\t\t<\/div>\n\t\t\t\t<\/div>\n\t\t\t\t\t<\/div>\n\t\t<\/div>\n\t\t\t\t\t<\/div>\n\t\t<\/section>\n\t\t\t\t<section class=\"elementor-section elementor-top-section elementor-element elementor-element-d9be711 elementor-section-boxed elementor-section-height-default elementor-section-height-default\" data-id=\"d9be711\" data-element_type=\"section\">\n\t\t\t\t\t\t<div class=\"elementor-container elementor-column-gap-default\">\n\t\t\t\t\t<div class=\"elementor-column elementor-col-100 elementor-top-column elementor-element elementor-element-7f42150\" data-id=\"7f42150\" data-element_type=\"column\">\n\t\t\t<div class=\"elementor-widget-wrap elementor-element-populated\">\n\t\t\t\t\t\t<div class=\"elementor-element elementor-element-1bdf616 elementor-widget elementor-widget-text-editor\" data-id=\"1bdf616\" data-element_type=\"widget\" data-widget_type=\"text-editor.default\">\n\t\t\t\t<div class=\"elementor-widget-container\">\n\t\t\t\t\t\t\t\t\t<p>O policial civil Neilan Aur\u00e9lio Canabarro recebeu nesta segunda-feira (14) o Trof\u00e9u Lourenciano de Valor em reconhecimento aos trabalhos prestados para a comunidade de S\u00e3o Louren\u00e7o do Oeste. Natural de Modelo, nasceu em 25 de mar\u00e7o 1986.&nbsp;<\/p><p><span style=\"font-family: var( --e-global-typography-primary-font-family ), Sans-serif; font-size: var( --e-global-typography-primary-font-size ); font-weight: var( --e-global-typography-primary-font-weight ); letter-spacing: var( --e-global-typography-primary-letter-spacing );\">Veio para S\u00e3o Louren\u00e7o do Oeste com a fam\u00edlia com cinco anos de idade, onde cresceu e estudou. Canabarro \u00e9 formado em Ci\u00eancias Biol\u00f3gicas pela Universidade Paranaense Unipar, de Francisco Beltr\u00e3o (PR). Atuou em setores administrativos na Auto Escola Noroeste e Senai Lourenciano.<\/span><\/p><p>Ingressou na Pol\u00edcia Civil em 2008. Em 2011 realizou curso de capacita\u00e7\u00e3o para conduzir c\u00e3es de pol\u00edcia. Na sua vida profissional atuou na Delegacia Regional de Pol\u00edcia de S\u00e3o Louren\u00e7o do Oeste, Delegacia de Comarca de Campo Er\u00ea e S\u00e3o Louren\u00e7o do Oeste, Divis\u00e3o de Investiga\u00e7\u00e3o Criminal (DIC) de S\u00e3o Louren\u00e7o do Oeste e, atualmente, atua no N\u00facleo de intelig\u00eancia da 28\u00aa DRP de S\u00e3o Louren\u00e7o do Oeste e no N\u00facleo de Opera\u00e7\u00f5es com C\u00e3es.&nbsp;<\/p><p>Tamb\u00e9m \u00e9 professor da academia de Pol\u00edcia Civil (Acadepol) e instrutor do Minist\u00e9rio da Justi\u00e7a nas mat\u00e9rias operacionais relacionadas \u00e0 capacita\u00e7\u00e3o de membros das for\u00e7as de seguran\u00e7a p\u00fablica para opera\u00e7\u00f5es com c\u00e3es.<\/p><p>Em sua atividade principal, que \u00e9 a atua\u00e7\u00e3o em opera\u00e7\u00f5es policiais com c\u00e3es, atuou nos tr\u00eas estados do Sul \u2013 Santa Catarina, Paran\u00e1 e Rio Grande do Sul, em mais de 2,5 mil buscas.<\/p>\t\t\t\t\t\t\t\t<\/div>\n\t\t\t\t<\/div>\n\t\t\t\t\t<\/div>\n\t\t<\/div>\n\t\t\t\t\t<\/div>\n\t\t<\/section>\n\t\t\t\t<\/div>\n\t\t","protected":false},"excerpt":{"rendered":"<p>Policial Civil refer\u00eancia nacional em opera\u00e7\u00e3o com c\u00e3es recebe Trof\u00e9u Lourenciano de Valor O policial civil Neilan Aur\u00e9lio Canabarro recebeu nesta segunda-feira (14) o Trof\u00e9u Lourenciano de Valor em reconhecimento aos trabalhos prestados para a comunidade de S\u00e3o Louren\u00e7o do Oeste. Natural de Modelo, nasceu em 25 de mar\u00e7o 1986.&nbsp; Veio para S\u00e3o Louren\u00e7o do [&hellip;]<\/p>\n","protected":false},"author":5,"featured_media":12480,"comment_status":"closed","ping_status":"open","sticky":false,"template":"","format":"standard","meta":{"_monsterinsights_skip_tracking":false,"_monsterinsights_sitenote_active":false,"_monsterinsights_sitenote_note":"","_monsterinsights_sitenote_category":0,"footnotes":""},"categories":[1],"tags":[],"class_list":["post-12479","post","type-post","status-publish","format-standard","has-post-thumbnail","hentry","category-sem-categoria"],"_links":{"self":[{"href":"https:\/\/pc.sc.gov.br\/index.php?rest_route=\/wp\/v2\/posts\/12479","targetHints":{"allow":["GET"]}}],"collection":[{"href":"https:\/\/pc.sc.gov.br\/index.php?rest_route=\/wp\/v2\/posts"}],"about":[{"href":"https:\/\/pc.sc.gov.br\/index.php?rest_route=\/wp\/v2\/types\/post"}],"author":[{"embeddable":true,"href":"https:\/\/pc.sc.gov.br\/index.php?rest_route=\/wp\/v2\/users\/5"}],"replies":[{"embeddable":true,"href":"https:\/\/pc.sc.gov.br\/index.php?rest_route=%2Fwp%2Fv2%2Fcomments&post=12479"}],"version-history":[{"count":4,"href":"https:\/\/pc.sc.gov.br\/index.php?rest_route=\/wp\/v2\/posts\/12479\/revisions"}],"predecessor-version":[{"id":12484,"href":"https:\/\/pc.sc.gov.br\/index.php?rest_route=\/wp\/v2\/posts\/12479\/revisions\/12484"}],"wp:featuredmedia":[{"embeddable":true,"href":"https:\/\/pc.sc.gov.br\/index.php?rest_route=\/wp\/v2\/media\/12480"}],"wp:attachment":[{"href":"https:\/\/pc.sc.gov.br\/index.php?rest_route=%2Fwp%2Fv2%2Fmedia&parent=12479"}],"wp:term":[{"taxonomy":"category","embeddable":true,"href":"https:\/\/pc.sc.gov.br\/index.php?rest_route=%2Fwp%2Fv2%2Fcategories&post=12479"},{"taxonomy":"post_tag","embeddable":true,"href":"https:\/\/pc.sc.gov.br\/index.php?rest_route=%2Fwp%2Fv2%2Ftags&post=12479"}],"curies":[{"name":"wp","href":"https:\/\/api.w.org\/{rel}","templated":true}]}}