{"id":12485,"date":"2023-08-14T15:41:55","date_gmt":"2023-08-14T18:41:55","guid":{"rendered":"https:\/\/pc.sc.gov.br\/?p=12485"},"modified":"2023-08-14T15:44:39","modified_gmt":"2023-08-14T18:44:39","slug":"governador-disponibiliza-mais-sete-viaturas-para-atender-demandas-de-unidades-policiais-de-brusque-e-de-sao-bento-do-sul","status":"publish","type":"post","link":"https:\/\/pc.sc.gov.br\/?p=12485","title":{"rendered":"Governador disponibiliza mais sete viaturas para atender demandas de unidades policiais de Brusque e de S\u00e3o Bento do Sul"},"content":{"rendered":"\t\t<div data-elementor-type=\"wp-post\" data-elementor-id=\"12485\" class=\"elementor elementor-12485\" data-elementor-post-type=\"post\">\n\t\t\t\t\t\t<section class=\"elementor-section elementor-top-section elementor-element elementor-element-fd7d784 elementor-section-boxed elementor-section-height-default elementor-section-height-default\" data-id=\"fd7d784\" data-element_type=\"section\">\n\t\t\t\t\t\t<div class=\"elementor-container elementor-column-gap-default\">\n\t\t\t\t\t<div class=\"elementor-column elementor-col-100 elementor-top-column elementor-element elementor-element-b18fb05\" data-id=\"b18fb05\" data-element_type=\"column\">\n\t\t\t<div class=\"elementor-widget-wrap elementor-element-populated\">\n\t\t\t\t\t\t<div class=\"elementor-element elementor-element-e7b7744 elementor-widget elementor-widget-heading\" data-id=\"e7b7744\" data-element_type=\"widget\" data-widget_type=\"heading.default\">\n\t\t\t\t<div class=\"elementor-widget-container\">\n\t\t\t\t\t<h2 class=\"elementor-heading-title elementor-size-default\">Governador disponibiliza mais sete viaturas para atender demandas de unidades policiais de  Brusque e de S\u00e3o Bento do Sul <\/h2>\t\t\t\t<\/div>\n\t\t\t\t<\/div>\n\t\t\t\t\t<\/div>\n\t\t<\/div>\n\t\t\t\t\t<\/div>\n\t\t<\/section>\n\t\t\t\t<section class=\"elementor-section elementor-top-section elementor-element elementor-element-63c6436 elementor-section-boxed elementor-section-height-default elementor-section-height-default\" data-id=\"63c6436\" data-element_type=\"section\">\n\t\t\t\t\t\t<div class=\"elementor-container elementor-column-gap-default\">\n\t\t\t\t\t<div class=\"elementor-column elementor-col-100 elementor-top-column elementor-element elementor-element-8e5577b\" data-id=\"8e5577b\" data-element_type=\"column\">\n\t\t\t<div class=\"elementor-widget-wrap elementor-element-populated\">\n\t\t\t\t\t\t<div class=\"elementor-element elementor-element-7535a54 elementor-widget elementor-widget-image\" data-id=\"7535a54\" data-element_type=\"widget\" data-widget_type=\"image.default\">\n\t\t\t\t<div class=\"elementor-widget-container\">\n\t\t\t\t\t\t\t\t\t\t\t\t\t\t\t<img fetchpriority=\"high\" decoding=\"async\" width=\"696\" height=\"522\" src=\"https:\/\/pc.sc.gov.br\/\/wp-content\/uploads\/2023\/08\/WhatsApp-Image-2023-08-14-at-15.41.25-1024x768.jpeg\" class=\"attachment-large size-large wp-image-12486\" alt=\"\" srcset=\"https:\/\/pc.sc.gov.br\/\/wp-content\/uploads\/2023\/08\/WhatsApp-Image-2023-08-14-at-15.41.25-1024x768.jpeg 1024w, https:\/\/pc.sc.gov.br\/\/wp-content\/uploads\/2023\/08\/WhatsApp-Image-2023-08-14-at-15.41.25-300x225.jpeg 300w, https:\/\/pc.sc.gov.br\/\/wp-content\/uploads\/2023\/08\/WhatsApp-Image-2023-08-14-at-15.41.25-768x576.jpeg 768w, https:\/\/pc.sc.gov.br\/\/wp-content\/uploads\/2023\/08\/WhatsApp-Image-2023-08-14-at-15.41.25-1536x1152.jpeg 1536w, https:\/\/pc.sc.gov.br\/\/wp-content\/uploads\/2023\/08\/WhatsApp-Image-2023-08-14-at-15.41.25.jpeg 1600w\" sizes=\"(max-width: 696px) 100vw, 696px\" \/>\t\t\t\t\t\t\t\t\t\t\t\t\t\t\t<\/div>\n\t\t\t\t<\/div>\n\t\t\t\t\t<\/div>\n\t\t<\/div>\n\t\t\t\t\t<\/div>\n\t\t<\/section>\n\t\t\t\t<section class=\"elementor-section elementor-top-section elementor-element elementor-element-3d3c03e elementor-section-boxed elementor-section-height-default elementor-section-height-default\" data-id=\"3d3c03e\" data-element_type=\"section\">\n\t\t\t\t\t\t<div class=\"elementor-container elementor-column-gap-default\">\n\t\t\t\t\t<div class=\"elementor-column elementor-col-100 elementor-top-column elementor-element elementor-element-523dbf2\" data-id=\"523dbf2\" data-element_type=\"column\">\n\t\t\t<div class=\"elementor-widget-wrap\">\n\t\t\t\t\t\t\t<\/div>\n\t\t<\/div>\n\t\t\t\t\t<\/div>\n\t\t<\/section>\n\t\t\t\t<section class=\"elementor-section elementor-top-section elementor-element elementor-element-fd12587 elementor-section-boxed elementor-section-height-default elementor-section-height-default\" data-id=\"fd12587\" data-element_type=\"section\">\n\t\t\t\t\t\t<div class=\"elementor-container elementor-column-gap-default\">\n\t\t\t\t\t<div class=\"elementor-column elementor-col-100 elementor-top-column elementor-element elementor-element-5703a70\" data-id=\"5703a70\" data-element_type=\"column\">\n\t\t\t<div class=\"elementor-widget-wrap elementor-element-populated\">\n\t\t\t\t\t\t<div class=\"elementor-element elementor-element-493c470 elementor-widget elementor-widget-text-editor\" data-id=\"493c470\" data-element_type=\"widget\" data-widget_type=\"text-editor.default\">\n\t\t\t\t<div class=\"elementor-widget-container\">\n\t\t\t\t\t\t\t\t\t<p>O governador Jorginho Mello disponibilizou mais sete viaturas descaracterizadas para a Pol\u00edcia Civil de Santa Catarina.&nbsp;<\/p><p><span style=\"font-family: var( --e-global-typography-primary-font-family ), Sans-serif; font-size: var( --e-global-typography-primary-font-size ); font-weight: var( --e-global-typography-primary-font-weight ); letter-spacing: var( --e-global-typography-primary-letter-spacing );\">De acordo com o delegado-geral, Ulisses Gabriel, os ve\u00edculos j\u00e1 foram encaminhados para as unidades policiais. \u201cA moderniza\u00e7\u00e3o dos equipamentos \u00e9 fundamental para continuarmos prestando um servi\u00e7o de qualidade a todos os catarinenses\u201d, disse o delegado-geral.<\/span><\/p><p>A 17\u00aa DRP de Brusque recebeu cinco viaturas que j\u00e1 est\u00e3o atendendo as demandas da Divis\u00e3o de Investiga\u00e7\u00e3o Criminal (2); Delegacia de Pol\u00edcia de Comarca; Delegacia de Prote\u00e7\u00e3o \u00e0 Crian\u00e7a, ao Adolescente, \u00e0 Mulher e ao Idoso (DPCAMI) e Delegacia de Furtos e Roubos (DFR).<\/p><p>A 21\u00aa DRP de S\u00e3o Bento do Sul recebeu outras duas viaturas descaracterizadas, entre outros investimentos. Apenas as sete viaturas somam investimento de R$ 689 mil.<\/p><p>Desde o in\u00edcio do governo Jorginho, a Pol\u00edcia Civil j\u00e1 recebeu 271 viaturas descaracterizadas que somam 26,6 milh\u00f5es; 751 esta\u00e7\u00f5es de trabalho que representam um investimento de R$ 4,1 milh\u00f5es e R$ 282 mil com a aquisi\u00e7\u00e3o de 282 webcams totalizando R$ 31,7 milh\u00f5es.<\/p>\t\t\t\t\t\t\t\t<\/div>\n\t\t\t\t<\/div>\n\t\t\t\t\t<\/div>\n\t\t<\/div>\n\t\t\t\t\t<\/div>\n\t\t<\/section>\n\t\t\t\t<\/div>\n\t\t","protected":false},"excerpt":{"rendered":"<p>Governador disponibiliza mais sete viaturas para atender demandas de unidades policiais de Brusque e de S\u00e3o Bento do Sul O governador Jorginho Mello disponibilizou mais sete viaturas descaracterizadas para a Pol\u00edcia Civil de Santa Catarina.&nbsp; De acordo com o delegado-geral, Ulisses Gabriel, os ve\u00edculos j\u00e1 foram encaminhados para as unidades policiais. \u201cA moderniza\u00e7\u00e3o dos equipamentos [&hellip;]<\/p>\n","protected":false},"author":5,"featured_media":12486,"comment_status":"closed","ping_status":"open","sticky":false,"template":"","format":"standard","meta":{"_monsterinsights_skip_tracking":false,"_monsterinsights_sitenote_active":false,"_monsterinsights_sitenote_note":"","_monsterinsights_sitenote_category":0,"footnotes":""},"categories":[1],"tags":[],"class_list":["post-12485","post","type-post","status-publish","format-standard","has-post-thumbnail","hentry","category-sem-categoria"],"_links":{"self":[{"href":"https:\/\/pc.sc.gov.br\/index.php?rest_route=\/wp\/v2\/posts\/12485","targetHints":{"allow":["GET"]}}],"collection":[{"href":"https:\/\/pc.sc.gov.br\/index.php?rest_route=\/wp\/v2\/posts"}],"about":[{"href":"https:\/\/pc.sc.gov.br\/index.php?rest_route=\/wp\/v2\/types\/post"}],"author":[{"embeddable":true,"href":"https:\/\/pc.sc.gov.br\/index.php?rest_route=\/wp\/v2\/users\/5"}],"replies":[{"embeddable":true,"href":"https:\/\/pc.sc.gov.br\/index.php?rest_route=%2Fwp%2Fv2%2Fcomments&post=12485"}],"version-history":[{"count":4,"href":"https:\/\/pc.sc.gov.br\/index.php?rest_route=\/wp\/v2\/posts\/12485\/revisions"}],"predecessor-version":[{"id":12490,"href":"https:\/\/pc.sc.gov.br\/index.php?rest_route=\/wp\/v2\/posts\/12485\/revisions\/12490"}],"wp:featuredmedia":[{"embeddable":true,"href":"https:\/\/pc.sc.gov.br\/index.php?rest_route=\/wp\/v2\/media\/12486"}],"wp:attachment":[{"href":"https:\/\/pc.sc.gov.br\/index.php?rest_route=%2Fwp%2Fv2%2Fmedia&parent=12485"}],"wp:term":[{"taxonomy":"category","embeddable":true,"href":"https:\/\/pc.sc.gov.br\/index.php?rest_route=%2Fwp%2Fv2%2Fcategories&post=12485"},{"taxonomy":"post_tag","embeddable":true,"href":"https:\/\/pc.sc.gov.br\/index.php?rest_route=%2Fwp%2Fv2%2Ftags&post=12485"}],"curies":[{"name":"wp","href":"https:\/\/api.w.org\/{rel}","templated":true}]}}