{"id":12492,"date":"2023-08-14T17:53:07","date_gmt":"2023-08-14T20:53:07","guid":{"rendered":"https:\/\/pc.sc.gov.br\/?p=12492"},"modified":"2023-08-14T17:55:38","modified_gmt":"2023-08-14T20:55:38","slug":"policia-civil-prende-duas-pessoas-por-trafico-de-drogas-no-bairro-ipiranga-em-lages","status":"publish","type":"post","link":"https:\/\/pc.sc.gov.br\/?p=12492","title":{"rendered":"Pol\u00edcia Civil prende duas pessoas por tr\u00e1fico de drogas no bairro Ipiranga, em Lages"},"content":{"rendered":"\t\t<div data-elementor-type=\"wp-post\" data-elementor-id=\"12492\" class=\"elementor elementor-12492\" data-elementor-post-type=\"post\">\n\t\t\t\t\t\t<section class=\"elementor-section elementor-top-section elementor-element elementor-element-0c79d0e elementor-section-boxed elementor-section-height-default elementor-section-height-default\" data-id=\"0c79d0e\" data-element_type=\"section\">\n\t\t\t\t\t\t<div class=\"elementor-container elementor-column-gap-default\">\n\t\t\t\t\t<div class=\"elementor-column elementor-col-100 elementor-top-column elementor-element elementor-element-2325e3d\" data-id=\"2325e3d\" data-element_type=\"column\">\n\t\t\t<div class=\"elementor-widget-wrap elementor-element-populated\">\n\t\t\t\t\t\t<div class=\"elementor-element elementor-element-28f18f8 elementor-widget elementor-widget-heading\" data-id=\"28f18f8\" data-element_type=\"widget\" data-widget_type=\"heading.default\">\n\t\t\t\t<div class=\"elementor-widget-container\">\n\t\t\t\t\t<h2 class=\"elementor-heading-title elementor-size-default\">Pol\u00edcia Civil prende duas pessoas por tr\u00e1fico de drogas no bairro Ipiranga, em Lages<\/h2>\t\t\t\t<\/div>\n\t\t\t\t<\/div>\n\t\t\t\t\t<\/div>\n\t\t<\/div>\n\t\t\t\t\t<\/div>\n\t\t<\/section>\n\t\t\t\t<section class=\"elementor-section elementor-top-section elementor-element elementor-element-6816599 elementor-section-boxed elementor-section-height-default elementor-section-height-default\" data-id=\"6816599\" data-element_type=\"section\">\n\t\t\t\t\t\t<div class=\"elementor-container elementor-column-gap-default\">\n\t\t\t\t\t<div class=\"elementor-column elementor-col-100 elementor-top-column elementor-element elementor-element-12e731e\" data-id=\"12e731e\" data-element_type=\"column\">\n\t\t\t<div class=\"elementor-widget-wrap elementor-element-populated\">\n\t\t\t\t\t\t<div class=\"elementor-element elementor-element-b4ad44a elementor-widget elementor-widget-image\" data-id=\"b4ad44a\" data-element_type=\"widget\" data-widget_type=\"image.default\">\n\t\t\t\t<div class=\"elementor-widget-container\">\n\t\t\t\t\t\t\t\t\t\t\t\t\t\t\t<img fetchpriority=\"high\" decoding=\"async\" width=\"540\" height=\"318\" src=\"https:\/\/pc.sc.gov.br\/\/wp-content\/uploads\/2023\/08\/WhatsApp-Image-2023-06-26-at-15.29.00.jpeg\" class=\"attachment-large size-large wp-image-12129\" alt=\"\" srcset=\"https:\/\/pc.sc.gov.br\/\/wp-content\/uploads\/2023\/08\/WhatsApp-Image-2023-06-26-at-15.29.00.jpeg 540w, https:\/\/pc.sc.gov.br\/\/wp-content\/uploads\/2023\/08\/WhatsApp-Image-2023-06-26-at-15.29.00-300x177.jpeg 300w\" sizes=\"(max-width: 540px) 100vw, 540px\" \/>\t\t\t\t\t\t\t\t\t\t\t\t\t\t\t<\/div>\n\t\t\t\t<\/div>\n\t\t\t\t\t<\/div>\n\t\t<\/div>\n\t\t\t\t\t<\/div>\n\t\t<\/section>\n\t\t\t\t<section class=\"elementor-section elementor-top-section elementor-element elementor-element-9ebef1f elementor-section-boxed elementor-section-height-default elementor-section-height-default\" data-id=\"9ebef1f\" data-element_type=\"section\">\n\t\t\t\t\t\t<div class=\"elementor-container elementor-column-gap-default\">\n\t\t\t\t\t<div class=\"elementor-column elementor-col-100 elementor-top-column elementor-element elementor-element-7a585b6\" data-id=\"7a585b6\" data-element_type=\"column\">\n\t\t\t<div class=\"elementor-widget-wrap elementor-element-populated\">\n\t\t\t\t\t\t<div class=\"elementor-element elementor-element-3a3ec15 elementor-widget elementor-widget-text-editor\" data-id=\"3a3ec15\" data-element_type=\"widget\" data-widget_type=\"text-editor.default\">\n\t\t\t\t<div class=\"elementor-widget-container\">\n\t\t\t\t\t\t\t\t\t<p>A Pol\u00edcia Civil de Santa Catarina, por meio da Divis\u00e3o de Investiga\u00e7\u00e3o Criminal (DIC) de Lages, prendeu duas pessoas, na tarde de sexta-feira (11), sendo um deles menor de idade&nbsp; pelo crime de tr\u00e1fico de drogas e corrup\u00e7\u00e3o de menores.&nbsp;<span style=\"font-family: var( --e-global-typography-primary-font-family ), Sans-serif; font-size: var( --e-global-typography-primary-font-size ); font-weight: var( --e-global-typography-primary-font-weight ); letter-spacing: var( --e-global-typography-primary-letter-spacing );\">Os policiais realizavam investiga\u00e7\u00f5es para capturar um foragido da justi\u00e7a e, durante os trabalhos, identificaram um grupo de indiv\u00edduos que, ao perceber a aproxima\u00e7\u00e3o dos policiais, um deles tentou dispensar algo que estava em uma pochete.<\/span><\/p>\n<p>Os indiv\u00edduos foram abordados e, ao proceder a revista pessoal, os policiais encontraram v\u00e1rias pedras de crack e dinheiro. O local j\u00e1 era conhecido como ponto de tr\u00e1fico e foi constatado que o menor era respons\u00e1vel por abastecer o local com a droga, enquanto umj outro homem realizava a venda.<\/p>\n<p>Os envolvidos foram conduzidos para a DIC de Lages, onde prestaram depoimento foram autuados por tr\u00e1fico de drogas e corrup\u00e7\u00e3o de menores. Formalizados os procedimentos legais, o menor foi liberado para seu respons\u00e1vel legal e o homem, encaminhado para o Pres\u00eddio Masculino de Lages, onde ficar\u00e1 \u00e0 disposi\u00e7\u00e3o da Justi\u00e7a.<\/p>\n<div>&nbsp;<\/div>\t\t\t\t\t\t\t\t<\/div>\n\t\t\t\t<\/div>\n\t\t\t\t\t<\/div>\n\t\t<\/div>\n\t\t\t\t\t<\/div>\n\t\t<\/section>\n\t\t\t\t<\/div>\n\t\t","protected":false},"excerpt":{"rendered":"<p>Pol\u00edcia Civil prende duas pessoas por tr\u00e1fico de drogas no bairro Ipiranga, em Lages A Pol\u00edcia Civil de Santa Catarina, por meio da Divis\u00e3o de Investiga\u00e7\u00e3o Criminal (DIC) de Lages, prendeu duas pessoas, na tarde de sexta-feira (11), sendo um deles menor de idade&nbsp; pelo crime de tr\u00e1fico de drogas e corrup\u00e7\u00e3o de menores.&nbsp;Os policiais [&hellip;]<\/p>\n","protected":false},"author":5,"featured_media":12272,"comment_status":"closed","ping_status":"open","sticky":false,"template":"","format":"standard","meta":{"_monsterinsights_skip_tracking":false,"_monsterinsights_sitenote_active":false,"_monsterinsights_sitenote_note":"","_monsterinsights_sitenote_category":0,"footnotes":""},"categories":[1],"tags":[],"class_list":["post-12492","post","type-post","status-publish","format-standard","has-post-thumbnail","hentry","category-sem-categoria"],"_links":{"self":[{"href":"https:\/\/pc.sc.gov.br\/index.php?rest_route=\/wp\/v2\/posts\/12492","targetHints":{"allow":["GET"]}}],"collection":[{"href":"https:\/\/pc.sc.gov.br\/index.php?rest_route=\/wp\/v2\/posts"}],"about":[{"href":"https:\/\/pc.sc.gov.br\/index.php?rest_route=\/wp\/v2\/types\/post"}],"author":[{"embeddable":true,"href":"https:\/\/pc.sc.gov.br\/index.php?rest_route=\/wp\/v2\/users\/5"}],"replies":[{"embeddable":true,"href":"https:\/\/pc.sc.gov.br\/index.php?rest_route=%2Fwp%2Fv2%2Fcomments&post=12492"}],"version-history":[{"count":5,"href":"https:\/\/pc.sc.gov.br\/index.php?rest_route=\/wp\/v2\/posts\/12492\/revisions"}],"predecessor-version":[{"id":12497,"href":"https:\/\/pc.sc.gov.br\/index.php?rest_route=\/wp\/v2\/posts\/12492\/revisions\/12497"}],"wp:featuredmedia":[{"embeddable":true,"href":"https:\/\/pc.sc.gov.br\/index.php?rest_route=\/wp\/v2\/media\/12272"}],"wp:attachment":[{"href":"https:\/\/pc.sc.gov.br\/index.php?rest_route=%2Fwp%2Fv2%2Fmedia&parent=12492"}],"wp:term":[{"taxonomy":"category","embeddable":true,"href":"https:\/\/pc.sc.gov.br\/index.php?rest_route=%2Fwp%2Fv2%2Fcategories&post=12492"},{"taxonomy":"post_tag","embeddable":true,"href":"https:\/\/pc.sc.gov.br\/index.php?rest_route=%2Fwp%2Fv2%2Ftags&post=12492"}],"curies":[{"name":"wp","href":"https:\/\/api.w.org\/{rel}","templated":true}]}}