{"id":12536,"date":"2023-08-15T18:50:20","date_gmt":"2023-08-15T21:50:20","guid":{"rendered":"https:\/\/pc.sc.gov.br\/?p=12536"},"modified":"2023-08-15T18:52:53","modified_gmt":"2023-08-15T21:52:53","slug":"investigacao-da-dic-de-joinville-e-gaeco-resulta-na-prisao-de-seis-pessoas-e-cumprimento-de-50-mandados-em-sc-parana-em-sao-paulo","status":"publish","type":"post","link":"https:\/\/pc.sc.gov.br\/?p=12536","title":{"rendered":"Investiga\u00e7\u00e3o da DIC de Joinville e Gaeco resulta na pris\u00e3o de seis pessoas e cumprimento de 50 mandados em SC, Paran\u00e1 em S\u00e3o Paulo"},"content":{"rendered":"\t\t<div data-elementor-type=\"wp-post\" data-elementor-id=\"12536\" class=\"elementor elementor-12536\" data-elementor-post-type=\"post\">\n\t\t\t\t\t\t<section class=\"elementor-section elementor-top-section elementor-element elementor-element-d344538 elementor-section-boxed elementor-section-height-default elementor-section-height-default\" data-id=\"d344538\" data-element_type=\"section\">\n\t\t\t\t\t\t<div class=\"elementor-container elementor-column-gap-default\">\n\t\t\t\t\t<div class=\"elementor-column elementor-col-100 elementor-top-column elementor-element elementor-element-4a6622d\" data-id=\"4a6622d\" data-element_type=\"column\">\n\t\t\t<div class=\"elementor-widget-wrap elementor-element-populated\">\n\t\t\t\t\t\t<div class=\"elementor-element elementor-element-3e5a87b elementor-widget elementor-widget-heading\" data-id=\"3e5a87b\" data-element_type=\"widget\" data-widget_type=\"heading.default\">\n\t\t\t\t<div class=\"elementor-widget-container\">\n\t\t\t\t\t<h2 class=\"elementor-heading-title elementor-size-default\">Investiga\u00e7\u00e3o da DIC de Joinville e Gaeco resulta na pris\u00e3o de seis pessoas e cumprimento de 50 mandados em SC, Paran\u00e1 em S\u00e3o Paulo<\/h2>\t\t\t\t<\/div>\n\t\t\t\t<\/div>\n\t\t\t\t\t<\/div>\n\t\t<\/div>\n\t\t\t\t\t<\/div>\n\t\t<\/section>\n\t\t\t\t<section class=\"elementor-section elementor-top-section elementor-element elementor-element-0267aff elementor-section-boxed elementor-section-height-default elementor-section-height-default\" data-id=\"0267aff\" data-element_type=\"section\">\n\t\t\t\t\t\t<div class=\"elementor-container elementor-column-gap-default\">\n\t\t\t\t\t<div class=\"elementor-column elementor-col-100 elementor-top-column elementor-element elementor-element-5741e12\" data-id=\"5741e12\" data-element_type=\"column\">\n\t\t\t<div class=\"elementor-widget-wrap elementor-element-populated\">\n\t\t\t\t\t\t<div class=\"elementor-element elementor-element-bf83ca8 elementor-widget elementor-widget-image\" data-id=\"bf83ca8\" data-element_type=\"widget\" data-widget_type=\"image.default\">\n\t\t\t\t<div class=\"elementor-widget-container\">\n\t\t\t\t\t\t\t\t\t\t\t\t\t\t\t<img fetchpriority=\"high\" decoding=\"async\" width=\"696\" height=\"271\" src=\"https:\/\/pc.sc.gov.br\/\/wp-content\/uploads\/2023\/08\/vene-1024x398.jpeg\" class=\"attachment-large size-large wp-image-12539\" alt=\"\" srcset=\"https:\/\/pc.sc.gov.br\/\/wp-content\/uploads\/2023\/08\/vene-1024x398.jpeg 1024w, https:\/\/pc.sc.gov.br\/\/wp-content\/uploads\/2023\/08\/vene-300x116.jpeg 300w, https:\/\/pc.sc.gov.br\/\/wp-content\/uploads\/2023\/08\/vene-768x298.jpeg 768w, https:\/\/pc.sc.gov.br\/\/wp-content\/uploads\/2023\/08\/vene.jpeg 1280w\" sizes=\"(max-width: 696px) 100vw, 696px\" \/>\t\t\t\t\t\t\t\t\t\t\t\t\t\t\t<\/div>\n\t\t\t\t<\/div>\n\t\t\t\t\t<\/div>\n\t\t<\/div>\n\t\t\t\t\t<\/div>\n\t\t<\/section>\n\t\t\t\t<section class=\"elementor-section elementor-top-section elementor-element elementor-element-fd3562e elementor-section-boxed elementor-section-height-default elementor-section-height-default\" data-id=\"fd3562e\" data-element_type=\"section\">\n\t\t\t\t\t\t<div class=\"elementor-container elementor-column-gap-default\">\n\t\t\t\t\t<div class=\"elementor-column elementor-col-100 elementor-top-column elementor-element elementor-element-dff72af\" data-id=\"dff72af\" data-element_type=\"column\">\n\t\t\t<div class=\"elementor-widget-wrap elementor-element-populated\">\n\t\t\t\t\t\t<div class=\"elementor-element elementor-element-0e61b7e elementor-widget elementor-widget-text-editor\" data-id=\"0e61b7e\" data-element_type=\"widget\" data-widget_type=\"text-editor.default\">\n\t\t\t\t<div class=\"elementor-widget-container\">\n\t\t\t\t\t\t\t\t\t<p>Na manh\u00e3 desta ter\u00e7a-feira (15\/8), o Grupo de Atua\u00e7\u00e3o Especial de Combate ao Crime Organizado (GAECO) do Minist\u00e9rio P\u00fablico de Santa Catarina (MPSC) deflagrou a opera\u00e7\u00e3o Venefica em combate a crimes de falsifica\u00e7\u00e3o e adultera\u00e7\u00e3o de produtos destinados a fins medicinais, organiza\u00e7\u00e3o criminosa, exerc\u00edcio ilegal da profiss\u00e3o, falsidade ideol\u00f3gica e lavagem de capitais. Foram cumpridos 6 (seis) mandados de pris\u00e3o preventiva e 50 mandados de busca e apreens\u00e3o, nos Estados de Santa Catarina, Paran\u00e1 e S\u00e3o Paulo.<\/p>\n<p>A investiga\u00e7\u00e3o foi conduzida pela Divis\u00e3o de Investiga\u00e7\u00e3o Criminal (DIC) de Joinville e pela 13\u00aa Promotoria de Justi\u00e7a de Joinville, com apoio operacional do GAECO (N\u00facleo Joinville).<\/p>\n<p>Al\u00e9m dos mandados de busca e de pris\u00e3o, foi determinado pelo Ju\u00edzo da 2\u00aa vara Criminal de Joinville, o sequestro de bens m\u00f3veis (ve\u00edculos e valores) e im\u00f3veis, a suspens\u00e3o dos perfis\/contas nas redes sociais, a suspens\u00e3o da atividade econ\u00f4mica de quatro empresas e uma filial, al\u00e9m de outras medidas cautelares diversas da pris\u00e3o.<\/p>\n<p><span style=\"font-family: var( --e-global-typography-text-font-family ), Sans-serif; font-size: var( --e-global-typography-text-font-size );\">&nbsp;<\/span><span style=\"font-family: var( --e-global-typography-text-font-family ), Sans-serif; font-size: var( --e-global-typography-text-font-size );\">O nome da opera\u00e7\u00e3o &#8211; Venefica &#8211; faz alus\u00e3o \u00e0 feiticeira da mitologia romana, que servia po\u00e7\u00f5es e venenos. Em latim, significa &#8220;envenenadora&#8221;.<\/span><\/p>\n<p>O G<span style=\"font-family: var( --e-global-typography-text-font-family ), Sans-serif; font-size: var( --e-global-typography-text-font-size );\">AECO \u00e9<\/span><span style=\"font-family: var( --e-global-typography-text-font-family ), Sans-serif; font-size: var( --e-global-typography-text-font-size );\">&nbsp;Grupo de Atua\u00e7\u00e3o Especial de Combate ao Crime Organizado (GAECO) \u00e9 uma for\u00e7a-tarefa composta pelo Minist\u00e9rio P\u00fablico de Santa Catarina, Pol\u00edcia Civil, Pol\u00edcia Militar, Pol\u00edcia Rodovi\u00e1ria Federal, Pol\u00edcia Penal, Receita Estadual e Corpo de Bombeiros Militar.<\/span><\/p>\n<div>&nbsp;<\/div>\t\t\t\t\t\t\t\t<\/div>\n\t\t\t\t<\/div>\n\t\t\t\t\t<\/div>\n\t\t<\/div>\n\t\t\t\t\t<\/div>\n\t\t<\/section>\n\t\t\t\t<\/div>\n\t\t","protected":false},"excerpt":{"rendered":"<p>Investiga\u00e7\u00e3o da DIC de Joinville e Gaeco resulta na pris\u00e3o de seis pessoas e cumprimento de 50 mandados em SC, Paran\u00e1 em S\u00e3o Paulo Na manh\u00e3 desta ter\u00e7a-feira (15\/8), o Grupo de Atua\u00e7\u00e3o Especial de Combate ao Crime Organizado (GAECO) do Minist\u00e9rio P\u00fablico de Santa Catarina (MPSC) deflagrou a opera\u00e7\u00e3o Venefica em combate a crimes [&hellip;]<\/p>\n","protected":false},"author":5,"featured_media":12537,"comment_status":"closed","ping_status":"open","sticky":false,"template":"","format":"standard","meta":{"_monsterinsights_skip_tracking":false,"_monsterinsights_sitenote_active":false,"_monsterinsights_sitenote_note":"","_monsterinsights_sitenote_category":0,"footnotes":""},"categories":[1],"tags":[],"class_list":["post-12536","post","type-post","status-publish","format-standard","has-post-thumbnail","hentry","category-sem-categoria"],"_links":{"self":[{"href":"https:\/\/pc.sc.gov.br\/index.php?rest_route=\/wp\/v2\/posts\/12536","targetHints":{"allow":["GET"]}}],"collection":[{"href":"https:\/\/pc.sc.gov.br\/index.php?rest_route=\/wp\/v2\/posts"}],"about":[{"href":"https:\/\/pc.sc.gov.br\/index.php?rest_route=\/wp\/v2\/types\/post"}],"author":[{"embeddable":true,"href":"https:\/\/pc.sc.gov.br\/index.php?rest_route=\/wp\/v2\/users\/5"}],"replies":[{"embeddable":true,"href":"https:\/\/pc.sc.gov.br\/index.php?rest_route=%2Fwp%2Fv2%2Fcomments&post=12536"}],"version-history":[{"count":4,"href":"https:\/\/pc.sc.gov.br\/index.php?rest_route=\/wp\/v2\/posts\/12536\/revisions"}],"predecessor-version":[{"id":12542,"href":"https:\/\/pc.sc.gov.br\/index.php?rest_route=\/wp\/v2\/posts\/12536\/revisions\/12542"}],"wp:featuredmedia":[{"embeddable":true,"href":"https:\/\/pc.sc.gov.br\/index.php?rest_route=\/wp\/v2\/media\/12537"}],"wp:attachment":[{"href":"https:\/\/pc.sc.gov.br\/index.php?rest_route=%2Fwp%2Fv2%2Fmedia&parent=12536"}],"wp:term":[{"taxonomy":"category","embeddable":true,"href":"https:\/\/pc.sc.gov.br\/index.php?rest_route=%2Fwp%2Fv2%2Fcategories&post=12536"},{"taxonomy":"post_tag","embeddable":true,"href":"https:\/\/pc.sc.gov.br\/index.php?rest_route=%2Fwp%2Fv2%2Ftags&post=12536"}],"curies":[{"name":"wp","href":"https:\/\/api.w.org\/{rel}","templated":true}]}}