{"id":12559,"date":"2023-08-16T16:53:18","date_gmt":"2023-08-16T19:53:18","guid":{"rendered":"https:\/\/pc.sc.gov.br\/?p=12559"},"modified":"2023-08-16T16:54:33","modified_gmt":"2023-08-16T19:54:33","slug":"policia-civil-prende-ultimo-foragido-suspeito-de-homicidio-ocorrido-no-bairro-fazenda-em-itajai","status":"publish","type":"post","link":"https:\/\/pc.sc.gov.br\/?p=12559","title":{"rendered":"Pol\u00edcia Civil prende \u00faltimo foragido suspeito de homic\u00eddio ocorrido no bairro Fazenda, em Itaja\u00ed"},"content":{"rendered":"\t\t<div data-elementor-type=\"wp-post\" data-elementor-id=\"12559\" class=\"elementor elementor-12559\" data-elementor-post-type=\"post\">\n\t\t\t\t\t\t<section class=\"elementor-section elementor-top-section elementor-element elementor-element-80f1943 elementor-section-boxed elementor-section-height-default elementor-section-height-default\" data-id=\"80f1943\" data-element_type=\"section\">\n\t\t\t\t\t\t<div class=\"elementor-container elementor-column-gap-default\">\n\t\t\t\t\t<div class=\"elementor-column elementor-col-100 elementor-top-column elementor-element elementor-element-b838abb\" data-id=\"b838abb\" data-element_type=\"column\">\n\t\t\t<div class=\"elementor-widget-wrap elementor-element-populated\">\n\t\t\t\t\t\t<div class=\"elementor-element elementor-element-4102996 elementor-widget elementor-widget-heading\" data-id=\"4102996\" data-element_type=\"widget\" data-widget_type=\"heading.default\">\n\t\t\t\t<div class=\"elementor-widget-container\">\n\t\t\t\t\t<h2 class=\"elementor-heading-title elementor-size-default\">\nPol\u00edcia Civil prende \u00faltimo foragido suspeito de homic\u00eddio ocorrido no bairro Fazenda, em Itaja\u00ed <\/h2>\t\t\t\t<\/div>\n\t\t\t\t<\/div>\n\t\t\t\t\t<\/div>\n\t\t<\/div>\n\t\t\t\t\t<\/div>\n\t\t<\/section>\n\t\t\t\t<section class=\"elementor-section elementor-top-section elementor-element elementor-element-41c4e6d elementor-section-boxed elementor-section-height-default elementor-section-height-default\" data-id=\"41c4e6d\" data-element_type=\"section\">\n\t\t\t\t\t\t<div class=\"elementor-container elementor-column-gap-default\">\n\t\t\t\t\t<div class=\"elementor-column elementor-col-100 elementor-top-column elementor-element elementor-element-0670d65\" data-id=\"0670d65\" data-element_type=\"column\">\n\t\t\t<div class=\"elementor-widget-wrap elementor-element-populated\">\n\t\t\t\t\t\t<div class=\"elementor-element elementor-element-28a8a74 elementor-widget elementor-widget-image\" data-id=\"28a8a74\" data-element_type=\"widget\" data-widget_type=\"image.default\">\n\t\t\t\t<div class=\"elementor-widget-container\">\n\t\t\t\t\t\t\t\t\t\t\t\t\t\t\t<img fetchpriority=\"high\" decoding=\"async\" width=\"576\" height=\"1024\" src=\"https:\/\/pc.sc.gov.br\/\/wp-content\/uploads\/2023\/08\/WhatsApp-Image-2023-08-16-at-16.42.23-576x1024.jpeg\" class=\"attachment-large size-large wp-image-12560\" alt=\"\" srcset=\"https:\/\/pc.sc.gov.br\/\/wp-content\/uploads\/2023\/08\/WhatsApp-Image-2023-08-16-at-16.42.23-576x1024.jpeg 576w, https:\/\/pc.sc.gov.br\/\/wp-content\/uploads\/2023\/08\/WhatsApp-Image-2023-08-16-at-16.42.23-169x300.jpeg 169w, https:\/\/pc.sc.gov.br\/\/wp-content\/uploads\/2023\/08\/WhatsApp-Image-2023-08-16-at-16.42.23-768x1365.jpeg 768w, https:\/\/pc.sc.gov.br\/\/wp-content\/uploads\/2023\/08\/WhatsApp-Image-2023-08-16-at-16.42.23-864x1536.jpeg 864w, https:\/\/pc.sc.gov.br\/\/wp-content\/uploads\/2023\/08\/WhatsApp-Image-2023-08-16-at-16.42.23.jpeg 900w\" sizes=\"(max-width: 576px) 100vw, 576px\" \/>\t\t\t\t\t\t\t\t\t\t\t\t\t\t\t<\/div>\n\t\t\t\t<\/div>\n\t\t\t\t\t<\/div>\n\t\t<\/div>\n\t\t\t\t\t<\/div>\n\t\t<\/section>\n\t\t\t\t<section class=\"elementor-section elementor-top-section elementor-element elementor-element-b9253e1 elementor-section-boxed elementor-section-height-default elementor-section-height-default\" data-id=\"b9253e1\" data-element_type=\"section\">\n\t\t\t\t\t\t<div class=\"elementor-container elementor-column-gap-default\">\n\t\t\t\t\t<div class=\"elementor-column elementor-col-100 elementor-top-column elementor-element elementor-element-7740b43\" data-id=\"7740b43\" data-element_type=\"column\">\n\t\t\t<div class=\"elementor-widget-wrap elementor-element-populated\">\n\t\t\t\t\t\t<div class=\"elementor-element elementor-element-b2d315e elementor-widget elementor-widget-text-editor\" data-id=\"b2d315e\" data-element_type=\"widget\" data-widget_type=\"text-editor.default\">\n\t\t\t\t<div class=\"elementor-widget-container\">\n\t\t\t\t\t\t\t\t\t<p>A Pol\u00edcia Civil de Santa Catarina, por meio da Divis\u00e3o de Investiga\u00e7\u00e3o Criminal (DIC) de Itaja\u00ed cumpriu na \u00faltima sexta-feira (11) mandado de pris\u00e3o tempor\u00e1ria de um homem de 19 anos, suspeito de ser um dos executores de um homic\u00eddio ocorrido no dia 06\/03\/2023.&nbsp;<span style=\"font-family: var( --e-global-typography-primary-font-family ), Sans-serif; font-size: var( --e-global-typography-primary-font-size ); font-weight: var( --e-global-typography-primary-font-weight ); letter-spacing: var( --e-global-typography-primary-letter-spacing );\">Nesta data um jovem de 18 anos, foi alvejado por disparos de arma de fogo na portaria de seu pr\u00e9dio, no bairro Fazenda, vindo a \u00f3bito no local.<\/span><\/p><p>O autor dos disparos chegou ao local na garupa de uma motocicleta. Segundo apurado, a v\u00edtima, integrante de uma fac\u00e7\u00e3o criminosa, teria descumprido regras do estatuto da organiza\u00e7\u00e3o e por isso teria sido &#8220;decretada&#8221;, ou seja, jurado de morte, o que motivou o nome da opera\u00e7\u00e3o.<\/p><p>No dia 26\/06\/2023 foi deflagrada a opera\u00e7\u00e3o \u201cDecretado\u201d para cumprimento de 13 ordens judiciais referentes ao caso, quando quatro suspeitos foram presos e um veio \u00e0 \u00f3bito em confronto com as for\u00e7as policiais. Na ocasi\u00e3o, o investigado n\u00e3o foi localizado e encontrava-se foragido desde ent\u00e3o. Na \u00faltima sexta-feira, o suspeito foi capturado quando circulava pelo bairro Conde Vila Verde, munic\u00edpio de Cambori\u00fa.<\/p><p>O preso responde pelo crime de organiza\u00e7\u00e3o criminosa e homic\u00eddio qualificado pela emboscada e por motivo torpe, tendo sido encaminhado ao sistema penitenci\u00e1rio, onde permanece \u00e0 disposi\u00e7\u00e3o da Justi\u00e7a.<\/p><p><br><\/p>\t\t\t\t\t\t\t\t<\/div>\n\t\t\t\t<\/div>\n\t\t\t\t\t<\/div>\n\t\t<\/div>\n\t\t\t\t\t<\/div>\n\t\t<\/section>\n\t\t\t\t<\/div>\n\t\t","protected":false},"excerpt":{"rendered":"<p>Pol\u00edcia Civil prende \u00faltimo foragido suspeito de homic\u00eddio ocorrido no bairro Fazenda, em Itaja\u00ed A Pol\u00edcia Civil de Santa Catarina, por meio da Divis\u00e3o de Investiga\u00e7\u00e3o Criminal (DIC) de Itaja\u00ed cumpriu na \u00faltima sexta-feira (11) mandado de pris\u00e3o tempor\u00e1ria de um homem de 19 anos, suspeito de ser um dos executores de um homic\u00eddio ocorrido [&hellip;]<\/p>\n","protected":false},"author":5,"featured_media":12560,"comment_status":"closed","ping_status":"open","sticky":false,"template":"","format":"standard","meta":{"_monsterinsights_skip_tracking":false,"_monsterinsights_sitenote_active":false,"_monsterinsights_sitenote_note":"","_monsterinsights_sitenote_category":0,"footnotes":""},"categories":[1],"tags":[],"class_list":["post-12559","post","type-post","status-publish","format-standard","has-post-thumbnail","hentry","category-sem-categoria"],"_links":{"self":[{"href":"https:\/\/pc.sc.gov.br\/index.php?rest_route=\/wp\/v2\/posts\/12559","targetHints":{"allow":["GET"]}}],"collection":[{"href":"https:\/\/pc.sc.gov.br\/index.php?rest_route=\/wp\/v2\/posts"}],"about":[{"href":"https:\/\/pc.sc.gov.br\/index.php?rest_route=\/wp\/v2\/types\/post"}],"author":[{"embeddable":true,"href":"https:\/\/pc.sc.gov.br\/index.php?rest_route=\/wp\/v2\/users\/5"}],"replies":[{"embeddable":true,"href":"https:\/\/pc.sc.gov.br\/index.php?rest_route=%2Fwp%2Fv2%2Fcomments&post=12559"}],"version-history":[{"count":4,"href":"https:\/\/pc.sc.gov.br\/index.php?rest_route=\/wp\/v2\/posts\/12559\/revisions"}],"predecessor-version":[{"id":12565,"href":"https:\/\/pc.sc.gov.br\/index.php?rest_route=\/wp\/v2\/posts\/12559\/revisions\/12565"}],"wp:featuredmedia":[{"embeddable":true,"href":"https:\/\/pc.sc.gov.br\/index.php?rest_route=\/wp\/v2\/media\/12560"}],"wp:attachment":[{"href":"https:\/\/pc.sc.gov.br\/index.php?rest_route=%2Fwp%2Fv2%2Fmedia&parent=12559"}],"wp:term":[{"taxonomy":"category","embeddable":true,"href":"https:\/\/pc.sc.gov.br\/index.php?rest_route=%2Fwp%2Fv2%2Fcategories&post=12559"},{"taxonomy":"post_tag","embeddable":true,"href":"https:\/\/pc.sc.gov.br\/index.php?rest_route=%2Fwp%2Fv2%2Ftags&post=12559"}],"curies":[{"name":"wp","href":"https:\/\/api.w.org\/{rel}","templated":true}]}}