{"id":12571,"date":"2023-08-16T17:27:00","date_gmt":"2023-08-16T20:27:00","guid":{"rendered":"https:\/\/pc.sc.gov.br\/?p=12571"},"modified":"2023-08-16T17:54:11","modified_gmt":"2023-08-16T20:54:11","slug":"pcsc-e-defesa-civil-assinam-termo-de-cooperacao-tecnica-na-area-de-tecnologia","status":"publish","type":"post","link":"https:\/\/pc.sc.gov.br\/?p=12571","title":{"rendered":"PCSC e Defesa Civil assinam termo de coopera\u00e7\u00e3o t\u00e9cnica na \u00e1rea de tecnologia"},"content":{"rendered":"\t\t<div data-elementor-type=\"wp-post\" data-elementor-id=\"12571\" class=\"elementor elementor-12571\" data-elementor-post-type=\"post\">\n\t\t\t\t\t\t<section class=\"elementor-section elementor-top-section elementor-element elementor-element-e357512 elementor-section-boxed elementor-section-height-default elementor-section-height-default\" data-id=\"e357512\" data-element_type=\"section\">\n\t\t\t\t\t\t<div class=\"elementor-container elementor-column-gap-default\">\n\t\t\t\t\t<div class=\"elementor-column elementor-col-100 elementor-top-column elementor-element elementor-element-70d6568\" data-id=\"70d6568\" data-element_type=\"column\">\n\t\t\t<div class=\"elementor-widget-wrap elementor-element-populated\">\n\t\t\t\t\t\t<div class=\"elementor-element elementor-element-8c7019e elementor-widget elementor-widget-heading\" data-id=\"8c7019e\" data-element_type=\"widget\" data-widget_type=\"heading.default\">\n\t\t\t\t<div class=\"elementor-widget-container\">\n\t\t\t\t\t<h2 class=\"elementor-heading-title elementor-size-default\">PCSC e Defesa Civil assinam termo de coopera\u00e7\u00e3o t\u00e9cnica na \u00e1rea de Tecnologia<\/h2>\t\t\t\t<\/div>\n\t\t\t\t<\/div>\n\t\t\t\t\t<\/div>\n\t\t<\/div>\n\t\t\t\t\t<\/div>\n\t\t<\/section>\n\t\t\t\t<section class=\"elementor-section elementor-top-section elementor-element elementor-element-ccbf45b elementor-section-boxed elementor-section-height-default elementor-section-height-default\" data-id=\"ccbf45b\" data-element_type=\"section\">\n\t\t\t\t\t\t<div class=\"elementor-container elementor-column-gap-default\">\n\t\t\t\t\t<div class=\"elementor-column elementor-col-100 elementor-top-column elementor-element elementor-element-dd5615b\" data-id=\"dd5615b\" data-element_type=\"column\">\n\t\t\t<div class=\"elementor-widget-wrap elementor-element-populated\">\n\t\t\t\t\t\t<div class=\"elementor-element elementor-element-0a9458a elementor-widget elementor-widget-image\" data-id=\"0a9458a\" data-element_type=\"widget\" data-widget_type=\"image.default\">\n\t\t\t\t<div class=\"elementor-widget-container\">\n\t\t\t\t\t\t\t\t\t\t\t\t\t\t\t<img fetchpriority=\"high\" decoding=\"async\" width=\"696\" height=\"522\" src=\"https:\/\/pc.sc.gov.br\/\/wp-content\/uploads\/2023\/08\/sem-corte.jpeg\" class=\"attachment-large size-large wp-image-12587\" alt=\"\" srcset=\"https:\/\/pc.sc.gov.br\/\/wp-content\/uploads\/2023\/08\/sem-corte.jpeg 1024w, https:\/\/pc.sc.gov.br\/\/wp-content\/uploads\/2023\/08\/sem-corte-300x225.jpeg 300w, https:\/\/pc.sc.gov.br\/\/wp-content\/uploads\/2023\/08\/sem-corte-768x576.jpeg 768w\" sizes=\"(max-width: 696px) 100vw, 696px\" \/>\t\t\t\t\t\t\t\t\t\t\t\t\t\t\t<\/div>\n\t\t\t\t<\/div>\n\t\t\t\t\t<\/div>\n\t\t<\/div>\n\t\t\t\t\t<\/div>\n\t\t<\/section>\n\t\t\t\t<section class=\"elementor-section elementor-top-section elementor-element elementor-element-d5e8a56 elementor-section-boxed elementor-section-height-default elementor-section-height-default\" data-id=\"d5e8a56\" data-element_type=\"section\">\n\t\t\t\t\t\t<div class=\"elementor-container elementor-column-gap-default\">\n\t\t\t\t\t<div class=\"elementor-column elementor-col-100 elementor-top-column elementor-element elementor-element-80e533f\" data-id=\"80e533f\" data-element_type=\"column\">\n\t\t\t<div class=\"elementor-widget-wrap elementor-element-populated\">\n\t\t\t\t\t\t<div class=\"elementor-element elementor-element-bf94981 elementor-widget elementor-widget-text-editor\" data-id=\"bf94981\" data-element_type=\"widget\" data-widget_type=\"text-editor.default\">\n\t\t\t\t<div class=\"elementor-widget-container\">\n\t\t\t\t\t\t\t\t\t<p style=\"font-weight: 400; letter-spacing: -0.2px;\">Por meio de um Termo de Coopera\u00e7\u00e3o T\u00e9cnica, a Ger\u00eancia de Tecnologia da PCSC anunciou a assinatura de uma parceria estrat\u00e9gica entre a Pol\u00edcia Civil e a Defesa Civil, a fim de otimizar a avan\u00e7ada infraestrutura de Data Center da institui\u00e7\u00e3o policial. O acordo prev\u00ea o uso da estrutura da Defesa Civil para hospedar a infraestrutura de redund\u00e2ncia, com vistas a ampliar a disponibilidade e a integridade dos dados da Pol\u00edcia Civil.<\/p><p style=\"font-weight: 400; letter-spacing: -0.2px;\">De acordo com a Ger\u00eancia de TI da Pol\u00edcia Civil, essa transforma\u00e7\u00e3o, al\u00e9m de ampliar a capacidade operacional da PCSC, tamb\u00e9m gera novas oportunidades para a colabora\u00e7\u00e3o e sinergia entre institui\u00e7\u00f5es essenciais para a seguran\u00e7a p\u00fablica.<\/p><p style=\"font-weight: 400; letter-spacing: -0.2px;\">\u201cO compartilhamento do Data Center maximiza nossos recursos e tamb\u00e9m gera benef\u00edcios econ\u00f4micos para o estado, ao mesmo tempo em que nos confere uma resili\u00eancia mais robusta diante de desafios inesperados\u201d, assinalou o Everton Wiezbicki, Gerente de TI da PCSC. Ele ressaltou que a troca de conhecimentos e experi\u00eancias entre as equipes enriquece sobremaneira a capacidade de tomada de decis\u00e3o e agilidade em situa\u00e7\u00f5es de crise, proporcionando um ambiente mais seguro e eficaz para os catarinenses.<\/p><p style=\"margin-bottom: 1.6rem; font-weight: 400; letter-spacing: -0.2px;\">O conv\u00eanio contou com a participa\u00e7\u00e3o da GEPLA e da GETIN e com apoio integral do delegado-geral, Ulisses Gabriel. O in\u00edcio do processo de migra\u00e7\u00e3o da infraestrutura para o Data Center da DC teve a participa\u00e7\u00e3o dos servidores Luciano Paes Caldas, Coordenador de Infraestrutura da PCSC; Everton Wiezbicki, Gerente de TI da PCSC, Maur\u00edcio Graciano, Gerente de TI da Defesa Civil e Julio Tarter, Coordenador de Inova\u00e7\u00e3o Projeto da PCSC.&nbsp;<\/p>\t\t\t\t\t\t\t\t<\/div>\n\t\t\t\t<\/div>\n\t\t\t\t\t<\/div>\n\t\t<\/div>\n\t\t\t\t\t<\/div>\n\t\t<\/section>\n\t\t\t\t<\/div>\n\t\t","protected":false},"excerpt":{"rendered":"<p>PCSC e Defesa Civil assinam termo de coopera\u00e7\u00e3o t\u00e9cnica na \u00e1rea de Tecnologia Por meio de um Termo de Coopera\u00e7\u00e3o T\u00e9cnica, a Ger\u00eancia de Tecnologia da PCSC anunciou a assinatura de uma parceria estrat\u00e9gica entre a Pol\u00edcia Civil e a Defesa Civil, a fim de otimizar a avan\u00e7ada infraestrutura de Data Center da institui\u00e7\u00e3o policial. [&hellip;]<\/p>\n","protected":false},"author":5,"featured_media":12574,"comment_status":"closed","ping_status":"open","sticky":false,"template":"","format":"standard","meta":{"_monsterinsights_skip_tracking":false,"_monsterinsights_sitenote_active":false,"_monsterinsights_sitenote_note":"","_monsterinsights_sitenote_category":0,"footnotes":""},"categories":[1],"tags":[],"class_list":["post-12571","post","type-post","status-publish","format-standard","has-post-thumbnail","hentry","category-sem-categoria"],"_links":{"self":[{"href":"https:\/\/pc.sc.gov.br\/index.php?rest_route=\/wp\/v2\/posts\/12571","targetHints":{"allow":["GET"]}}],"collection":[{"href":"https:\/\/pc.sc.gov.br\/index.php?rest_route=\/wp\/v2\/posts"}],"about":[{"href":"https:\/\/pc.sc.gov.br\/index.php?rest_route=\/wp\/v2\/types\/post"}],"author":[{"embeddable":true,"href":"https:\/\/pc.sc.gov.br\/index.php?rest_route=\/wp\/v2\/users\/5"}],"replies":[{"embeddable":true,"href":"https:\/\/pc.sc.gov.br\/index.php?rest_route=%2Fwp%2Fv2%2Fcomments&post=12571"}],"version-history":[{"count":14,"href":"https:\/\/pc.sc.gov.br\/index.php?rest_route=\/wp\/v2\/posts\/12571\/revisions"}],"predecessor-version":[{"id":12590,"href":"https:\/\/pc.sc.gov.br\/index.php?rest_route=\/wp\/v2\/posts\/12571\/revisions\/12590"}],"wp:featuredmedia":[{"embeddable":true,"href":"https:\/\/pc.sc.gov.br\/index.php?rest_route=\/wp\/v2\/media\/12574"}],"wp:attachment":[{"href":"https:\/\/pc.sc.gov.br\/index.php?rest_route=%2Fwp%2Fv2%2Fmedia&parent=12571"}],"wp:term":[{"taxonomy":"category","embeddable":true,"href":"https:\/\/pc.sc.gov.br\/index.php?rest_route=%2Fwp%2Fv2%2Fcategories&post=12571"},{"taxonomy":"post_tag","embeddable":true,"href":"https:\/\/pc.sc.gov.br\/index.php?rest_route=%2Fwp%2Fv2%2Ftags&post=12571"}],"curies":[{"name":"wp","href":"https:\/\/api.w.org\/{rel}","templated":true}]}}