{"id":12591,"date":"2023-08-16T17:56:02","date_gmt":"2023-08-16T20:56:02","guid":{"rendered":"https:\/\/pc.sc.gov.br\/?p=12591"},"modified":"2023-08-16T17:57:58","modified_gmt":"2023-08-16T20:57:58","slug":"policia-civil-cumpre-mandados-de-prisao-busca-e-apreensao-contra-suspeito-de-cometer-homicidio-em-sao-francisco-do-sul","status":"publish","type":"post","link":"https:\/\/pc.sc.gov.br\/?p=12591","title":{"rendered":"Pol\u00edcia Civil cumpre mandados de pris\u00e3o, busca e apreens\u00e3o contra suspeito de cometer homic\u00eddio em S\u00e3o Francisco do Sul"},"content":{"rendered":"\t\t<div data-elementor-type=\"wp-post\" data-elementor-id=\"12591\" class=\"elementor elementor-12591\" data-elementor-post-type=\"post\">\n\t\t\t\t\t\t<section class=\"elementor-section elementor-top-section elementor-element elementor-element-87c25f0 elementor-section-boxed elementor-section-height-default elementor-section-height-default\" data-id=\"87c25f0\" data-element_type=\"section\">\n\t\t\t\t\t\t<div class=\"elementor-container elementor-column-gap-default\">\n\t\t\t\t\t<div class=\"elementor-column elementor-col-100 elementor-top-column elementor-element elementor-element-22d86c9\" data-id=\"22d86c9\" data-element_type=\"column\">\n\t\t\t<div class=\"elementor-widget-wrap elementor-element-populated\">\n\t\t\t\t\t\t<div class=\"elementor-element elementor-element-e8b1c6c elementor-widget elementor-widget-heading\" data-id=\"e8b1c6c\" data-element_type=\"widget\" data-widget_type=\"heading.default\">\n\t\t\t\t<div class=\"elementor-widget-container\">\n\t\t\t\t\t<h2 class=\"elementor-heading-title elementor-size-default\">Pol\u00edcia Civil cumpre mandados de pris\u00e3o, busca e apreens\u00e3o contra suspeito de cometer homic\u00eddio em S\u00e3o Francisco do Sul<\/h2>\t\t\t\t<\/div>\n\t\t\t\t<\/div>\n\t\t\t\t\t<\/div>\n\t\t<\/div>\n\t\t\t\t\t<\/div>\n\t\t<\/section>\n\t\t\t\t<section class=\"elementor-section elementor-top-section elementor-element elementor-element-479b366 elementor-section-boxed elementor-section-height-default elementor-section-height-default\" data-id=\"479b366\" data-element_type=\"section\">\n\t\t\t\t\t\t<div class=\"elementor-container elementor-column-gap-default\">\n\t\t\t\t\t<div class=\"elementor-column elementor-col-100 elementor-top-column elementor-element elementor-element-bced32c\" data-id=\"bced32c\" data-element_type=\"column\">\n\t\t\t<div class=\"elementor-widget-wrap elementor-element-populated\">\n\t\t\t\t\t\t<div class=\"elementor-element elementor-element-9a36fe5 elementor-widget elementor-widget-image\" data-id=\"9a36fe5\" data-element_type=\"widget\" data-widget_type=\"image.default\">\n\t\t\t\t<div class=\"elementor-widget-container\">\n\t\t\t\t\t\t\t\t\t\t\t\t\t\t\t<img fetchpriority=\"high\" decoding=\"async\" width=\"696\" height=\"464\" src=\"https:\/\/pc.sc.gov.br\/\/wp-content\/uploads\/2023\/07\/PCSC-VTR-1-1024x683.jpg\" class=\"attachment-large size-large wp-image-11857\" alt=\"\" srcset=\"https:\/\/pc.sc.gov.br\/\/wp-content\/uploads\/2023\/07\/PCSC-VTR-1-1024x683.jpg 1024w, https:\/\/pc.sc.gov.br\/\/wp-content\/uploads\/2023\/07\/PCSC-VTR-1-300x200.jpg 300w, https:\/\/pc.sc.gov.br\/\/wp-content\/uploads\/2023\/07\/PCSC-VTR-1-768x512.jpg 768w, https:\/\/pc.sc.gov.br\/\/wp-content\/uploads\/2023\/07\/PCSC-VTR-1-1536x1024.jpg 1536w, https:\/\/pc.sc.gov.br\/\/wp-content\/uploads\/2023\/07\/PCSC-VTR-1-2048x1365.jpg 2048w\" sizes=\"(max-width: 696px) 100vw, 696px\" \/>\t\t\t\t\t\t\t\t\t\t\t\t\t\t\t<\/div>\n\t\t\t\t<\/div>\n\t\t\t\t\t<\/div>\n\t\t<\/div>\n\t\t\t\t\t<\/div>\n\t\t<\/section>\n\t\t\t\t<section class=\"elementor-section elementor-top-section elementor-element elementor-element-c7e24ca elementor-section-boxed elementor-section-height-default elementor-section-height-default\" data-id=\"c7e24ca\" data-element_type=\"section\">\n\t\t\t\t\t\t<div class=\"elementor-container elementor-column-gap-default\">\n\t\t\t\t\t<div class=\"elementor-column elementor-col-100 elementor-top-column elementor-element elementor-element-edb3ecb\" data-id=\"edb3ecb\" data-element_type=\"column\">\n\t\t\t<div class=\"elementor-widget-wrap elementor-element-populated\">\n\t\t\t\t\t\t<div class=\"elementor-element elementor-element-754334f elementor-widget elementor-widget-text-editor\" data-id=\"754334f\" data-element_type=\"widget\" data-widget_type=\"text-editor.default\">\n\t\t\t\t<div class=\"elementor-widget-container\">\n\t\t\t\t\t\t\t\t\t<p>Nesta quarta-feira (16), a equipe da Pol\u00edcia Civil de S\u00e3o Francisco do Sul cumpriu mandado de pris\u00e3o e de busca e apreens\u00e3o na resid\u00eancia de um indiv\u00edduo suspeito de praticar crime de homic\u00eddio, no Bairro Vila da Gl\u00f3ria, nesta Cidade de S\u00e3o Francisco do Sul. O homem foi preso no local em que estava trabalhando.<\/p>\n<p>Ap\u00f3s o conhecimento do crime, os policiais civis da SIC iniciaram as investiga\u00e7\u00f5es, sendo identificado o respectivo suspeito e o local de sua resid\u00eancia.&nbsp;<span style=\"font-family: var( --e-global-typography-text-font-family ), Sans-serif; font-size: var( --e-global-typography-text-font-size );\">Com a representa\u00e7\u00e3o da Pol\u00edcia Civil e posterior manifesta\u00e7\u00e3o do Minist\u00e9rio P\u00fablico, o Poder Judici\u00e1rio decretou a pris\u00e3o do indiv\u00edduo suspeito e, tamb\u00e9m, a busca e apreens\u00e3o no im\u00f3vel em que residia, com a expedi\u00e7\u00e3o dos respectivos mandados.<\/span><\/p>\n<p>&nbsp;O suspeito foi conduzido \u00e0 Delegacia de Pol\u00edcia para as provid\u00eancias legais.<\/p>\n<div>&nbsp;<\/div>\t\t\t\t\t\t\t\t<\/div>\n\t\t\t\t<\/div>\n\t\t\t\t\t<\/div>\n\t\t<\/div>\n\t\t\t\t\t<\/div>\n\t\t<\/section>\n\t\t\t\t<\/div>\n\t\t","protected":false},"excerpt":{"rendered":"<p>Pol\u00edcia Civil cumpre mandados de pris\u00e3o, busca e apreens\u00e3o contra suspeito de cometer homic\u00eddio em S\u00e3o Francisco do Sul Nesta quarta-feira (16), a equipe da Pol\u00edcia Civil de S\u00e3o Francisco do Sul cumpriu mandado de pris\u00e3o e de busca e apreens\u00e3o na resid\u00eancia de um indiv\u00edduo suspeito de praticar crime de homic\u00eddio, no Bairro Vila [&hellip;]<\/p>\n","protected":false},"author":5,"featured_media":11834,"comment_status":"closed","ping_status":"open","sticky":false,"template":"","format":"standard","meta":{"_monsterinsights_skip_tracking":false,"_monsterinsights_sitenote_active":false,"_monsterinsights_sitenote_note":"","_monsterinsights_sitenote_category":0,"footnotes":""},"categories":[1],"tags":[],"class_list":["post-12591","post","type-post","status-publish","format-standard","has-post-thumbnail","hentry","category-sem-categoria"],"_links":{"self":[{"href":"https:\/\/pc.sc.gov.br\/index.php?rest_route=\/wp\/v2\/posts\/12591","targetHints":{"allow":["GET"]}}],"collection":[{"href":"https:\/\/pc.sc.gov.br\/index.php?rest_route=\/wp\/v2\/posts"}],"about":[{"href":"https:\/\/pc.sc.gov.br\/index.php?rest_route=\/wp\/v2\/types\/post"}],"author":[{"embeddable":true,"href":"https:\/\/pc.sc.gov.br\/index.php?rest_route=\/wp\/v2\/users\/5"}],"replies":[{"embeddable":true,"href":"https:\/\/pc.sc.gov.br\/index.php?rest_route=%2Fwp%2Fv2%2Fcomments&post=12591"}],"version-history":[{"count":4,"href":"https:\/\/pc.sc.gov.br\/index.php?rest_route=\/wp\/v2\/posts\/12591\/revisions"}],"predecessor-version":[{"id":12595,"href":"https:\/\/pc.sc.gov.br\/index.php?rest_route=\/wp\/v2\/posts\/12591\/revisions\/12595"}],"wp:featuredmedia":[{"embeddable":true,"href":"https:\/\/pc.sc.gov.br\/index.php?rest_route=\/wp\/v2\/media\/11834"}],"wp:attachment":[{"href":"https:\/\/pc.sc.gov.br\/index.php?rest_route=%2Fwp%2Fv2%2Fmedia&parent=12591"}],"wp:term":[{"taxonomy":"category","embeddable":true,"href":"https:\/\/pc.sc.gov.br\/index.php?rest_route=%2Fwp%2Fv2%2Fcategories&post=12591"},{"taxonomy":"post_tag","embeddable":true,"href":"https:\/\/pc.sc.gov.br\/index.php?rest_route=%2Fwp%2Fv2%2Ftags&post=12591"}],"curies":[{"name":"wp","href":"https:\/\/api.w.org\/{rel}","templated":true}]}}