{"id":12612,"date":"2023-08-17T13:44:49","date_gmt":"2023-08-17T16:44:49","guid":{"rendered":"https:\/\/pc.sc.gov.br\/?p=12612"},"modified":"2023-08-17T13:46:32","modified_gmt":"2023-08-17T16:46:32","slug":"saer-sarasul-atendem-vitimas-de-explosao-em-empresa-de-vidros-de-icara","status":"publish","type":"post","link":"https:\/\/pc.sc.gov.br\/?p=12612","title":{"rendered":"SAER\/SARASUL atendem v\u00edtimas de explos\u00e3o em empresa de vidros de I\u00e7ara"},"content":{"rendered":"\t\t<div data-elementor-type=\"wp-post\" data-elementor-id=\"12612\" class=\"elementor elementor-12612\" data-elementor-post-type=\"post\">\n\t\t\t\t\t\t<section class=\"elementor-section elementor-top-section elementor-element elementor-element-c3dc027 elementor-section-boxed elementor-section-height-default elementor-section-height-default\" data-id=\"c3dc027\" data-element_type=\"section\">\n\t\t\t\t\t\t<div class=\"elementor-container elementor-column-gap-default\">\n\t\t\t\t\t<div class=\"elementor-column elementor-col-100 elementor-top-column elementor-element elementor-element-c349c8a\" data-id=\"c349c8a\" data-element_type=\"column\">\n\t\t\t<div class=\"elementor-widget-wrap elementor-element-populated\">\n\t\t\t\t\t\t<div class=\"elementor-element elementor-element-caae907 elementor-widget elementor-widget-heading\" data-id=\"caae907\" data-element_type=\"widget\" data-widget_type=\"heading.default\">\n\t\t\t\t<div class=\"elementor-widget-container\">\n\t\t\t\t\t<h2 class=\"elementor-heading-title elementor-size-default\">SAER\/SARASUL atendem v\u00edtimas de explos\u00e3o em empresa de vidros de I\u00e7ara<\/h2>\t\t\t\t<\/div>\n\t\t\t\t<\/div>\n\t\t\t\t\t<\/div>\n\t\t<\/div>\n\t\t\t\t\t<\/div>\n\t\t<\/section>\n\t\t\t\t<section class=\"elementor-section elementor-top-section elementor-element elementor-element-11e1555 elementor-section-boxed elementor-section-height-default elementor-section-height-default\" data-id=\"11e1555\" data-element_type=\"section\">\n\t\t\t\t\t\t<div class=\"elementor-container elementor-column-gap-default\">\n\t\t\t\t\t<div class=\"elementor-column elementor-col-100 elementor-top-column elementor-element elementor-element-c8f5e95\" data-id=\"c8f5e95\" data-element_type=\"column\">\n\t\t\t<div class=\"elementor-widget-wrap elementor-element-populated\">\n\t\t\t\t\t\t<div class=\"elementor-element elementor-element-fc629be elementor-widget elementor-widget-image\" data-id=\"fc629be\" data-element_type=\"widget\" data-widget_type=\"image.default\">\n\t\t\t\t<div class=\"elementor-widget-container\">\n\t\t\t\t\t\t\t\t\t\t\t\t\t\t\t<img fetchpriority=\"high\" decoding=\"async\" width=\"696\" height=\"523\" src=\"https:\/\/pc.sc.gov.br\/\/wp-content\/uploads\/2023\/08\/WhatsApp-Image-2023-08-17-at-11.48.02-1.jpeg\" class=\"attachment-large size-large wp-image-12613\" alt=\"\" srcset=\"https:\/\/pc.sc.gov.br\/\/wp-content\/uploads\/2023\/08\/WhatsApp-Image-2023-08-17-at-11.48.02-1.jpeg 1024w, https:\/\/pc.sc.gov.br\/\/wp-content\/uploads\/2023\/08\/WhatsApp-Image-2023-08-17-at-11.48.02-1-300x225.jpeg 300w, https:\/\/pc.sc.gov.br\/\/wp-content\/uploads\/2023\/08\/WhatsApp-Image-2023-08-17-at-11.48.02-1-768x577.jpeg 768w\" sizes=\"(max-width: 696px) 100vw, 696px\" \/>\t\t\t\t\t\t\t\t\t\t\t\t\t\t\t<\/div>\n\t\t\t\t<\/div>\n\t\t\t\t\t<\/div>\n\t\t<\/div>\n\t\t\t\t\t<\/div>\n\t\t<\/section>\n\t\t\t\t<section class=\"elementor-section elementor-top-section elementor-element elementor-element-833950b elementor-section-boxed elementor-section-height-default elementor-section-height-default\" data-id=\"833950b\" data-element_type=\"section\">\n\t\t\t\t\t\t<div class=\"elementor-container elementor-column-gap-default\">\n\t\t\t\t\t<div class=\"elementor-column elementor-col-100 elementor-top-column elementor-element elementor-element-71f82e6\" data-id=\"71f82e6\" data-element_type=\"column\">\n\t\t\t<div class=\"elementor-widget-wrap elementor-element-populated\">\n\t\t\t\t\t\t<div class=\"elementor-element elementor-element-0c2f430 elementor-widget elementor-widget-text-editor\" data-id=\"0c2f430\" data-element_type=\"widget\" data-widget_type=\"text-editor.default\">\n\t\t\t\t<div class=\"elementor-widget-container\">\n\t\t\t\t\t\t\t\t\t<p>A aeronave da Pol\u00edcia Civil, tripulada pelos tripulada pelos policiais do SAER e pelos profissionais da sa\u00fade do SARASUL, foi acionada nesta quinta-feira (17) pela Central de Regula\u00e7\u00e3o do SAMU de Crici\u00fama para atendimento de v\u00edtimas de uma explos\u00e3o em uma empresa de vidros, localizada em I\u00e7ara.<\/p><p>No local havia tr\u00eas pessoas feridas em decorr\u00eancia da explos\u00e3o de uma m\u00e1quina que apresentavam les\u00f5es provocadas pelos estilha\u00e7os de vidro e queimaduras na face e no t\u00f3rax. Todos foram atendidos no local e avaliados quanto \u00e0 gravidade das les\u00f5es e medicados. A ocorr\u00eancia tamb\u00e9m contou com apoio das equipes do SAMU, Unidade de Suporte B\u00e1sico de I\u00e7ara e Unidade de Suporte Avan\u00e7ado de Crici\u00fama. Ap\u00f3s o atendimento inicial, as v\u00edtimas foram deslocadas pelas unidades terrestres do SAMU ao Hospital S\u00e3o Jos\u00e9 em Crici\u00fama.<\/p>\t\t\t\t\t\t\t\t<\/div>\n\t\t\t\t<\/div>\n\t\t\t\t\t<\/div>\n\t\t<\/div>\n\t\t\t\t\t<\/div>\n\t\t<\/section>\n\t\t\t\t<\/div>\n\t\t","protected":false},"excerpt":{"rendered":"<p>SAER\/SARASUL atendem v\u00edtimas de explos\u00e3o em empresa de vidros de I\u00e7ara A aeronave da Pol\u00edcia Civil, tripulada pelos tripulada pelos policiais do SAER e pelos profissionais da sa\u00fade do SARASUL, foi acionada nesta quinta-feira (17) pela Central de Regula\u00e7\u00e3o do SAMU de Crici\u00fama para atendimento de v\u00edtimas de uma explos\u00e3o em uma empresa de vidros, [&hellip;]<\/p>\n","protected":false},"author":5,"featured_media":12613,"comment_status":"closed","ping_status":"open","sticky":false,"template":"","format":"standard","meta":{"_monsterinsights_skip_tracking":false,"_monsterinsights_sitenote_active":false,"_monsterinsights_sitenote_note":"","_monsterinsights_sitenote_category":0,"footnotes":""},"categories":[1],"tags":[],"class_list":["post-12612","post","type-post","status-publish","format-standard","has-post-thumbnail","hentry","category-sem-categoria"],"_links":{"self":[{"href":"https:\/\/pc.sc.gov.br\/index.php?rest_route=\/wp\/v2\/posts\/12612","targetHints":{"allow":["GET"]}}],"collection":[{"href":"https:\/\/pc.sc.gov.br\/index.php?rest_route=\/wp\/v2\/posts"}],"about":[{"href":"https:\/\/pc.sc.gov.br\/index.php?rest_route=\/wp\/v2\/types\/post"}],"author":[{"embeddable":true,"href":"https:\/\/pc.sc.gov.br\/index.php?rest_route=\/wp\/v2\/users\/5"}],"replies":[{"embeddable":true,"href":"https:\/\/pc.sc.gov.br\/index.php?rest_route=%2Fwp%2Fv2%2Fcomments&post=12612"}],"version-history":[{"count":4,"href":"https:\/\/pc.sc.gov.br\/index.php?rest_route=\/wp\/v2\/posts\/12612\/revisions"}],"predecessor-version":[{"id":12617,"href":"https:\/\/pc.sc.gov.br\/index.php?rest_route=\/wp\/v2\/posts\/12612\/revisions\/12617"}],"wp:featuredmedia":[{"embeddable":true,"href":"https:\/\/pc.sc.gov.br\/index.php?rest_route=\/wp\/v2\/media\/12613"}],"wp:attachment":[{"href":"https:\/\/pc.sc.gov.br\/index.php?rest_route=%2Fwp%2Fv2%2Fmedia&parent=12612"}],"wp:term":[{"taxonomy":"category","embeddable":true,"href":"https:\/\/pc.sc.gov.br\/index.php?rest_route=%2Fwp%2Fv2%2Fcategories&post=12612"},{"taxonomy":"post_tag","embeddable":true,"href":"https:\/\/pc.sc.gov.br\/index.php?rest_route=%2Fwp%2Fv2%2Ftags&post=12612"}],"curies":[{"name":"wp","href":"https:\/\/api.w.org\/{rel}","templated":true}]}}