{"id":12638,"date":"2023-08-17T16:56:29","date_gmt":"2023-08-17T19:56:29","guid":{"rendered":"https:\/\/pc.sc.gov.br\/?p=12638"},"modified":"2023-08-17T16:57:56","modified_gmt":"2023-08-17T19:57:56","slug":"policia-civil-prende-dois-traficantes-que-pretendiam-dominar-comercio-ilegal-de-drogas-em-bom-retiro","status":"publish","type":"post","link":"https:\/\/pc.sc.gov.br\/?p=12638","title":{"rendered":"Pol\u00edcia Civil prende dois traficantes que pretendiam dominar com\u00e9rcio ilegal de drogas em Bom Retiro"},"content":{"rendered":"\t\t<div data-elementor-type=\"wp-post\" data-elementor-id=\"12638\" class=\"elementor elementor-12638\" data-elementor-post-type=\"post\">\n\t\t\t\t\t\t<section class=\"elementor-section elementor-top-section elementor-element elementor-element-4989987 elementor-section-boxed elementor-section-height-default elementor-section-height-default\" data-id=\"4989987\" data-element_type=\"section\">\n\t\t\t\t\t\t<div class=\"elementor-container elementor-column-gap-default\">\n\t\t\t\t\t<div class=\"elementor-column elementor-col-100 elementor-top-column elementor-element elementor-element-7cf53b1\" data-id=\"7cf53b1\" data-element_type=\"column\">\n\t\t\t<div class=\"elementor-widget-wrap elementor-element-populated\">\n\t\t\t\t\t\t<div class=\"elementor-element elementor-element-857bdb5 elementor-widget elementor-widget-heading\" data-id=\"857bdb5\" data-element_type=\"widget\" data-widget_type=\"heading.default\">\n\t\t\t\t<div class=\"elementor-widget-container\">\n\t\t\t\t\t<h2 class=\"elementor-heading-title elementor-size-default\">Pol\u00edcia Civil prende dois traficantes que pretendiam dominar com\u00e9rcio ilegal de drogas em Bom Retiro<\/h2>\t\t\t\t<\/div>\n\t\t\t\t<\/div>\n\t\t\t\t\t<\/div>\n\t\t<\/div>\n\t\t\t\t\t<\/div>\n\t\t<\/section>\n\t\t\t\t<section class=\"elementor-section elementor-top-section elementor-element elementor-element-edde48c elementor-section-boxed elementor-section-height-default elementor-section-height-default\" data-id=\"edde48c\" data-element_type=\"section\">\n\t\t\t\t\t\t<div class=\"elementor-container elementor-column-gap-default\">\n\t\t\t\t\t<div class=\"elementor-column elementor-col-100 elementor-top-column elementor-element elementor-element-385821b\" data-id=\"385821b\" data-element_type=\"column\">\n\t\t\t<div class=\"elementor-widget-wrap elementor-element-populated\">\n\t\t\t\t\t\t<div class=\"elementor-element elementor-element-900d7a2 elementor-widget elementor-widget-image\" data-id=\"900d7a2\" data-element_type=\"widget\" data-widget_type=\"image.default\">\n\t\t\t\t<div class=\"elementor-widget-container\">\n\t\t\t\t\t\t\t\t\t\t\t\t\t\t\t<img fetchpriority=\"high\" decoding=\"async\" width=\"540\" height=\"318\" src=\"https:\/\/pc.sc.gov.br\/\/wp-content\/uploads\/2023\/07\/WhatsApp-Image-2023-06-26-at-15.29.00.jpeg\" class=\"attachment-large size-large wp-image-11817\" alt=\"\" srcset=\"https:\/\/pc.sc.gov.br\/\/wp-content\/uploads\/2023\/07\/WhatsApp-Image-2023-06-26-at-15.29.00.jpeg 540w, https:\/\/pc.sc.gov.br\/\/wp-content\/uploads\/2023\/07\/WhatsApp-Image-2023-06-26-at-15.29.00-300x177.jpeg 300w\" sizes=\"(max-width: 540px) 100vw, 540px\" \/>\t\t\t\t\t\t\t\t\t\t\t\t\t\t\t<\/div>\n\t\t\t\t<\/div>\n\t\t\t\t\t<\/div>\n\t\t<\/div>\n\t\t\t\t\t<\/div>\n\t\t<\/section>\n\t\t\t\t<section class=\"elementor-section elementor-top-section elementor-element elementor-element-f4bf902 elementor-section-boxed elementor-section-height-default elementor-section-height-default\" data-id=\"f4bf902\" data-element_type=\"section\">\n\t\t\t\t\t\t<div class=\"elementor-container elementor-column-gap-default\">\n\t\t\t\t\t<div class=\"elementor-column elementor-col-100 elementor-top-column elementor-element elementor-element-5972690\" data-id=\"5972690\" data-element_type=\"column\">\n\t\t\t<div class=\"elementor-widget-wrap elementor-element-populated\">\n\t\t\t\t\t\t<div class=\"elementor-element elementor-element-4016778 elementor-widget elementor-widget-text-editor\" data-id=\"4016778\" data-element_type=\"widget\" data-widget_type=\"text-editor.default\">\n\t\t\t\t<div class=\"elementor-widget-container\">\n\t\t\t\t\t\t\t\t\t<p>Nesta quinta-feira (17), a Pol\u00edcia Civil de Santa Catarina, por meio da Delegacia de Pol\u00edcia de Bom Retiro, realizou a pris\u00e3o em flagrante de dois indiv\u00edduos, integrantes de uma organiza\u00e7\u00e3o criminosa.&nbsp;<\/p>\n<p>A equipe de investiga\u00e7\u00e3o recebeu informa\u00e7\u00f5es de que havia dois indiv\u00edduos de uma organiza\u00e7\u00e3o criminosa, que foram enviados do litoral para o munic\u00edpio de Bom Retiro, com a miss\u00e3o de se instalarem na cidade e dominar o com\u00e9rcio ilegal de drogas.<\/p>\n<p>Ap\u00f3s as investiga\u00e7\u00f5es foram realizadas dilig\u00eancias na localidade em que os referidos indiv\u00edduos estariam, momento em que foram abordados e receberam voz de pris\u00e3o. Contudo um dos suspeitos, natural de Tapero\u00e1 (BA) empreendeu fuga.<\/p>\n<p>A equipe realizou a pris\u00e3o, num primeiro momento, apenas de um dos investigados e apreendeu drogas, dinheiro e outros itens de interesse para investiga\u00e7\u00e3o. Na sequ\u00eancia, foram realizadas dilig\u00eancias na regi\u00e3o onde supostamente o indiv\u00edduo que fugiu na abordagem havia se escondido.&nbsp;<\/p>\n<p>Em dado momento, durante incurs\u00e3o em uma casa abandonada, os policiais civis localizaram o investigado, que partiu para cima de um policial com um martelo de a\u00e7o nas m\u00e3os, visando lesion\u00e1-lo para possibilitar nova fuga, ocasi\u00e3o em que, foi necess\u00e1rio o uso de arma de fogo visando repelir injusta agress\u00e3o \u00e0 integridade f\u00edsica e vida do agente p\u00fablico.<\/p>\n<p>O investigado foi alvejado com dois disparos de arma de fogo, ambos, nas pernas, e na sequ\u00eancia foi preso e encaminhado para o Hospital de Urg\u00eancia do munic\u00edpio.&nbsp;<span style=\"font-family: var( --e-global-typography-text-font-family ), Sans-serif; font-size: var( --e-global-typography-text-font-size );\">Os dois indiv\u00edduos foram autuados em flagrante delito pela pr\u00e1tica dos crimes de organiza\u00e7\u00e3o criminosa, tr\u00e1fico de drogas e associa\u00e7\u00e3o para o tr\u00e1fico de drogas, al\u00e9m de les\u00e3o corporal na forma tentada contra policial em servi\u00e7o.<\/span><\/p>\n<p>Ap\u00f3s a realiza\u00e7\u00e3o das pris\u00f5es e lavratura dos procedimentos, o indiv\u00edduo alvejado foi encaminhado ao hospital e, posteriormente, ser\u00e1 encaminhado para o Pres\u00eddio de Lages. O segundo indiv\u00edduo foi encaminhado diretamente para o Pres\u00eddio de Lages.<\/p>\n<div>&nbsp;<\/div>\t\t\t\t\t\t\t\t<\/div>\n\t\t\t\t<\/div>\n\t\t\t\t\t<\/div>\n\t\t<\/div>\n\t\t\t\t\t<\/div>\n\t\t<\/section>\n\t\t\t\t<\/div>\n\t\t","protected":false},"excerpt":{"rendered":"<p>Pol\u00edcia Civil prende dois traficantes que pretendiam dominar com\u00e9rcio ilegal de drogas em Bom Retiro Nesta quinta-feira (17), a Pol\u00edcia Civil de Santa Catarina, por meio da Delegacia de Pol\u00edcia de Bom Retiro, realizou a pris\u00e3o em flagrante de dois indiv\u00edduos, integrantes de uma organiza\u00e7\u00e3o criminosa.&nbsp; A equipe de investiga\u00e7\u00e3o recebeu informa\u00e7\u00f5es de que havia [&hellip;]<\/p>\n","protected":false},"author":5,"featured_media":12199,"comment_status":"closed","ping_status":"open","sticky":false,"template":"","format":"standard","meta":{"_monsterinsights_skip_tracking":false,"_monsterinsights_sitenote_active":false,"_monsterinsights_sitenote_note":"","_monsterinsights_sitenote_category":0,"footnotes":""},"categories":[1],"tags":[],"class_list":["post-12638","post","type-post","status-publish","format-standard","has-post-thumbnail","hentry","category-sem-categoria"],"_links":{"self":[{"href":"https:\/\/pc.sc.gov.br\/index.php?rest_route=\/wp\/v2\/posts\/12638","targetHints":{"allow":["GET"]}}],"collection":[{"href":"https:\/\/pc.sc.gov.br\/index.php?rest_route=\/wp\/v2\/posts"}],"about":[{"href":"https:\/\/pc.sc.gov.br\/index.php?rest_route=\/wp\/v2\/types\/post"}],"author":[{"embeddable":true,"href":"https:\/\/pc.sc.gov.br\/index.php?rest_route=\/wp\/v2\/users\/5"}],"replies":[{"embeddable":true,"href":"https:\/\/pc.sc.gov.br\/index.php?rest_route=%2Fwp%2Fv2%2Fcomments&post=12638"}],"version-history":[{"count":4,"href":"https:\/\/pc.sc.gov.br\/index.php?rest_route=\/wp\/v2\/posts\/12638\/revisions"}],"predecessor-version":[{"id":12642,"href":"https:\/\/pc.sc.gov.br\/index.php?rest_route=\/wp\/v2\/posts\/12638\/revisions\/12642"}],"wp:featuredmedia":[{"embeddable":true,"href":"https:\/\/pc.sc.gov.br\/index.php?rest_route=\/wp\/v2\/media\/12199"}],"wp:attachment":[{"href":"https:\/\/pc.sc.gov.br\/index.php?rest_route=%2Fwp%2Fv2%2Fmedia&parent=12638"}],"wp:term":[{"taxonomy":"category","embeddable":true,"href":"https:\/\/pc.sc.gov.br\/index.php?rest_route=%2Fwp%2Fv2%2Fcategories&post=12638"},{"taxonomy":"post_tag","embeddable":true,"href":"https:\/\/pc.sc.gov.br\/index.php?rest_route=%2Fwp%2Fv2%2Ftags&post=12638"}],"curies":[{"name":"wp","href":"https:\/\/api.w.org\/{rel}","templated":true}]}}