{"id":12751,"date":"2023-08-21T18:01:29","date_gmt":"2023-08-21T21:01:29","guid":{"rendered":"https:\/\/pc.sc.gov.br\/?p=12751"},"modified":"2023-08-21T18:03:43","modified_gmt":"2023-08-21T21:03:43","slug":"operacao-entre-pc-pf-e-rf-resulta-na-prisao-de-um-homem-e-apreensao-de-cerca-de-10-quilos-de-cocaina-no-aeroporto-de-florianopolis","status":"publish","type":"post","link":"https:\/\/pc.sc.gov.br\/?p=12751","title":{"rendered":"Opera\u00e7\u00e3o entre PC, PF e RF resulta na pris\u00e3o de um homem e apreens\u00e3o de cerca de 10 quilos de coca\u00edna no aeroporto de Florian\u00f3polis"},"content":{"rendered":"\t\t<div data-elementor-type=\"wp-post\" data-elementor-id=\"12751\" class=\"elementor elementor-12751\" data-elementor-post-type=\"post\">\n\t\t\t\t\t\t<section class=\"elementor-section elementor-top-section elementor-element elementor-element-5a82902 elementor-section-boxed elementor-section-height-default elementor-section-height-default\" data-id=\"5a82902\" data-element_type=\"section\">\n\t\t\t\t\t\t<div class=\"elementor-container elementor-column-gap-default\">\n\t\t\t\t\t<div class=\"elementor-column elementor-col-100 elementor-top-column elementor-element elementor-element-0d06a1b\" data-id=\"0d06a1b\" data-element_type=\"column\">\n\t\t\t<div class=\"elementor-widget-wrap elementor-element-populated\">\n\t\t\t\t\t\t<div class=\"elementor-element elementor-element-aa9e1d1 elementor-widget elementor-widget-heading\" data-id=\"aa9e1d1\" data-element_type=\"widget\" data-widget_type=\"heading.default\">\n\t\t\t\t<div class=\"elementor-widget-container\">\n\t\t\t\t\t<h2 class=\"elementor-heading-title elementor-size-default\">Opera\u00e7\u00e3o conjunta entre PC, PF e RF resulta na pris\u00e3o de um homem e apreens\u00e3o de cerca de 10 quilos de coca\u00edna no aeroporto de Florian\u00f3polis<\/h2>\t\t\t\t<\/div>\n\t\t\t\t<\/div>\n\t\t\t\t\t<\/div>\n\t\t<\/div>\n\t\t\t\t\t<\/div>\n\t\t<\/section>\n\t\t\t\t<section class=\"elementor-section elementor-top-section elementor-element elementor-element-0ad8243 elementor-section-boxed elementor-section-height-default elementor-section-height-default\" data-id=\"0ad8243\" data-element_type=\"section\">\n\t\t\t\t\t\t<div class=\"elementor-container elementor-column-gap-default\">\n\t\t\t\t\t<div class=\"elementor-column elementor-col-100 elementor-top-column elementor-element elementor-element-8c42287\" data-id=\"8c42287\" data-element_type=\"column\">\n\t\t\t<div class=\"elementor-widget-wrap elementor-element-populated\">\n\t\t\t\t\t\t<div class=\"elementor-element elementor-element-b395b2d elementor-widget elementor-widget-image\" data-id=\"b395b2d\" data-element_type=\"widget\" data-widget_type=\"image.default\">\n\t\t\t\t<div class=\"elementor-widget-container\">\n\t\t\t\t\t\t\t\t\t\t\t\t\t\t\t<img fetchpriority=\"high\" decoding=\"async\" width=\"696\" height=\"696\" src=\"https:\/\/pc.sc.gov.br\/\/wp-content\/uploads\/2023\/08\/WhatsApp-Image-2023-08-20-at-09.42.07-1024x1024.jpeg\" class=\"attachment-large size-large wp-image-12752\" alt=\"\" srcset=\"https:\/\/pc.sc.gov.br\/\/wp-content\/uploads\/2023\/08\/WhatsApp-Image-2023-08-20-at-09.42.07-1024x1024.jpeg 1024w, https:\/\/pc.sc.gov.br\/\/wp-content\/uploads\/2023\/08\/WhatsApp-Image-2023-08-20-at-09.42.07-300x300.jpeg 300w, https:\/\/pc.sc.gov.br\/\/wp-content\/uploads\/2023\/08\/WhatsApp-Image-2023-08-20-at-09.42.07-150x150.jpeg 150w, https:\/\/pc.sc.gov.br\/\/wp-content\/uploads\/2023\/08\/WhatsApp-Image-2023-08-20-at-09.42.07-768x768.jpeg 768w, https:\/\/pc.sc.gov.br\/\/wp-content\/uploads\/2023\/08\/WhatsApp-Image-2023-08-20-at-09.42.07.jpeg 1080w\" sizes=\"(max-width: 696px) 100vw, 696px\" \/>\t\t\t\t\t\t\t\t\t\t\t\t\t\t\t<\/div>\n\t\t\t\t<\/div>\n\t\t\t\t\t<\/div>\n\t\t<\/div>\n\t\t\t\t\t<\/div>\n\t\t<\/section>\n\t\t\t\t<section class=\"elementor-section elementor-top-section elementor-element elementor-element-79b57f4 elementor-section-boxed elementor-section-height-default elementor-section-height-default\" data-id=\"79b57f4\" data-element_type=\"section\">\n\t\t\t\t\t\t<div class=\"elementor-container elementor-column-gap-default\">\n\t\t\t\t\t<div class=\"elementor-column elementor-col-100 elementor-top-column elementor-element elementor-element-54b66ec\" data-id=\"54b66ec\" data-element_type=\"column\">\n\t\t\t<div class=\"elementor-widget-wrap elementor-element-populated\">\n\t\t\t\t\t\t<div class=\"elementor-element elementor-element-9efe85a elementor-widget elementor-widget-text-editor\" data-id=\"9efe85a\" data-element_type=\"widget\" data-widget_type=\"text-editor.default\">\n\t\t\t\t<div class=\"elementor-widget-container\">\n\t\t\t\t\t\t\t\t\t<p>Em opera\u00e7\u00e3o conjunta realizada no s\u00e1bado (18) pela Pol\u00edcia Civil de Santa Catarina, por meio da Delegacia de Prote\u00e7\u00e3o ao Turista (DPTUR), Pol\u00edcia Federal e Receita Federal resultou na apreens\u00e3o de cerca de 10 quilos de subst\u00e2ncia com caracter\u00edsticas de coca\u00edna.<\/p><p>Em atua\u00e7\u00e3o de fiscaliza\u00e7\u00e3o e policiamento aeroportu\u00e1rio, as organiza\u00e7\u00f5es somaram esfor\u00e7os e identificaram produtos de origem n\u00e3o especificada junto \u00e0 bagagem de um passageiro estrangeiro. Ao verificar tais mercadorias, cerca de dez quilos de subst\u00e2ncia com caracter\u00edstica de coca\u00edna foram localizados de forma dilu\u00edda em produtos de beleza. Os testes preliminares, realizados j\u00e1 no aeroporto, identificaram a poss\u00edvel natureza il\u00edcita da subst\u00e2ncia.<\/p><p>O passageiro se deslocava em rota internacional, iniciando-se em Florian\u00f3polis e com destino final um pa\u00eds da \u00c1sia. Assim, em raz\u00e3o da internacionalidade do crime, o suspeito foi conduzido at\u00e9 a Superintend\u00eancia da Pol\u00edcia Federal para a lavratura do procedimento policial competente.<\/p><div>\u00a0<\/div>\t\t\t\t\t\t\t\t<\/div>\n\t\t\t\t<\/div>\n\t\t\t\t\t<\/div>\n\t\t<\/div>\n\t\t\t\t\t<\/div>\n\t\t<\/section>\n\t\t\t\t<\/div>\n\t\t","protected":false},"excerpt":{"rendered":"<p>Opera\u00e7\u00e3o conjunta entre PC, PF e RF resulta na pris\u00e3o de um homem e apreens\u00e3o de cerca de 10 quilos de coca\u00edna no aeroporto de Florian\u00f3polis Em opera\u00e7\u00e3o conjunta realizada no s\u00e1bado (18) pela Pol\u00edcia Civil de Santa Catarina, por meio da Delegacia de Prote\u00e7\u00e3o ao Turista (DPTUR), Pol\u00edcia Federal e Receita Federal resultou na [&hellip;]<\/p>\n","protected":false},"author":5,"featured_media":12752,"comment_status":"closed","ping_status":"open","sticky":false,"template":"","format":"standard","meta":{"_monsterinsights_skip_tracking":false,"_monsterinsights_sitenote_active":false,"_monsterinsights_sitenote_note":"","_monsterinsights_sitenote_category":0,"footnotes":""},"categories":[1],"tags":[],"class_list":["post-12751","post","type-post","status-publish","format-standard","has-post-thumbnail","hentry","category-sem-categoria"],"_links":{"self":[{"href":"https:\/\/pc.sc.gov.br\/index.php?rest_route=\/wp\/v2\/posts\/12751","targetHints":{"allow":["GET"]}}],"collection":[{"href":"https:\/\/pc.sc.gov.br\/index.php?rest_route=\/wp\/v2\/posts"}],"about":[{"href":"https:\/\/pc.sc.gov.br\/index.php?rest_route=\/wp\/v2\/types\/post"}],"author":[{"embeddable":true,"href":"https:\/\/pc.sc.gov.br\/index.php?rest_route=\/wp\/v2\/users\/5"}],"replies":[{"embeddable":true,"href":"https:\/\/pc.sc.gov.br\/index.php?rest_route=%2Fwp%2Fv2%2Fcomments&post=12751"}],"version-history":[{"count":4,"href":"https:\/\/pc.sc.gov.br\/index.php?rest_route=\/wp\/v2\/posts\/12751\/revisions"}],"predecessor-version":[{"id":12757,"href":"https:\/\/pc.sc.gov.br\/index.php?rest_route=\/wp\/v2\/posts\/12751\/revisions\/12757"}],"wp:featuredmedia":[{"embeddable":true,"href":"https:\/\/pc.sc.gov.br\/index.php?rest_route=\/wp\/v2\/media\/12752"}],"wp:attachment":[{"href":"https:\/\/pc.sc.gov.br\/index.php?rest_route=%2Fwp%2Fv2%2Fmedia&parent=12751"}],"wp:term":[{"taxonomy":"category","embeddable":true,"href":"https:\/\/pc.sc.gov.br\/index.php?rest_route=%2Fwp%2Fv2%2Fcategories&post=12751"},{"taxonomy":"post_tag","embeddable":true,"href":"https:\/\/pc.sc.gov.br\/index.php?rest_route=%2Fwp%2Fv2%2Ftags&post=12751"}],"curies":[{"name":"wp","href":"https:\/\/api.w.org\/{rel}","templated":true}]}}