{"id":12758,"date":"2023-08-21T18:16:49","date_gmt":"2023-08-21T21:16:49","guid":{"rendered":"https:\/\/pc.sc.gov.br\/?p=12758"},"modified":"2023-08-21T18:19:00","modified_gmt":"2023-08-21T21:19:00","slug":"investigados-por-tentativa-de-homicidio-ocorrida-em-gaspar-sao-presos-em-santa-catarina-e-amapa","status":"publish","type":"post","link":"https:\/\/pc.sc.gov.br\/?p=12758","title":{"rendered":"Investigados por tentativa de homic\u00eddio ocorrida em Gaspar s\u00e3o presos em Santa Catarina e Amap\u00e1"},"content":{"rendered":"\t\t<div data-elementor-type=\"wp-post\" data-elementor-id=\"12758\" class=\"elementor elementor-12758\" data-elementor-post-type=\"post\">\n\t\t\t\t\t\t<section class=\"elementor-section elementor-top-section elementor-element elementor-element-c00982d elementor-section-boxed elementor-section-height-default elementor-section-height-default\" data-id=\"c00982d\" data-element_type=\"section\">\n\t\t\t\t\t\t<div class=\"elementor-container elementor-column-gap-default\">\n\t\t\t\t\t<div class=\"elementor-column elementor-col-100 elementor-top-column elementor-element elementor-element-5e58d5e\" data-id=\"5e58d5e\" data-element_type=\"column\">\n\t\t\t<div class=\"elementor-widget-wrap elementor-element-populated\">\n\t\t\t\t\t\t<div class=\"elementor-element elementor-element-fbfcae9 elementor-widget elementor-widget-heading\" data-id=\"fbfcae9\" data-element_type=\"widget\" data-widget_type=\"heading.default\">\n\t\t\t\t<div class=\"elementor-widget-container\">\n\t\t\t\t\t<h2 class=\"elementor-heading-title elementor-size-default\">Investigados por tentativa de homic\u00eddio ocorrida em Gaspar s\u00e3o presos em Santa Catarina e Amap\u00e1<\/h2>\t\t\t\t<\/div>\n\t\t\t\t<\/div>\n\t\t\t\t\t<\/div>\n\t\t<\/div>\n\t\t\t\t\t<\/div>\n\t\t<\/section>\n\t\t\t\t<section class=\"elementor-section elementor-top-section elementor-element elementor-element-2783f03 elementor-section-boxed elementor-section-height-default elementor-section-height-default\" data-id=\"2783f03\" data-element_type=\"section\">\n\t\t\t\t\t\t<div class=\"elementor-container elementor-column-gap-default\">\n\t\t\t\t\t<div class=\"elementor-column elementor-col-100 elementor-top-column elementor-element elementor-element-aa5d827\" data-id=\"aa5d827\" data-element_type=\"column\">\n\t\t\t<div class=\"elementor-widget-wrap elementor-element-populated\">\n\t\t\t\t\t\t<div class=\"elementor-element elementor-element-12286d9 elementor-widget elementor-widget-image\" data-id=\"12286d9\" data-element_type=\"widget\" data-widget_type=\"image.default\">\n\t\t\t\t<div class=\"elementor-widget-container\">\n\t\t\t\t\t\t\t\t\t\t\t\t\t\t\t<img fetchpriority=\"high\" decoding=\"async\" width=\"696\" height=\"1004\" src=\"https:\/\/pc.sc.gov.br\/\/wp-content\/uploads\/2023\/06\/VIATURA_000000000028-1-e1755803154189-710x1024.jpg\" class=\"attachment-large size-large wp-image-10113\" alt=\"\" srcset=\"https:\/\/pc.sc.gov.br\/\/wp-content\/uploads\/2023\/06\/VIATURA_000000000028-1-e1755803154189-710x1024.jpg 710w, https:\/\/pc.sc.gov.br\/\/wp-content\/uploads\/2023\/06\/VIATURA_000000000028-1-e1755803154189-208x300.jpg 208w, https:\/\/pc.sc.gov.br\/\/wp-content\/uploads\/2023\/06\/VIATURA_000000000028-1-e1755803154189.jpg 720w\" sizes=\"(max-width: 696px) 100vw, 696px\" \/>\t\t\t\t\t\t\t\t\t\t\t\t\t\t\t<\/div>\n\t\t\t\t<\/div>\n\t\t\t\t<div class=\"elementor-element elementor-element-7127028 elementor-widget elementor-widget-text-editor\" data-id=\"7127028\" data-element_type=\"widget\" data-widget_type=\"text-editor.default\">\n\t\t\t\t<div class=\"elementor-widget-container\">\n\t\t\t\t\t\t\t\t\t<p>Nesta segunda-feira (21), a Pol\u00edcia Civil de Santa Catarina, por meio da Delegacia de Pol\u00edcia da Comarca de Gaspar e da Divis\u00e3o de Investiga\u00e7\u00e3o Criminal de Joinville, e a Pol\u00edcia Civil do Amap\u00e1 cumpriram dois mandados de pris\u00e3o preventiva contra investigados por uma tentativa de homic\u00eddio ocorrida em 30 de abril deste ano, em Gaspar. Ap\u00f3s o crime, os investigados fugiram, mas, ap\u00f3s longo trabalho de investiga\u00e7\u00e3o, foram localizados e presos. Um deles em Santana, Amap\u00e1, e outro em Joinville, Santa Catarina.<br><b><br>Relembre o caso<\/b><br><br>Foi instaurado inqu\u00e9rito policial para investigar tr\u00eas incidentes no mesmo contexto geral, envolvendo duas tentativas de homic\u00eddio qualificado com diferentes autores e v\u00edtimas. Esses eventos ocorreram em 30 de abril de 2023 em Gaspar.<br><br>No primeiro incidente, um grupo de pessoas causou tumulto em um lugar p\u00fablico, exigindo a interven\u00e7\u00e3o dos seguran\u00e7as e a remo\u00e7\u00e3o desses indiv\u00edduos para fora do local. Nesse momento, foi poss\u00edvel identificar duas pessoas, que mais tarde foram consideradas autoras da tentativa de homic\u00eddio no segundo incidente.<br><br>No segundo incidente, fora do local, ap\u00f3s a interven\u00e7\u00e3o dos seguran\u00e7as, uma confus\u00e3o generalizada ocorreu, levando v\u00e1rios indiv\u00edduos a vandalizarem o local e at\u00e9 mesmo a arrombarem o port\u00e3o da arena. Tentando impedir a entrada dessas pessoas, um seguran\u00e7a foi agredido, sendo atingido na cabe\u00e7a com uma barra de ferro por um dos autores. Mesmo no ch\u00e3o, ele continuou sendo alvo de socos e chutes por outros homens n\u00e3o identificados. Um dos autores tamb\u00e9m atacou o seguran\u00e7a com uma garrafa de vidro, entre outras agress\u00f5es.<br><br>Na tentativa de ajudar o seguran\u00e7a, outro funcion\u00e1rio tamb\u00e9m foi atingido por uma barra de ferro, desferida por um autor, que mirava a cabe\u00e7a do seguran\u00e7a, mas acabou acertando o ombro.<br><br>No terceiro incidente, ap\u00f3s o t\u00e9rmino da confus\u00e3o generalizada e o fechamento do local pelos funcion\u00e1rios, dois homens retornaram ao local, munidos de facas, arrombaram a porta e, no intuito de causar a morte, desferiram diversas facadas em regi\u00f5es vitais do seguran\u00e7a, o qual foi hospitalizado e conseguiu sobreviver.<\/p>\t\t\t\t\t\t\t\t<\/div>\n\t\t\t\t<\/div>\n\t\t\t\t\t<\/div>\n\t\t<\/div>\n\t\t\t\t\t<\/div>\n\t\t<\/section>\n\t\t\t\t<\/div>\n\t\t","protected":false},"excerpt":{"rendered":"<p>Investigados por tentativa de homic\u00eddio ocorrida em Gaspar s\u00e3o presos em Santa Catarina e Amap\u00e1 Nesta segunda-feira (21), a Pol\u00edcia Civil de Santa Catarina, por meio da Delegacia de Pol\u00edcia da Comarca de Gaspar e da Divis\u00e3o de Investiga\u00e7\u00e3o Criminal de Joinville, e a Pol\u00edcia Civil do Amap\u00e1 cumpriram dois mandados de pris\u00e3o preventiva contra [&hellip;]<\/p>\n","protected":false},"author":5,"featured_media":10113,"comment_status":"closed","ping_status":"open","sticky":false,"template":"","format":"standard","meta":{"_monsterinsights_skip_tracking":false,"_monsterinsights_sitenote_active":false,"_monsterinsights_sitenote_note":"","_monsterinsights_sitenote_category":0,"footnotes":""},"categories":[1],"tags":[],"class_list":["post-12758","post","type-post","status-publish","format-standard","has-post-thumbnail","hentry","category-sem-categoria"],"_links":{"self":[{"href":"https:\/\/pc.sc.gov.br\/index.php?rest_route=\/wp\/v2\/posts\/12758","targetHints":{"allow":["GET"]}}],"collection":[{"href":"https:\/\/pc.sc.gov.br\/index.php?rest_route=\/wp\/v2\/posts"}],"about":[{"href":"https:\/\/pc.sc.gov.br\/index.php?rest_route=\/wp\/v2\/types\/post"}],"author":[{"embeddable":true,"href":"https:\/\/pc.sc.gov.br\/index.php?rest_route=\/wp\/v2\/users\/5"}],"replies":[{"embeddable":true,"href":"https:\/\/pc.sc.gov.br\/index.php?rest_route=%2Fwp%2Fv2%2Fcomments&post=12758"}],"version-history":[{"count":4,"href":"https:\/\/pc.sc.gov.br\/index.php?rest_route=\/wp\/v2\/posts\/12758\/revisions"}],"predecessor-version":[{"id":12762,"href":"https:\/\/pc.sc.gov.br\/index.php?rest_route=\/wp\/v2\/posts\/12758\/revisions\/12762"}],"wp:featuredmedia":[{"embeddable":true,"href":"https:\/\/pc.sc.gov.br\/index.php?rest_route=\/wp\/v2\/media\/10113"}],"wp:attachment":[{"href":"https:\/\/pc.sc.gov.br\/index.php?rest_route=%2Fwp%2Fv2%2Fmedia&parent=12758"}],"wp:term":[{"taxonomy":"category","embeddable":true,"href":"https:\/\/pc.sc.gov.br\/index.php?rest_route=%2Fwp%2Fv2%2Fcategories&post=12758"},{"taxonomy":"post_tag","embeddable":true,"href":"https:\/\/pc.sc.gov.br\/index.php?rest_route=%2Fwp%2Fv2%2Ftags&post=12758"}],"curies":[{"name":"wp","href":"https:\/\/api.w.org\/{rel}","templated":true}]}}