{"id":12764,"date":"2023-08-22T13:54:41","date_gmt":"2023-08-22T16:54:41","guid":{"rendered":"https:\/\/pc.sc.gov.br\/?p=12764"},"modified":"2023-08-22T13:56:10","modified_gmt":"2023-08-22T16:56:10","slug":"em-porto-belo-policia-civil-prende-homem-autor-de-crimes-sexuais-em-florianopolis-santo-amaro-da-imperatriz-sao-jose-palhoca-e-itajai","status":"publish","type":"post","link":"https:\/\/pc.sc.gov.br\/?p=12764","title":{"rendered":"Em Porto Belo, Pol\u00edcia Civil prende homem autor de crimes sexuais em Florian\u00f3polis, Santo Amaro da Imperatriz, S\u00e3o Jos\u00e9, Palho\u00e7a e Itaja\u00ed"},"content":{"rendered":"\t\t<div data-elementor-type=\"wp-post\" data-elementor-id=\"12764\" class=\"elementor elementor-12764\" data-elementor-post-type=\"post\">\n\t\t\t\t\t\t<section class=\"elementor-section elementor-top-section elementor-element elementor-element-2ea6010 elementor-section-boxed elementor-section-height-default elementor-section-height-default\" data-id=\"2ea6010\" data-element_type=\"section\">\n\t\t\t\t\t\t<div class=\"elementor-container elementor-column-gap-default\">\n\t\t\t\t\t<div class=\"elementor-column elementor-col-100 elementor-top-column elementor-element elementor-element-a308987\" data-id=\"a308987\" data-element_type=\"column\">\n\t\t\t<div class=\"elementor-widget-wrap elementor-element-populated\">\n\t\t\t\t\t\t<div class=\"elementor-element elementor-element-2ec995e elementor-widget elementor-widget-heading\" data-id=\"2ec995e\" data-element_type=\"widget\" data-widget_type=\"heading.default\">\n\t\t\t\t<div class=\"elementor-widget-container\">\n\t\t\t\t\t<h2 class=\"elementor-heading-title elementor-size-default\">Em Porto Belo, Pol\u00edcia Civil prende homem autor de crimes sexuais em Florian\u00f3polis, Santo Amaro da Imperatriz, S\u00e3o Jos\u00e9, Palho\u00e7a e Itaja\u00ed<\/h2>\t\t\t\t<\/div>\n\t\t\t\t<\/div>\n\t\t\t\t\t<\/div>\n\t\t<\/div>\n\t\t\t\t\t<\/div>\n\t\t<\/section>\n\t\t\t\t<section class=\"elementor-section elementor-top-section elementor-element elementor-element-62ad9ec elementor-section-boxed elementor-section-height-default elementor-section-height-default\" data-id=\"62ad9ec\" data-element_type=\"section\">\n\t\t\t\t\t\t<div class=\"elementor-container elementor-column-gap-default\">\n\t\t\t\t\t<div class=\"elementor-column elementor-col-100 elementor-top-column elementor-element elementor-element-c949d90\" data-id=\"c949d90\" data-element_type=\"column\">\n\t\t\t<div class=\"elementor-widget-wrap elementor-element-populated\">\n\t\t\t\t\t\t<div class=\"elementor-element elementor-element-b0b7219 elementor-widget elementor-widget-image\" data-id=\"b0b7219\" data-element_type=\"widget\" data-widget_type=\"image.default\">\n\t\t\t\t<div class=\"elementor-widget-container\">\n\t\t\t\t\t\t\t\t\t\t\t\t\t\t\t<img fetchpriority=\"high\" decoding=\"async\" width=\"540\" height=\"318\" src=\"https:\/\/pc.sc.gov.br\/\/wp-content\/uploads\/2023\/08\/WhatsApp-Image-2023-06-26-at-15.29.00-2.jpeg\" class=\"attachment-large size-large wp-image-12765\" alt=\"\" srcset=\"https:\/\/pc.sc.gov.br\/\/wp-content\/uploads\/2023\/08\/WhatsApp-Image-2023-06-26-at-15.29.00-2.jpeg 540w, https:\/\/pc.sc.gov.br\/\/wp-content\/uploads\/2023\/08\/WhatsApp-Image-2023-06-26-at-15.29.00-2-300x177.jpeg 300w\" sizes=\"(max-width: 540px) 100vw, 540px\" \/>\t\t\t\t\t\t\t\t\t\t\t\t\t\t\t<\/div>\n\t\t\t\t<\/div>\n\t\t\t\t\t<\/div>\n\t\t<\/div>\n\t\t\t\t\t<\/div>\n\t\t<\/section>\n\t\t\t\t<section class=\"elementor-section elementor-top-section elementor-element elementor-element-13a52b4 elementor-section-boxed elementor-section-height-default elementor-section-height-default\" data-id=\"13a52b4\" data-element_type=\"section\">\n\t\t\t\t\t\t<div class=\"elementor-container elementor-column-gap-default\">\n\t\t\t\t\t<div class=\"elementor-column elementor-col-100 elementor-top-column elementor-element elementor-element-2d09f3a\" data-id=\"2d09f3a\" data-element_type=\"column\">\n\t\t\t<div class=\"elementor-widget-wrap elementor-element-populated\">\n\t\t\t\t\t\t<div class=\"elementor-element elementor-element-f8a22aa elementor-widget elementor-widget-text-editor\" data-id=\"f8a22aa\" data-element_type=\"widget\" data-widget_type=\"text-editor.default\">\n\t\t\t\t<div class=\"elementor-widget-container\">\n\t\t\t\t\t\t\t\t\t<p>A Pol\u00edcia Civil de Santa Catarina, por meio da Delegacia de Prote\u00e7\u00e3o dos Direitos da Mulher (DPDM\/DEIC) deflagrou opera\u00e7\u00e3o na segunda-feira (21) para cumprir mandado de pris\u00e3o preventiva em Porto Belo e de busca e apreens\u00e3o deferidos pelo Ju\u00edzo da 1\u00aa Vara Criminal da Comarca da Capital, em resid\u00eancia situada em Palho\u00e7a.&nbsp;<span style=\"font-family: var( --e-global-typography-primary-font-family ), Sans-serif; font-size: var( --e-global-typography-primary-font-size ); font-weight: var( --e-global-typography-primary-font-weight ); letter-spacing: var( --e-global-typography-primary-letter-spacing );\">Na opera\u00e7\u00e3o restou preso um homem autor de estupros de vulner\u00e1vel, estupro e diversas importuna\u00e7\u00f5es sexuais, crimes praticados em Florian\u00f3polis, Santo Amaro da Imperatriz, S\u00e3o Jos\u00e9, Palho\u00e7a e Itaja\u00ed.<\/span><\/p><p>As dilig\u00eancias investigativas tiveram in\u00edcio em mar\u00e7o em raz\u00e3o de quatro ocorr\u00eancias registradas no bairro Campeche e demandaram esfor\u00e7o extraordin\u00e1rio da equipe investigativa da DPDM\/DEIC, sendo poss\u00edvel identificar o paradeiro do indiv\u00edduo, oportunidade em que os policiais civis da especializada deram cumprimento \u00e0s ordens judiciais e o conduziram at\u00e9 a DEIC para as demais dilig\u00eancias investigativas no \u00e2mbito do Inqu\u00e9rito Policial.<\/p><p>At\u00e9 o momento foram identificadas 12 v\u00edtimas, por\u00e9m acredita-se que mais casos sejam registrados nos pr\u00f3ximos dias, em fun\u00e7\u00e3o da divulga\u00e7\u00e3o da pris\u00e3o. A delegada titular da DPDM, Inara Marquers Drapalski orienta que as pessoas que tenham sido v\u00edtimas deste tipo de crime que fa\u00e7am o registro policial na delegacia mais pr\u00f3xima ou pela delegacia virtual da Pol\u00edcia Civil.<\/p><p><br><\/p><p><br><\/p>\t\t\t\t\t\t\t\t<\/div>\n\t\t\t\t<\/div>\n\t\t\t\t\t<\/div>\n\t\t<\/div>\n\t\t\t\t\t<\/div>\n\t\t<\/section>\n\t\t\t\t<\/div>\n\t\t","protected":false},"excerpt":{"rendered":"<p>Em Porto Belo, Pol\u00edcia Civil prende homem autor de crimes sexuais em Florian\u00f3polis, Santo Amaro da Imperatriz, S\u00e3o Jos\u00e9, Palho\u00e7a e Itaja\u00ed A Pol\u00edcia Civil de Santa Catarina, por meio da Delegacia de Prote\u00e7\u00e3o dos Direitos da Mulher (DPDM\/DEIC) deflagrou opera\u00e7\u00e3o na segunda-feira (21) para cumprir mandado de pris\u00e3o preventiva em Porto Belo e de [&hellip;]<\/p>\n","protected":false},"author":5,"featured_media":12765,"comment_status":"closed","ping_status":"open","sticky":false,"template":"","format":"standard","meta":{"_monsterinsights_skip_tracking":false,"_monsterinsights_sitenote_active":false,"_monsterinsights_sitenote_note":"","_monsterinsights_sitenote_category":0,"footnotes":""},"categories":[1],"tags":[],"class_list":["post-12764","post","type-post","status-publish","format-standard","has-post-thumbnail","hentry","category-sem-categoria"],"_links":{"self":[{"href":"https:\/\/pc.sc.gov.br\/index.php?rest_route=\/wp\/v2\/posts\/12764","targetHints":{"allow":["GET"]}}],"collection":[{"href":"https:\/\/pc.sc.gov.br\/index.php?rest_route=\/wp\/v2\/posts"}],"about":[{"href":"https:\/\/pc.sc.gov.br\/index.php?rest_route=\/wp\/v2\/types\/post"}],"author":[{"embeddable":true,"href":"https:\/\/pc.sc.gov.br\/index.php?rest_route=\/wp\/v2\/users\/5"}],"replies":[{"embeddable":true,"href":"https:\/\/pc.sc.gov.br\/index.php?rest_route=%2Fwp%2Fv2%2Fcomments&post=12764"}],"version-history":[{"count":4,"href":"https:\/\/pc.sc.gov.br\/index.php?rest_route=\/wp\/v2\/posts\/12764\/revisions"}],"predecessor-version":[{"id":12769,"href":"https:\/\/pc.sc.gov.br\/index.php?rest_route=\/wp\/v2\/posts\/12764\/revisions\/12769"}],"wp:featuredmedia":[{"embeddable":true,"href":"https:\/\/pc.sc.gov.br\/index.php?rest_route=\/wp\/v2\/media\/12765"}],"wp:attachment":[{"href":"https:\/\/pc.sc.gov.br\/index.php?rest_route=%2Fwp%2Fv2%2Fmedia&parent=12764"}],"wp:term":[{"taxonomy":"category","embeddable":true,"href":"https:\/\/pc.sc.gov.br\/index.php?rest_route=%2Fwp%2Fv2%2Fcategories&post=12764"},{"taxonomy":"post_tag","embeddable":true,"href":"https:\/\/pc.sc.gov.br\/index.php?rest_route=%2Fwp%2Fv2%2Ftags&post=12764"}],"curies":[{"name":"wp","href":"https:\/\/api.w.org\/{rel}","templated":true}]}}