{"id":12770,"date":"2023-08-22T14:59:37","date_gmt":"2023-08-22T17:59:37","guid":{"rendered":"https:\/\/pc.sc.gov.br\/?p=12770"},"modified":"2023-08-22T15:18:31","modified_gmt":"2023-08-22T18:18:31","slug":"policia-civil-prende-duas-pessoas-pelo-crime-de-estelionato-envolvendo-venda-de-imoveis-em-balneario-picarras","status":"publish","type":"post","link":"https:\/\/pc.sc.gov.br\/?p=12770","title":{"rendered":"Pol\u00edcia Civil prende duas pessoas pelo crime de estelionato envolvendo venda de im\u00f3veis em Balne\u00e1rio Pi\u00e7arras"},"content":{"rendered":"\t\t<div data-elementor-type=\"wp-post\" data-elementor-id=\"12770\" class=\"elementor elementor-12770\" data-elementor-post-type=\"post\">\n\t\t\t\t\t\t<section class=\"elementor-section elementor-top-section elementor-element elementor-element-a78dd88 elementor-section-boxed elementor-section-height-default elementor-section-height-default\" data-id=\"a78dd88\" data-element_type=\"section\">\n\t\t\t\t\t\t<div class=\"elementor-container elementor-column-gap-default\">\n\t\t\t\t\t<div class=\"elementor-column elementor-col-100 elementor-top-column elementor-element elementor-element-b328e00\" data-id=\"b328e00\" data-element_type=\"column\">\n\t\t\t<div class=\"elementor-widget-wrap elementor-element-populated\">\n\t\t\t\t\t\t<div class=\"elementor-element elementor-element-20ba6ed elementor-widget elementor-widget-heading\" data-id=\"20ba6ed\" data-element_type=\"widget\" data-widget_type=\"heading.default\">\n\t\t\t\t<div class=\"elementor-widget-container\">\n\t\t\t\t\t<h2 class=\"elementor-heading-title elementor-size-default\">Pol\u00edcia Civil prende duas pessoas pelo crime de estelionato envolvendo venda de im\u00f3veis em Balne\u00e1rio Pi\u00e7arras<\/h2>\t\t\t\t<\/div>\n\t\t\t\t<\/div>\n\t\t\t\t\t<\/div>\n\t\t<\/div>\n\t\t\t\t\t<\/div>\n\t\t<\/section>\n\t\t\t\t<section class=\"elementor-section elementor-top-section elementor-element elementor-element-4fb4089 elementor-section-boxed elementor-section-height-default elementor-section-height-default\" data-id=\"4fb4089\" data-element_type=\"section\">\n\t\t\t\t\t\t<div class=\"elementor-container elementor-column-gap-default\">\n\t\t\t\t\t<div class=\"elementor-column elementor-col-100 elementor-top-column elementor-element elementor-element-63cb901\" data-id=\"63cb901\" data-element_type=\"column\">\n\t\t\t<div class=\"elementor-widget-wrap elementor-element-populated\">\n\t\t\t\t\t\t<div class=\"elementor-element elementor-element-eb7146c elementor-widget elementor-widget-image\" data-id=\"eb7146c\" data-element_type=\"widget\" data-widget_type=\"image.default\">\n\t\t\t\t<div class=\"elementor-widget-container\">\n\t\t\t\t\t\t\t\t\t\t\t\t\t\t\t<img fetchpriority=\"high\" decoding=\"async\" width=\"540\" height=\"318\" src=\"https:\/\/pc.sc.gov.br\/\/wp-content\/uploads\/2023\/08\/WhatsApp-Image-2023-06-26-at-15.29.00-1.jpeg\" class=\"attachment-large size-large wp-image-12272\" alt=\"\" srcset=\"https:\/\/pc.sc.gov.br\/\/wp-content\/uploads\/2023\/08\/WhatsApp-Image-2023-06-26-at-15.29.00-1.jpeg 540w, https:\/\/pc.sc.gov.br\/\/wp-content\/uploads\/2023\/08\/WhatsApp-Image-2023-06-26-at-15.29.00-1-300x177.jpeg 300w\" sizes=\"(max-width: 540px) 100vw, 540px\" \/>\t\t\t\t\t\t\t\t\t\t\t\t\t\t\t<\/div>\n\t\t\t\t<\/div>\n\t\t\t\t\t<\/div>\n\t\t<\/div>\n\t\t\t\t\t<\/div>\n\t\t<\/section>\n\t\t\t\t<section class=\"elementor-section elementor-top-section elementor-element elementor-element-080af39 elementor-section-boxed elementor-section-height-default elementor-section-height-default\" data-id=\"080af39\" data-element_type=\"section\">\n\t\t\t\t\t\t<div class=\"elementor-container elementor-column-gap-default\">\n\t\t\t\t\t<div class=\"elementor-column elementor-col-100 elementor-top-column elementor-element elementor-element-bc6fda4\" data-id=\"bc6fda4\" data-element_type=\"column\">\n\t\t\t<div class=\"elementor-widget-wrap elementor-element-populated\">\n\t\t\t\t\t\t<div class=\"elementor-element elementor-element-fee634c elementor-widget elementor-widget-text-editor\" data-id=\"fee634c\" data-element_type=\"widget\" data-widget_type=\"text-editor.default\">\n\t\t\t\t<div class=\"elementor-widget-container\">\n\t\t\t\t\t\t\t\t\t<p>Nesta ter\u00e7a-feira (22), a Pol\u00edcia Civil de Santa Catarina, por meio da Delegacia de Pol\u00edcia da Comarca de Balne\u00e1rio Pi\u00e7arras, cumpriu nove mandados de busca e apreens\u00e3o e dois de pris\u00e3o preventiva pelo crime de estelionato. Os autores constitu\u00edram empresas de constru\u00e7\u00e3o e edificaram diversos im\u00f3veis, que foram vendidos para mais de uma pessoa.<span style=\"font-family: var( --e-global-typography-primary-font-family ), Sans-serif; font-size: var( --e-global-typography-primary-font-size ); font-weight: var( --e-global-typography-primary-font-weight ); letter-spacing: var( --e-global-typography-primary-letter-spacing );\">&nbsp;<\/span><\/p><p>Os lucros obtidos com os crimes ultrapassam a quantia de dez milh\u00f5es de reais. Conforme demonstrado em investiga\u00e7\u00e3o, apenas um dos apartamentos foi comercializado para mais de cinco pessoas diferentes.<span style=\"font-family: var( --e-global-typography-primary-font-family ), Sans-serif; font-size: var( --e-global-typography-primary-font-size ); font-weight: var( --e-global-typography-primary-font-weight ); letter-spacing: var( --e-global-typography-primary-letter-spacing );\">&nbsp;<\/span><\/p><p>A apura\u00e7\u00e3o policial evidenciou que essa organiza\u00e7\u00e3o criminosa foi criada com o prop\u00f3sito de lesar diversas v\u00edtimas em Balne\u00e1rio Pi\u00e7arras, bem como ocultar os valores provenientes do estelionato. O \u201cconstrutor\u201d e sua fam\u00edlia foram indiciados pelos crimes de estelionato, organiza\u00e7\u00e3o criminosa, lavagem de dinheiro e falsidade ideol\u00f3gica.<span style=\"font-family: var( --e-global-typography-primary-font-family ), Sans-serif; font-size: var( --e-global-typography-primary-font-size ); font-weight: var( --e-global-typography-primary-font-weight ); letter-spacing: var( --e-global-typography-primary-letter-spacing );\">&nbsp;<\/span><\/p><p>Al\u00e9m dos dois presos, todos os demais envolvidos receberam medidas cautelares diversas da pris\u00e3o, tais como: monitoramento eletr\u00f4nico, apreens\u00e3o de passaportes, proibi\u00e7\u00e3o de se aproximar das v\u00edtimas, dentre outras.<span style=\"font-family: var( --e-global-typography-primary-font-family ), Sans-serif; font-size: var( --e-global-typography-primary-font-size ); font-weight: var( --e-global-typography-primary-font-weight ); letter-spacing: var( --e-global-typography-primary-letter-spacing );\">&nbsp;<\/span><\/p><p>At\u00e9 o momento, foram apreendidos doze im\u00f3veis e ve\u00edculos, que estar\u00e3o \u00e0 disposi\u00e7\u00e3o das v\u00edtimas para ressarcir seus preju\u00edzos. Tamb\u00e9m foram bloqueadas todas as contas banc\u00e1rias e demais bens imobili\u00e1rios de propriedade dos investigados.<span style=\"font-family: var( --e-global-typography-primary-font-family ), Sans-serif; font-size: var( --e-global-typography-primary-font-size ); font-weight: var( --e-global-typography-primary-font-weight ); letter-spacing: var( --e-global-typography-primary-letter-spacing );\">&nbsp;<\/span><\/p><p>A a\u00e7\u00e3o contou com a participa\u00e7\u00e3o da Divis\u00e3o de Investiga\u00e7\u00e3o Criminal e do Setor de Investiga\u00e7\u00f5es e Capturas de Itaja\u00ed, da Delegacia de Pol\u00edcia da Comarca de Penha, da 2\u00aa Delegacia de Pol\u00edcia de Blumenau e da Delegacia de Pol\u00edcia da Comarca de S\u00e3o Francisco do Sul.<\/p>\n<p><\/p>\t\t\t\t\t\t\t\t<\/div>\n\t\t\t\t<\/div>\n\t\t\t\t\t<\/div>\n\t\t<\/div>\n\t\t\t\t\t<\/div>\n\t\t<\/section>\n\t\t\t\t<\/div>\n\t\t","protected":false},"excerpt":{"rendered":"<p>Pol\u00edcia Civil prende duas pessoas pelo crime de estelionato envolvendo venda de im\u00f3veis em Balne\u00e1rio Pi\u00e7arras Nesta ter\u00e7a-feira (22), a Pol\u00edcia Civil de Santa Catarina, por meio da Delegacia de Pol\u00edcia da Comarca de Balne\u00e1rio Pi\u00e7arras, cumpriu nove mandados de busca e apreens\u00e3o e dois de pris\u00e3o preventiva pelo crime de estelionato. Os autores constitu\u00edram [&hellip;]<\/p>\n","protected":false},"author":5,"featured_media":12787,"comment_status":"closed","ping_status":"open","sticky":false,"template":"","format":"standard","meta":{"_monsterinsights_skip_tracking":false,"_monsterinsights_sitenote_active":false,"_monsterinsights_sitenote_note":"","_monsterinsights_sitenote_category":0,"footnotes":""},"categories":[1],"tags":[],"class_list":["post-12770","post","type-post","status-publish","format-standard","has-post-thumbnail","hentry","category-sem-categoria"],"_links":{"self":[{"href":"https:\/\/pc.sc.gov.br\/index.php?rest_route=\/wp\/v2\/posts\/12770","targetHints":{"allow":["GET"]}}],"collection":[{"href":"https:\/\/pc.sc.gov.br\/index.php?rest_route=\/wp\/v2\/posts"}],"about":[{"href":"https:\/\/pc.sc.gov.br\/index.php?rest_route=\/wp\/v2\/types\/post"}],"author":[{"embeddable":true,"href":"https:\/\/pc.sc.gov.br\/index.php?rest_route=\/wp\/v2\/users\/5"}],"replies":[{"embeddable":true,"href":"https:\/\/pc.sc.gov.br\/index.php?rest_route=%2Fwp%2Fv2%2Fcomments&post=12770"}],"version-history":[{"count":5,"href":"https:\/\/pc.sc.gov.br\/index.php?rest_route=\/wp\/v2\/posts\/12770\/revisions"}],"predecessor-version":[{"id":12788,"href":"https:\/\/pc.sc.gov.br\/index.php?rest_route=\/wp\/v2\/posts\/12770\/revisions\/12788"}],"wp:featuredmedia":[{"embeddable":true,"href":"https:\/\/pc.sc.gov.br\/index.php?rest_route=\/wp\/v2\/media\/12787"}],"wp:attachment":[{"href":"https:\/\/pc.sc.gov.br\/index.php?rest_route=%2Fwp%2Fv2%2Fmedia&parent=12770"}],"wp:term":[{"taxonomy":"category","embeddable":true,"href":"https:\/\/pc.sc.gov.br\/index.php?rest_route=%2Fwp%2Fv2%2Fcategories&post=12770"},{"taxonomy":"post_tag","embeddable":true,"href":"https:\/\/pc.sc.gov.br\/index.php?rest_route=%2Fwp%2Fv2%2Ftags&post=12770"}],"curies":[{"name":"wp","href":"https:\/\/api.w.org\/{rel}","templated":true}]}}