{"id":12789,"date":"2023-08-22T15:24:24","date_gmt":"2023-08-22T18:24:24","guid":{"rendered":"https:\/\/pc.sc.gov.br\/?p=12789"},"modified":"2023-08-22T15:26:01","modified_gmt":"2023-08-22T18:26:01","slug":"policias-civil-e-militar-prendem-homem-por-trafico-e-apreendem-drogas-em-tubarao","status":"publish","type":"post","link":"https:\/\/pc.sc.gov.br\/?p=12789","title":{"rendered":"Pol\u00edcias Civil e Militar prendem homem por tr\u00e1fico e apreendem drogas em Tubar\u00e3o"},"content":{"rendered":"\t\t<div data-elementor-type=\"wp-post\" data-elementor-id=\"12789\" class=\"elementor elementor-12789\" data-elementor-post-type=\"post\">\n\t\t\t\t\t\t<section class=\"elementor-section elementor-top-section elementor-element elementor-element-a9d95e6 elementor-section-boxed elementor-section-height-default elementor-section-height-default\" data-id=\"a9d95e6\" data-element_type=\"section\">\n\t\t\t\t\t\t<div class=\"elementor-container elementor-column-gap-default\">\n\t\t\t\t\t<div class=\"elementor-column elementor-col-100 elementor-top-column elementor-element elementor-element-6dcd3cd\" data-id=\"6dcd3cd\" data-element_type=\"column\">\n\t\t\t<div class=\"elementor-widget-wrap elementor-element-populated\">\n\t\t\t\t\t\t<div class=\"elementor-element elementor-element-7032b56 elementor-widget elementor-widget-heading\" data-id=\"7032b56\" data-element_type=\"widget\" data-widget_type=\"heading.default\">\n\t\t\t\t<div class=\"elementor-widget-container\">\n\t\t\t\t\t<h2 class=\"elementor-heading-title elementor-size-default\"> Pol\u00edcias Civil e Militar prendem homem por tr\u00e1fico e apreendem drogas em Tubar\u00e3o <\/h2>\t\t\t\t<\/div>\n\t\t\t\t<\/div>\n\t\t\t\t\t<\/div>\n\t\t<\/div>\n\t\t\t\t\t<\/div>\n\t\t<\/section>\n\t\t\t\t<section class=\"elementor-section elementor-top-section elementor-element elementor-element-cbd6200 elementor-section-boxed elementor-section-height-default elementor-section-height-default\" data-id=\"cbd6200\" data-element_type=\"section\">\n\t\t\t\t\t\t<div class=\"elementor-container elementor-column-gap-default\">\n\t\t\t\t\t<div class=\"elementor-column elementor-col-100 elementor-top-column elementor-element elementor-element-953d27c\" data-id=\"953d27c\" data-element_type=\"column\">\n\t\t\t<div class=\"elementor-widget-wrap elementor-element-populated\">\n\t\t\t\t\t\t<div class=\"elementor-element elementor-element-1bec963 elementor-widget elementor-widget-text-editor\" data-id=\"1bec963\" data-element_type=\"widget\" data-widget_type=\"text-editor.default\">\n\t\t\t\t<div class=\"elementor-widget-container\">\n\t\t\t\t\t\t\t\t\t<p>A Pol\u00edcia Civil de Santa Catarina, por meio da Divis\u00e3o de Investiga\u00e7\u00e3o Criminal de Tubar\u00e3o, e a Pol\u00edcia Militar deflagraram opera\u00e7\u00e3o conjunta, na manh\u00e3 desta ter\u00e7a-feira (22), com intuito de dar cumprimento a um mandado de busca e apreens\u00e3o domiciliar no bairro Santo Ant\u00f4nio de P\u00e1dua, em Tubar\u00e3o.<\/p><p>As equipes conseguiram identificar o respons\u00e1vel por armazenar o entorpecente a ser comercializado em um tradicional ponto de venda de drogas de Tubar\u00e3o, localizado no bairro S\u00e3o Jo\u00e3o. A autoridade policial, diante dos elementos coletados, representou pela busca e apreens\u00e3o domiciliar na resid\u00eancia do suspeito.<\/p><p>Durante o cumprimento do respectivo mandado foram apreendidos quase 1kg de coca\u00edna, cerca de R$ 8 mil em dinheiro e outros objetos.<\/p><p>O suspeito foi conduzido at\u00e9 a sede da DIC, autuado em flagrante pelo crime de tr\u00e1fico de drogas e, em seguida, encaminhado ao Pres\u00eddio Regional de Tubar\u00e3o.<\/p>\t\t\t\t\t\t\t\t<\/div>\n\t\t\t\t<\/div>\n\t\t\t\t\t<\/div>\n\t\t<\/div>\n\t\t\t\t\t<\/div>\n\t\t<\/section>\n\t\t\t\t<section class=\"elementor-section elementor-top-section elementor-element elementor-element-8610e23 elementor-section-boxed elementor-section-height-default elementor-section-height-default\" data-id=\"8610e23\" data-element_type=\"section\">\n\t\t\t\t\t\t<div class=\"elementor-container elementor-column-gap-default\">\n\t\t\t\t\t<div class=\"elementor-column elementor-col-100 elementor-top-column elementor-element elementor-element-85f5210\" data-id=\"85f5210\" data-element_type=\"column\">\n\t\t\t<div class=\"elementor-widget-wrap elementor-element-populated\">\n\t\t\t\t\t\t<div class=\"elementor-element elementor-element-ebf5283 elementor-widget elementor-widget-video\" data-id=\"ebf5283\" data-element_type=\"widget\" data-settings=\"{&quot;video_type&quot;:&quot;hosted&quot;,&quot;autoplay&quot;:&quot;yes&quot;,&quot;play_on_mobile&quot;:&quot;yes&quot;,&quot;mute&quot;:&quot;yes&quot;,&quot;loop&quot;:&quot;yes&quot;,&quot;controls&quot;:&quot;yes&quot;}\" data-widget_type=\"video.default\">\n\t\t\t\t<div class=\"elementor-widget-container\">\n\t\t\t\t\t\t\t<div class=\"e-hosted-video elementor-wrapper elementor-open-inline\">\n\t\t\t\t\t<video class=\"elementor-video\" src=\"https:\/\/pc.sc.gov.br\/wp-content\/uploads\/2023\/08\/WhatsApp-Video-2023-08-22-at-14.54.47-1-1.mp4\" autoplay=\"\" loop=\"\" controls=\"\" muted=\"muted\" playsinline=\"\"><\/video>\n\t\t\t\t<\/div>\n\t\t\t\t\t\t<\/div>\n\t\t\t\t<\/div>\n\t\t\t\t\t<\/div>\n\t\t<\/div>\n\t\t\t\t\t<\/div>\n\t\t<\/section>\n\t\t\t\t<\/div>\n\t\t","protected":false},"excerpt":{"rendered":"<p>Pol\u00edcias Civil e Militar prendem homem por tr\u00e1fico e apreendem drogas em Tubar\u00e3o A Pol\u00edcia Civil de Santa Catarina, por meio da Divis\u00e3o de Investiga\u00e7\u00e3o Criminal de Tubar\u00e3o, e a Pol\u00edcia Militar deflagraram opera\u00e7\u00e3o conjunta, na manh\u00e3 desta ter\u00e7a-feira (22), com intuito de dar cumprimento a um mandado de busca e apreens\u00e3o domiciliar no bairro [&hellip;]<\/p>\n","protected":false},"author":5,"featured_media":12791,"comment_status":"closed","ping_status":"open","sticky":false,"template":"","format":"standard","meta":{"_monsterinsights_skip_tracking":false,"_monsterinsights_sitenote_active":false,"_monsterinsights_sitenote_note":"","_monsterinsights_sitenote_category":0,"footnotes":""},"categories":[1],"tags":[],"class_list":["post-12789","post","type-post","status-publish","format-standard","has-post-thumbnail","hentry","category-sem-categoria"],"_links":{"self":[{"href":"https:\/\/pc.sc.gov.br\/index.php?rest_route=\/wp\/v2\/posts\/12789","targetHints":{"allow":["GET"]}}],"collection":[{"href":"https:\/\/pc.sc.gov.br\/index.php?rest_route=\/wp\/v2\/posts"}],"about":[{"href":"https:\/\/pc.sc.gov.br\/index.php?rest_route=\/wp\/v2\/types\/post"}],"author":[{"embeddable":true,"href":"https:\/\/pc.sc.gov.br\/index.php?rest_route=\/wp\/v2\/users\/5"}],"replies":[{"embeddable":true,"href":"https:\/\/pc.sc.gov.br\/index.php?rest_route=%2Fwp%2Fv2%2Fcomments&post=12789"}],"version-history":[{"count":4,"href":"https:\/\/pc.sc.gov.br\/index.php?rest_route=\/wp\/v2\/posts\/12789\/revisions"}],"predecessor-version":[{"id":12797,"href":"https:\/\/pc.sc.gov.br\/index.php?rest_route=\/wp\/v2\/posts\/12789\/revisions\/12797"}],"wp:featuredmedia":[{"embeddable":true,"href":"https:\/\/pc.sc.gov.br\/index.php?rest_route=\/wp\/v2\/media\/12791"}],"wp:attachment":[{"href":"https:\/\/pc.sc.gov.br\/index.php?rest_route=%2Fwp%2Fv2%2Fmedia&parent=12789"}],"wp:term":[{"taxonomy":"category","embeddable":true,"href":"https:\/\/pc.sc.gov.br\/index.php?rest_route=%2Fwp%2Fv2%2Fcategories&post=12789"},{"taxonomy":"post_tag","embeddable":true,"href":"https:\/\/pc.sc.gov.br\/index.php?rest_route=%2Fwp%2Fv2%2Ftags&post=12789"}],"curies":[{"name":"wp","href":"https:\/\/api.w.org\/{rel}","templated":true}]}}