{"id":12890,"date":"2023-08-25T16:17:06","date_gmt":"2023-08-25T19:17:06","guid":{"rendered":"https:\/\/pc.sc.gov.br\/?p=12890"},"modified":"2023-08-25T16:18:57","modified_gmt":"2023-08-25T19:18:57","slug":"divisao-de-protecao-animal-indicia-homem-acusado-de-zoofilia-em-florianopolis","status":"publish","type":"post","link":"https:\/\/pc.sc.gov.br\/?p=12890","title":{"rendered":"Divis\u00e3o de Prote\u00e7\u00e3o Animal indicia homem acusado de zoofilia em Florian\u00f3polis"},"content":{"rendered":"\t\t<div data-elementor-type=\"wp-post\" data-elementor-id=\"12890\" class=\"elementor elementor-12890\" data-elementor-post-type=\"post\">\n\t\t\t\t\t\t<section class=\"elementor-section elementor-top-section elementor-element elementor-element-ebf088b elementor-section-boxed elementor-section-height-default elementor-section-height-default\" data-id=\"ebf088b\" data-element_type=\"section\">\n\t\t\t\t\t\t<div class=\"elementor-container elementor-column-gap-default\">\n\t\t\t\t\t<div class=\"elementor-column elementor-col-100 elementor-top-column elementor-element elementor-element-decf56c\" data-id=\"decf56c\" data-element_type=\"column\">\n\t\t\t<div class=\"elementor-widget-wrap elementor-element-populated\">\n\t\t\t\t\t\t<div class=\"elementor-element elementor-element-f0cf928 elementor-widget elementor-widget-heading\" data-id=\"f0cf928\" data-element_type=\"widget\" data-widget_type=\"heading.default\">\n\t\t\t\t<div class=\"elementor-widget-container\">\n\t\t\t\t\t<h2 class=\"elementor-heading-title elementor-size-default\">Divis\u00e3o de Prote\u00e7\u00e3o Animal indicia homem acusado de zoofilia em Florian\u00f3polis<\/h2>\t\t\t\t<\/div>\n\t\t\t\t<\/div>\n\t\t\t\t\t<\/div>\n\t\t<\/div>\n\t\t\t\t\t<\/div>\n\t\t<\/section>\n\t\t\t\t<section class=\"elementor-section elementor-top-section elementor-element elementor-element-4799f64 elementor-section-boxed elementor-section-height-default elementor-section-height-default\" data-id=\"4799f64\" data-element_type=\"section\">\n\t\t\t\t\t\t<div class=\"elementor-container elementor-column-gap-default\">\n\t\t\t\t\t<div class=\"elementor-column elementor-col-100 elementor-top-column elementor-element elementor-element-3b62c5d\" data-id=\"3b62c5d\" data-element_type=\"column\">\n\t\t\t<div class=\"elementor-widget-wrap elementor-element-populated\">\n\t\t\t\t\t\t<div class=\"elementor-element elementor-element-d4bb53b elementor-widget elementor-widget-image\" data-id=\"d4bb53b\" data-element_type=\"widget\" data-widget_type=\"image.default\">\n\t\t\t\t<div class=\"elementor-widget-container\">\n\t\t\t\t\t\t\t\t\t\t\t\t\t\t\t<img decoding=\"async\" src=\"https:\/\/pc.sc.gov.br\/\/wp-content\/uploads\/2023\/08\/WhatsApp-Image-2023-08-25-at-15.25.33-e1692991008524.jpeg\" title=\"WhatsApp Image 2023-08-25 at 15.25.33\" alt=\"WhatsApp Image 2023-08-25 at 15.25.33\" loading=\"lazy\" \/>\t\t\t\t\t\t\t\t\t\t\t\t\t\t\t<\/div>\n\t\t\t\t<\/div>\n\t\t\t\t\t<\/div>\n\t\t<\/div>\n\t\t\t\t\t<\/div>\n\t\t<\/section>\n\t\t\t\t<section class=\"elementor-section elementor-top-section elementor-element elementor-element-b72ea18 elementor-section-boxed elementor-section-height-default elementor-section-height-default\" data-id=\"b72ea18\" data-element_type=\"section\">\n\t\t\t\t\t\t<div class=\"elementor-container elementor-column-gap-default\">\n\t\t\t\t\t<div class=\"elementor-column elementor-col-100 elementor-top-column elementor-element elementor-element-2e91531\" data-id=\"2e91531\" data-element_type=\"column\">\n\t\t\t<div class=\"elementor-widget-wrap elementor-element-populated\">\n\t\t\t\t\t\t<div class=\"elementor-element elementor-element-8d09af8 elementor-widget elementor-widget-text-editor\" data-id=\"8d09af8\" data-element_type=\"widget\" data-widget_type=\"text-editor.default\">\n\t\t\t\t<div class=\"elementor-widget-container\">\n\t\t\t\t\t\t\t\t\t<p>A Pol\u00edcia Civil de Santa Catarina, por meio da Divis\u00e3o de Prote\u00e7\u00e3o Animal da Grande Florian\u00f3polis, concluiu investiga\u00e7\u00e3o de crime de zoofilia, uma das modalidades de maus-tratos a animais, ocorrido no bairro Agron\u00f4mica, na Capital.<br><br>Ap\u00f3s ser flagrado, em mais de uma oportunidade, pelo neto e por uma enteada, cometendo atos sexuais com a cachorra da fam\u00edlia, o investigado foi interpelado pela esposa, que n\u00e3o aceitou esse comportamento e registrou ocorr\u00eancia policial.<br><br>O homem, que j\u00e1 possu\u00eda hist\u00f3rico de viol\u00eancia dom\u00e9stica, saiu de casa. Em interrogat\u00f3rio, confessou a pr\u00e1tica delitiva, alegando ter problemas com uso abusivo de \u00e1lcool.<br><br>A delegada Mardjoli Valcareggi, titular da Divis\u00e3o de Prote\u00e7\u00e3o Animal da Grande Florian\u00f3polis, ressalta que o caso em tela denota um comportamento t\u00edpico de agress\u00e3o a grupos vulner\u00e1veis, como explica a chamada \u201cTeoria do Link\u201d, segundo a qual h\u00e1 rela\u00e7\u00e3o entre agress\u00e3o contra os animais e uma evolu\u00e7\u00e3o da viol\u00eancia para os seres humanos. \u201cMais uma raz\u00e3o para continuarmos exigindo respeito aos nossos animais\u201d, concluiu a delegada Mardjoli.<\/p>\t\t\t\t\t\t\t\t<\/div>\n\t\t\t\t<\/div>\n\t\t\t\t\t<\/div>\n\t\t<\/div>\n\t\t\t\t\t<\/div>\n\t\t<\/section>\n\t\t\t\t<\/div>\n\t\t","protected":false},"excerpt":{"rendered":"<p>Divis\u00e3o de Prote\u00e7\u00e3o Animal indicia homem acusado de zoofilia em Florian\u00f3polis A Pol\u00edcia Civil de Santa Catarina, por meio da Divis\u00e3o de Prote\u00e7\u00e3o Animal da Grande Florian\u00f3polis, concluiu investiga\u00e7\u00e3o de crime de zoofilia, uma das modalidades de maus-tratos a animais, ocorrido no bairro Agron\u00f4mica, na Capital. Ap\u00f3s ser flagrado, em mais de uma oportunidade, pelo [&hellip;]<\/p>\n","protected":false},"author":5,"featured_media":12891,"comment_status":"closed","ping_status":"open","sticky":false,"template":"","format":"standard","meta":{"_monsterinsights_skip_tracking":false,"_monsterinsights_sitenote_active":false,"_monsterinsights_sitenote_note":"","_monsterinsights_sitenote_category":0,"footnotes":""},"categories":[1],"tags":[],"class_list":["post-12890","post","type-post","status-publish","format-standard","has-post-thumbnail","hentry","category-sem-categoria"],"_links":{"self":[{"href":"https:\/\/pc.sc.gov.br\/index.php?rest_route=\/wp\/v2\/posts\/12890","targetHints":{"allow":["GET"]}}],"collection":[{"href":"https:\/\/pc.sc.gov.br\/index.php?rest_route=\/wp\/v2\/posts"}],"about":[{"href":"https:\/\/pc.sc.gov.br\/index.php?rest_route=\/wp\/v2\/types\/post"}],"author":[{"embeddable":true,"href":"https:\/\/pc.sc.gov.br\/index.php?rest_route=\/wp\/v2\/users\/5"}],"replies":[{"embeddable":true,"href":"https:\/\/pc.sc.gov.br\/index.php?rest_route=%2Fwp%2Fv2%2Fcomments&post=12890"}],"version-history":[{"count":4,"href":"https:\/\/pc.sc.gov.br\/index.php?rest_route=\/wp\/v2\/posts\/12890\/revisions"}],"predecessor-version":[{"id":12895,"href":"https:\/\/pc.sc.gov.br\/index.php?rest_route=\/wp\/v2\/posts\/12890\/revisions\/12895"}],"wp:featuredmedia":[{"embeddable":true,"href":"https:\/\/pc.sc.gov.br\/index.php?rest_route=\/wp\/v2\/media\/12891"}],"wp:attachment":[{"href":"https:\/\/pc.sc.gov.br\/index.php?rest_route=%2Fwp%2Fv2%2Fmedia&parent=12890"}],"wp:term":[{"taxonomy":"category","embeddable":true,"href":"https:\/\/pc.sc.gov.br\/index.php?rest_route=%2Fwp%2Fv2%2Fcategories&post=12890"},{"taxonomy":"post_tag","embeddable":true,"href":"https:\/\/pc.sc.gov.br\/index.php?rest_route=%2Fwp%2Fv2%2Ftags&post=12890"}],"curies":[{"name":"wp","href":"https:\/\/api.w.org\/{rel}","templated":true}]}}