{"id":12928,"date":"2023-08-28T16:50:37","date_gmt":"2023-08-28T19:50:37","guid":{"rendered":"https:\/\/pc.sc.gov.br\/?p=12928"},"modified":"2023-08-28T16:52:06","modified_gmt":"2023-08-28T19:52:06","slug":"policia-civil-prende-homem-por-descumprir-medida-protetiva-em-curitibanos","status":"publish","type":"post","link":"https:\/\/pc.sc.gov.br\/?p=12928","title":{"rendered":"Pol\u00edcia Civil prende homem por descumprir medida protetiva em Curitibanos"},"content":{"rendered":"\t\t<div data-elementor-type=\"wp-post\" data-elementor-id=\"12928\" class=\"elementor elementor-12928\" data-elementor-post-type=\"post\">\n\t\t\t\t\t\t<section class=\"elementor-section elementor-top-section elementor-element elementor-element-760cb1c elementor-section-boxed elementor-section-height-default elementor-section-height-default\" data-id=\"760cb1c\" data-element_type=\"section\">\n\t\t\t\t\t\t<div class=\"elementor-container elementor-column-gap-default\">\n\t\t\t\t\t<div class=\"elementor-column elementor-col-100 elementor-top-column elementor-element elementor-element-6a8b58d\" data-id=\"6a8b58d\" data-element_type=\"column\">\n\t\t\t<div class=\"elementor-widget-wrap elementor-element-populated\">\n\t\t\t\t\t\t<div class=\"elementor-element elementor-element-c7f827c elementor-widget elementor-widget-heading\" data-id=\"c7f827c\" data-element_type=\"widget\" data-widget_type=\"heading.default\">\n\t\t\t\t<div class=\"elementor-widget-container\">\n\t\t\t\t\t<h2 class=\"elementor-heading-title elementor-size-default\">Pol\u00edcia Civil prende homem por descumprir medida protetiva em Curitibanos<\/h2>\t\t\t\t<\/div>\n\t\t\t\t<\/div>\n\t\t\t\t\t<\/div>\n\t\t<\/div>\n\t\t\t\t\t<\/div>\n\t\t<\/section>\n\t\t\t\t<section class=\"elementor-section elementor-top-section elementor-element elementor-element-fabea4a elementor-section-boxed elementor-section-height-default elementor-section-height-default\" data-id=\"fabea4a\" data-element_type=\"section\">\n\t\t\t\t\t\t<div class=\"elementor-container elementor-column-gap-default\">\n\t\t\t\t\t<div class=\"elementor-column elementor-col-100 elementor-top-column elementor-element elementor-element-5cfd259\" data-id=\"5cfd259\" data-element_type=\"column\">\n\t\t\t<div class=\"elementor-widget-wrap elementor-element-populated\">\n\t\t\t\t\t\t<div class=\"elementor-element elementor-element-e6594e6 elementor-widget elementor-widget-image\" data-id=\"e6594e6\" data-element_type=\"widget\" data-widget_type=\"image.default\">\n\t\t\t\t<div class=\"elementor-widget-container\">\n\t\t\t\t\t\t\t\t\t\t\t\t\t\t\t<img fetchpriority=\"high\" decoding=\"async\" width=\"696\" height=\"318\" src=\"https:\/\/pc.sc.gov.br\/\/wp-content\/uploads\/2023\/06\/VIATURA_DPCAMI1-e1758915309751-1024x468.jpg\" class=\"attachment-large size-large wp-image-10063\" alt=\"\" srcset=\"https:\/\/pc.sc.gov.br\/\/wp-content\/uploads\/2023\/06\/VIATURA_DPCAMI1-e1758915309751-1024x468.jpg 1024w, https:\/\/pc.sc.gov.br\/\/wp-content\/uploads\/2023\/06\/VIATURA_DPCAMI1-e1758915309751-300x137.jpg 300w, https:\/\/pc.sc.gov.br\/\/wp-content\/uploads\/2023\/06\/VIATURA_DPCAMI1-e1758915309751-768x351.jpg 768w, https:\/\/pc.sc.gov.br\/\/wp-content\/uploads\/2023\/06\/VIATURA_DPCAMI1-e1758915309751.jpg 1195w\" sizes=\"(max-width: 696px) 100vw, 696px\" \/>\t\t\t\t\t\t\t\t\t\t\t\t\t\t\t<\/div>\n\t\t\t\t<\/div>\n\t\t\t\t\t<\/div>\n\t\t<\/div>\n\t\t\t\t\t<\/div>\n\t\t<\/section>\n\t\t\t\t<section class=\"elementor-section elementor-top-section elementor-element elementor-element-1724f11 elementor-section-boxed elementor-section-height-default elementor-section-height-default\" data-id=\"1724f11\" data-element_type=\"section\">\n\t\t\t\t\t\t<div class=\"elementor-container elementor-column-gap-default\">\n\t\t\t\t\t<div class=\"elementor-column elementor-col-100 elementor-top-column elementor-element elementor-element-92e4911\" data-id=\"92e4911\" data-element_type=\"column\">\n\t\t\t<div class=\"elementor-widget-wrap elementor-element-populated\">\n\t\t\t\t\t\t<div class=\"elementor-element elementor-element-0f2c37d elementor-widget elementor-widget-text-editor\" data-id=\"0f2c37d\" data-element_type=\"widget\" data-widget_type=\"text-editor.default\">\n\t\t\t\t<div class=\"elementor-widget-container\">\n\t\t\t\t\t\t\t\t\t<p>Nesta segunda-feira (28), a Pol\u00edcia Civil de Santa Catarina, por meio da Delegacia de Prote\u00e7\u00e3o \u00e0 Crian\u00e7a, ao Adolescente, \u00e0 Mulher e ao Idoso de Curitibanos, deu cumprimento a mandado de pris\u00e3o em desfavor de um homem por descumprimento de medida protetiva.<br><br>A v\u00edtima solicitou a referida cautelar, que foi devidamente deferida pelo Poder Judici\u00e1rio, por\u00e9m, apesar de ser cientificado pelo oficial de justi\u00e7a, o ex-companheiro continuou a enviar mensagens de texto e de \u00e1udio para a requerente, que comunicou os fatos atrav\u00e9s de boletim de ocorr\u00eancia.<br><br>De imediato, a delegacia especializada em atendimento \u00e0s mulheres v\u00edtimas de viol\u00eancia dom\u00e9stica instaurou o respectivo inqu\u00e9rito policial e, ao finalizar a pe\u00e7a investigat\u00f3ria, o Delegado de Pol\u00edcia representou pela pris\u00e3o preventiva do suspeito.<br><br>Ap\u00f3s os procedimentos policiais, o suspeito foi conduzido \u00e0 Penitenci\u00e1ria de S\u00e3o Crist\u00f3v\u00e3o do Sul, onde ficar\u00e1 \u00e0 disposi\u00e7\u00e3o da Justi\u00e7a.<\/p>\t\t\t\t\t\t\t\t<\/div>\n\t\t\t\t<\/div>\n\t\t\t\t\t<\/div>\n\t\t<\/div>\n\t\t\t\t\t<\/div>\n\t\t<\/section>\n\t\t\t\t<\/div>\n\t\t","protected":false},"excerpt":{"rendered":"<p>Pol\u00edcia Civil prende homem por descumprir medida protetiva em Curitibanos Nesta segunda-feira (28), a Pol\u00edcia Civil de Santa Catarina, por meio da Delegacia de Prote\u00e7\u00e3o \u00e0 Crian\u00e7a, ao Adolescente, \u00e0 Mulher e ao Idoso de Curitibanos, deu cumprimento a mandado de pris\u00e3o em desfavor de um homem por descumprimento de medida protetiva. A v\u00edtima solicitou [&hellip;]<\/p>\n","protected":false},"author":5,"featured_media":10063,"comment_status":"closed","ping_status":"open","sticky":false,"template":"","format":"standard","meta":{"_monsterinsights_skip_tracking":false,"_monsterinsights_sitenote_active":false,"_monsterinsights_sitenote_note":"","_monsterinsights_sitenote_category":0,"footnotes":""},"categories":[1],"tags":[],"class_list":["post-12928","post","type-post","status-publish","format-standard","has-post-thumbnail","hentry","category-sem-categoria"],"_links":{"self":[{"href":"https:\/\/pc.sc.gov.br\/index.php?rest_route=\/wp\/v2\/posts\/12928","targetHints":{"allow":["GET"]}}],"collection":[{"href":"https:\/\/pc.sc.gov.br\/index.php?rest_route=\/wp\/v2\/posts"}],"about":[{"href":"https:\/\/pc.sc.gov.br\/index.php?rest_route=\/wp\/v2\/types\/post"}],"author":[{"embeddable":true,"href":"https:\/\/pc.sc.gov.br\/index.php?rest_route=\/wp\/v2\/users\/5"}],"replies":[{"embeddable":true,"href":"https:\/\/pc.sc.gov.br\/index.php?rest_route=%2Fwp%2Fv2%2Fcomments&post=12928"}],"version-history":[{"count":4,"href":"https:\/\/pc.sc.gov.br\/index.php?rest_route=\/wp\/v2\/posts\/12928\/revisions"}],"predecessor-version":[{"id":12932,"href":"https:\/\/pc.sc.gov.br\/index.php?rest_route=\/wp\/v2\/posts\/12928\/revisions\/12932"}],"wp:featuredmedia":[{"embeddable":true,"href":"https:\/\/pc.sc.gov.br\/index.php?rest_route=\/wp\/v2\/media\/10063"}],"wp:attachment":[{"href":"https:\/\/pc.sc.gov.br\/index.php?rest_route=%2Fwp%2Fv2%2Fmedia&parent=12928"}],"wp:term":[{"taxonomy":"category","embeddable":true,"href":"https:\/\/pc.sc.gov.br\/index.php?rest_route=%2Fwp%2Fv2%2Fcategories&post=12928"},{"taxonomy":"post_tag","embeddable":true,"href":"https:\/\/pc.sc.gov.br\/index.php?rest_route=%2Fwp%2Fv2%2Ftags&post=12928"}],"curies":[{"name":"wp","href":"https:\/\/api.w.org\/{rel}","templated":true}]}}