{"id":13049,"date":"2023-08-30T16:29:17","date_gmt":"2023-08-30T19:29:17","guid":{"rendered":"https:\/\/pc.sc.gov.br\/?p=13049"},"modified":"2023-08-30T16:33:38","modified_gmt":"2023-08-30T19:33:38","slug":"em-criciuma-policia-civil-captura-duas-pessoas-foragidas-ha-quatro-anos-por-homicidio-e-trafico-de-drogas-praticados-no-rs","status":"publish","type":"post","link":"https:\/\/pc.sc.gov.br\/?p=13049","title":{"rendered":"Em Crici\u00fama, Pol\u00edcia Civil captura duas pessoas foragidas h\u00e1 quatro anos por homic\u00eddio e tr\u00e1fico de drogas praticados no RS"},"content":{"rendered":"\t\t<div data-elementor-type=\"wp-post\" data-elementor-id=\"13049\" class=\"elementor elementor-13049\" data-elementor-post-type=\"post\">\n\t\t\t\t\t\t<section class=\"elementor-section elementor-top-section elementor-element elementor-element-9ca18f5 elementor-section-boxed elementor-section-height-default elementor-section-height-default\" data-id=\"9ca18f5\" data-element_type=\"section\">\n\t\t\t\t\t\t<div class=\"elementor-container elementor-column-gap-default\">\n\t\t\t\t\t<div class=\"elementor-column elementor-col-100 elementor-top-column elementor-element elementor-element-82137d5\" data-id=\"82137d5\" data-element_type=\"column\">\n\t\t\t<div class=\"elementor-widget-wrap elementor-element-populated\">\n\t\t\t\t\t\t<div class=\"elementor-element elementor-element-5766f07 elementor-widget elementor-widget-heading\" data-id=\"5766f07\" data-element_type=\"widget\" data-widget_type=\"heading.default\">\n\t\t\t\t<div class=\"elementor-widget-container\">\n\t\t\t\t\t<h2 class=\"elementor-heading-title elementor-size-default\">Em Crici\u00fama, Pol\u00edcia Civil captura duas pessoas foragidas h\u00e1 quatro anos por homic\u00eddio e tr\u00e1fico de drogas praticados no RS<\/h2>\t\t\t\t<\/div>\n\t\t\t\t<\/div>\n\t\t\t\t\t<\/div>\n\t\t<\/div>\n\t\t\t\t\t<\/div>\n\t\t<\/section>\n\t\t\t\t<section class=\"elementor-section elementor-top-section elementor-element elementor-element-e0f30d2 elementor-section-boxed elementor-section-height-default elementor-section-height-default\" data-id=\"e0f30d2\" data-element_type=\"section\">\n\t\t\t\t\t\t<div class=\"elementor-container elementor-column-gap-default\">\n\t\t\t\t\t<div class=\"elementor-column elementor-col-100 elementor-top-column elementor-element elementor-element-e2b4604\" data-id=\"e2b4604\" data-element_type=\"column\">\n\t\t\t<div class=\"elementor-widget-wrap elementor-element-populated\">\n\t\t\t\t\t\t<div class=\"elementor-element elementor-element-4eca70c elementor-widget elementor-widget-image\" data-id=\"4eca70c\" data-element_type=\"widget\" data-widget_type=\"image.default\">\n\t\t\t\t<div class=\"elementor-widget-container\">\n\t\t\t\t\t\t\t\t\t\t\t\t\t\t\t<img fetchpriority=\"high\" decoding=\"async\" width=\"696\" height=\"481\" src=\"https:\/\/pc.sc.gov.br\/\/wp-content\/uploads\/2023\/08\/WhatsApp-Image-2023-08-30-at-16.32.21-1-1024x708.jpeg\" class=\"attachment-large size-large wp-image-13055\" alt=\"\" srcset=\"https:\/\/pc.sc.gov.br\/\/wp-content\/uploads\/2023\/08\/WhatsApp-Image-2023-08-30-at-16.32.21-1-1024x708.jpeg 1024w, https:\/\/pc.sc.gov.br\/\/wp-content\/uploads\/2023\/08\/WhatsApp-Image-2023-08-30-at-16.32.21-1-300x208.jpeg 300w, https:\/\/pc.sc.gov.br\/\/wp-content\/uploads\/2023\/08\/WhatsApp-Image-2023-08-30-at-16.32.21-1-768x531.jpeg 768w, https:\/\/pc.sc.gov.br\/\/wp-content\/uploads\/2023\/08\/WhatsApp-Image-2023-08-30-at-16.32.21-1.jpeg 1080w\" sizes=\"(max-width: 696px) 100vw, 696px\" \/>\t\t\t\t\t\t\t\t\t\t\t\t\t\t\t<\/div>\n\t\t\t\t<\/div>\n\t\t\t\t\t<\/div>\n\t\t<\/div>\n\t\t\t\t\t<\/div>\n\t\t<\/section>\n\t\t\t\t<section class=\"elementor-section elementor-top-section elementor-element elementor-element-39e9bd5 elementor-section-boxed elementor-section-height-default elementor-section-height-default\" data-id=\"39e9bd5\" data-element_type=\"section\">\n\t\t\t\t\t\t<div class=\"elementor-container elementor-column-gap-default\">\n\t\t\t\t\t<div class=\"elementor-column elementor-col-100 elementor-top-column elementor-element elementor-element-31520d2\" data-id=\"31520d2\" data-element_type=\"column\">\n\t\t\t<div class=\"elementor-widget-wrap elementor-element-populated\">\n\t\t\t\t\t\t<div class=\"elementor-element elementor-element-8989139 elementor-widget elementor-widget-text-editor\" data-id=\"8989139\" data-element_type=\"widget\" data-widget_type=\"text-editor.default\">\n\t\t\t\t<div class=\"elementor-widget-container\">\n\t\t\t\t\t\t\t\t\t<p>A Pol\u00edcia Civil de Santa Catarina, por meio da Divis\u00e3o de Investiga\u00e7\u00e3o Criminal (DIC) de Crici\u00fama deflagrou nesta quarta-fera (30), uma opera\u00e7\u00e3o para cumprimento de dois mandados de pris\u00e3o por delitos graves realizados por pessoas que estavam residindo no munic\u00edpio.<span style=\"font-family: var( --e-global-typography-primary-font-family ), Sans-serif; font-size: var( --e-global-typography-primary-font-size ); font-weight: var( --e-global-typography-primary-font-weight ); letter-spacing: var( --e-global-typography-primary-letter-spacing );\">&nbsp;<\/span><\/p><p>A primeira pris\u00e3o foi a de uma mulher respons\u00e1vel por um homic\u00eddio em Taquaras (RS). Ela estava foragida h\u00e1 quatro anos. A pris\u00e3o ocorreu no bairro Morro Estev\u00e3o. A segunda captura realizada por policiais da DIC em raz\u00e3o de mandado por tr\u00e1fico de drogas expedido pelo Poder Judici\u00e1rio de Porto Alegre. O preso, que estava sendo procurado pela Pol\u00edcia Civil ga\u00facha h\u00e1 mais de quatro anos, foi localizado no bairro Imigrantes em Crici\u00fama.<\/p>\t\t\t\t\t\t\t\t<\/div>\n\t\t\t\t<\/div>\n\t\t\t\t\t<\/div>\n\t\t<\/div>\n\t\t\t\t\t<\/div>\n\t\t<\/section>\n\t\t\t\t<\/div>\n\t\t","protected":false},"excerpt":{"rendered":"<p>Em Crici\u00fama, Pol\u00edcia Civil captura duas pessoas foragidas h\u00e1 quatro anos por homic\u00eddio e tr\u00e1fico de drogas praticados no RS A Pol\u00edcia Civil de Santa Catarina, por meio da Divis\u00e3o de Investiga\u00e7\u00e3o Criminal (DIC) de Crici\u00fama deflagrou nesta quarta-fera (30), uma opera\u00e7\u00e3o para cumprimento de dois mandados de pris\u00e3o por delitos graves realizados por pessoas [&hellip;]<\/p>\n","protected":false},"author":5,"featured_media":13055,"comment_status":"closed","ping_status":"open","sticky":false,"template":"","format":"standard","meta":{"_monsterinsights_skip_tracking":false,"_monsterinsights_sitenote_active":false,"_monsterinsights_sitenote_note":"","_monsterinsights_sitenote_category":0,"footnotes":""},"categories":[1],"tags":[],"class_list":["post-13049","post","type-post","status-publish","format-standard","has-post-thumbnail","hentry","category-sem-categoria"],"_links":{"self":[{"href":"https:\/\/pc.sc.gov.br\/index.php?rest_route=\/wp\/v2\/posts\/13049","targetHints":{"allow":["GET"]}}],"collection":[{"href":"https:\/\/pc.sc.gov.br\/index.php?rest_route=\/wp\/v2\/posts"}],"about":[{"href":"https:\/\/pc.sc.gov.br\/index.php?rest_route=\/wp\/v2\/types\/post"}],"author":[{"embeddable":true,"href":"https:\/\/pc.sc.gov.br\/index.php?rest_route=\/wp\/v2\/users\/5"}],"replies":[{"embeddable":true,"href":"https:\/\/pc.sc.gov.br\/index.php?rest_route=%2Fwp%2Fv2%2Fcomments&post=13049"}],"version-history":[{"count":8,"href":"https:\/\/pc.sc.gov.br\/index.php?rest_route=\/wp\/v2\/posts\/13049\/revisions"}],"predecessor-version":[{"id":13059,"href":"https:\/\/pc.sc.gov.br\/index.php?rest_route=\/wp\/v2\/posts\/13049\/revisions\/13059"}],"wp:featuredmedia":[{"embeddable":true,"href":"https:\/\/pc.sc.gov.br\/index.php?rest_route=\/wp\/v2\/media\/13055"}],"wp:attachment":[{"href":"https:\/\/pc.sc.gov.br\/index.php?rest_route=%2Fwp%2Fv2%2Fmedia&parent=13049"}],"wp:term":[{"taxonomy":"category","embeddable":true,"href":"https:\/\/pc.sc.gov.br\/index.php?rest_route=%2Fwp%2Fv2%2Fcategories&post=13049"},{"taxonomy":"post_tag","embeddable":true,"href":"https:\/\/pc.sc.gov.br\/index.php?rest_route=%2Fwp%2Fv2%2Ftags&post=13049"}],"curies":[{"name":"wp","href":"https:\/\/api.w.org\/{rel}","templated":true}]}}