{"id":13095,"date":"2023-08-31T15:09:41","date_gmt":"2023-08-31T18:09:41","guid":{"rendered":"https:\/\/pc.sc.gov.br\/?p=13095"},"modified":"2023-08-31T15:12:35","modified_gmt":"2023-08-31T18:12:35","slug":"acao-integrada-envolvendo-pcsc-e-pmrv-prende-duas-pessoas-que-transportam-307-quilos-de-maconha-no-oeste","status":"publish","type":"post","link":"https:\/\/pc.sc.gov.br\/?p=13095","title":{"rendered":"A\u00e7\u00e3o Integrada envolvendo PCSC e PMRv prende duas pessoas que transportam 307 quilos de maconha no Oeste"},"content":{"rendered":"\t\t<div data-elementor-type=\"wp-post\" data-elementor-id=\"13095\" class=\"elementor elementor-13095\" data-elementor-post-type=\"post\">\n\t\t\t\t\t\t<section class=\"elementor-section elementor-top-section elementor-element elementor-element-eb906da elementor-section-boxed elementor-section-height-default elementor-section-height-default\" data-id=\"eb906da\" data-element_type=\"section\">\n\t\t\t\t\t\t<div class=\"elementor-container elementor-column-gap-default\">\n\t\t\t\t\t<div class=\"elementor-column elementor-col-100 elementor-top-column elementor-element elementor-element-e491ed5\" data-id=\"e491ed5\" data-element_type=\"column\">\n\t\t\t<div class=\"elementor-widget-wrap elementor-element-populated\">\n\t\t\t\t\t\t<div class=\"elementor-element elementor-element-622ce88 elementor-widget elementor-widget-heading\" data-id=\"622ce88\" data-element_type=\"widget\" data-widget_type=\"heading.default\">\n\t\t\t\t<div class=\"elementor-widget-container\">\n\t\t\t\t\t<h2 class=\"elementor-heading-title elementor-size-default\">A\u00e7\u00e3o Integrada envolvendo PCSC e PMRv prende duas pessoas que transportam 307 quilos de maconha no Oeste<\/h2>\t\t\t\t<\/div>\n\t\t\t\t<\/div>\n\t\t\t\t\t<\/div>\n\t\t<\/div>\n\t\t\t\t\t<\/div>\n\t\t<\/section>\n\t\t\t\t<section class=\"elementor-section elementor-top-section elementor-element elementor-element-74de920 elementor-section-boxed elementor-section-height-default elementor-section-height-default\" data-id=\"74de920\" data-element_type=\"section\">\n\t\t\t\t\t\t<div class=\"elementor-container elementor-column-gap-default\">\n\t\t\t\t\t<div class=\"elementor-column elementor-col-100 elementor-top-column elementor-element elementor-element-2ee3589\" data-id=\"2ee3589\" data-element_type=\"column\">\n\t\t\t<div class=\"elementor-widget-wrap elementor-element-populated\">\n\t\t\t\t\t\t<div class=\"elementor-element elementor-element-03751c3 elementor-widget elementor-widget-image\" data-id=\"03751c3\" data-element_type=\"widget\" data-widget_type=\"image.default\">\n\t\t\t\t<div class=\"elementor-widget-container\">\n\t\t\t\t\t\t\t\t\t\t\t\t\t\t\t<img fetchpriority=\"high\" decoding=\"async\" width=\"696\" height=\"266\" src=\"https:\/\/pc.sc.gov.br\/\/wp-content\/uploads\/2023\/08\/WhatsApp-Image-2023-08-30-at-19.11.27.jpeg\" class=\"attachment-large size-large wp-image-13100\" alt=\"\" srcset=\"https:\/\/pc.sc.gov.br\/\/wp-content\/uploads\/2023\/08\/WhatsApp-Image-2023-08-30-at-19.11.27.jpeg 1024w, https:\/\/pc.sc.gov.br\/\/wp-content\/uploads\/2023\/08\/WhatsApp-Image-2023-08-30-at-19.11.27-300x115.jpeg 300w, https:\/\/pc.sc.gov.br\/\/wp-content\/uploads\/2023\/08\/WhatsApp-Image-2023-08-30-at-19.11.27-768x294.jpeg 768w\" sizes=\"(max-width: 696px) 100vw, 696px\" \/>\t\t\t\t\t\t\t\t\t\t\t\t\t\t\t<\/div>\n\t\t\t\t<\/div>\n\t\t\t\t\t<\/div>\n\t\t<\/div>\n\t\t\t\t\t<\/div>\n\t\t<\/section>\n\t\t\t\t<section class=\"elementor-section elementor-top-section elementor-element elementor-element-eeb3475 elementor-section-boxed elementor-section-height-default elementor-section-height-default\" data-id=\"eeb3475\" data-element_type=\"section\">\n\t\t\t\t\t\t<div class=\"elementor-container elementor-column-gap-default\">\n\t\t\t\t\t<div class=\"elementor-column elementor-col-100 elementor-top-column elementor-element elementor-element-afa09a3\" data-id=\"afa09a3\" data-element_type=\"column\">\n\t\t\t<div class=\"elementor-widget-wrap elementor-element-populated\">\n\t\t\t\t\t\t<div class=\"elementor-element elementor-element-d9a91de elementor-widget elementor-widget-text-editor\" data-id=\"d9a91de\" data-element_type=\"widget\" data-widget_type=\"text-editor.default\">\n\t\t\t\t<div class=\"elementor-widget-container\">\n\t\t\t\t\t\t\t\t\t<p>A Pol\u00edcia Civil de Santa Catarina, em a\u00e7\u00e3o integrada com Pol\u00edcia Militar Rodovi\u00e1ria (PMRV) e Servi\u00e7o Aeropolicial de Fronteira \u2013 SAER\/FRON, abordou e prendeu um casal que transportava 307 quilos de maconha, na quarta-feira (30), no munic\u00edpio de Bom Jesus.<\/p><p>No momento da abordagem o condutor do ve\u00edculo tentou fugir, por\u00e9m foi contido pela Guarni\u00e7\u00e3o PMRV, equipe do T\u00e1tico Ostensivo Rodovi\u00e1rio (TOR). Ao vistoriar o ve\u00edculo, os policiais verificaram que havia grande quantidade de maconha no porta-malas e no banco traseiro.<\/p><p>O casal foi preso e conduzido para Delegacia da Pol\u00edcia Civil em Xanxer\u00ea, onde foram autuados em flagrante pelos crimes de tr\u00e1fico e associa\u00e7\u00e3o para o tr\u00e1fico de drogas, previstos nos artigos 33 e 35 da Lei 11.343\/2006. O homem e a mulher seguem \u00e0 disposi\u00e7\u00e3o da Justi\u00e7a.\u00a0<\/p><p>A Pol\u00edcia Civil est\u00e1 investigando os demais envolvidos no crime, bem como a origem e destino do entorpecente.\u00a0<\/p><p>A\u00e7\u00e3o faz parte da Horus, opera\u00e7\u00e3o permanente dos Guardi\u00f5es da Fronteira, do Minist\u00e9rio de Justi\u00e7a e Seguran\u00e7a P\u00fablica (MJSP) e conta com o apoio das for\u00e7as de seguran\u00e7a de 12 estados, incluindo todos os fronteiri\u00e7os.\u00a0<\/p>\t\t\t\t\t\t\t\t<\/div>\n\t\t\t\t<\/div>\n\t\t\t\t\t<\/div>\n\t\t<\/div>\n\t\t\t\t\t<\/div>\n\t\t<\/section>\n\t\t\t\t<section class=\"elementor-section elementor-top-section elementor-element elementor-element-2169a6b elementor-section-boxed elementor-section-height-default elementor-section-height-default\" data-id=\"2169a6b\" data-element_type=\"section\">\n\t\t\t\t\t\t<div class=\"elementor-container elementor-column-gap-default\">\n\t\t\t\t\t<div class=\"elementor-column elementor-col-100 elementor-top-column elementor-element elementor-element-cc18a38\" data-id=\"cc18a38\" data-element_type=\"column\">\n\t\t\t<div class=\"elementor-widget-wrap elementor-element-populated\">\n\t\t\t\t\t\t<div class=\"elementor-element elementor-element-911ab5f elementor-widget elementor-widget-video\" data-id=\"911ab5f\" data-element_type=\"widget\" data-settings=\"{&quot;video_type&quot;:&quot;hosted&quot;,&quot;controls&quot;:&quot;yes&quot;}\" data-widget_type=\"video.default\">\n\t\t\t\t<div class=\"elementor-widget-container\">\n\t\t\t\t\t\t\t<div class=\"e-hosted-video elementor-wrapper elementor-open-inline\">\n\t\t\t\t\t<video class=\"elementor-video\" src=\"https:\/\/pc.sc.gov.br\/wp-content\/uploads\/2023\/08\/WhatsApp-Video-2023-08-30-at-19.11.28.mp4\" controls=\"\" preload=\"metadata\"><\/video>\n\t\t\t\t<\/div>\n\t\t\t\t\t\t<\/div>\n\t\t\t\t<\/div>\n\t\t\t\t\t<\/div>\n\t\t<\/div>\n\t\t\t\t\t<\/div>\n\t\t<\/section>\n\t\t\t\t<\/div>\n\t\t","protected":false},"excerpt":{"rendered":"<p>A\u00e7\u00e3o Integrada envolvendo PCSC e PMRv prende duas pessoas que transportam 307 quilos de maconha no Oeste A Pol\u00edcia Civil de Santa Catarina, em a\u00e7\u00e3o integrada com Pol\u00edcia Militar Rodovi\u00e1ria (PMRV) e Servi\u00e7o Aeropolicial de Fronteira \u2013 SAER\/FRON, abordou e prendeu um casal que transportava 307 quilos de maconha, na quarta-feira (30), no munic\u00edpio de [&hellip;]<\/p>\n","protected":false},"author":5,"featured_media":13098,"comment_status":"closed","ping_status":"open","sticky":false,"template":"","format":"standard","meta":{"_monsterinsights_skip_tracking":false,"_monsterinsights_sitenote_active":false,"_monsterinsights_sitenote_note":"","_monsterinsights_sitenote_category":0,"footnotes":""},"categories":[1],"tags":[],"class_list":["post-13095","post","type-post","status-publish","format-standard","has-post-thumbnail","hentry","category-sem-categoria"],"_links":{"self":[{"href":"https:\/\/pc.sc.gov.br\/index.php?rest_route=\/wp\/v2\/posts\/13095","targetHints":{"allow":["GET"]}}],"collection":[{"href":"https:\/\/pc.sc.gov.br\/index.php?rest_route=\/wp\/v2\/posts"}],"about":[{"href":"https:\/\/pc.sc.gov.br\/index.php?rest_route=\/wp\/v2\/types\/post"}],"author":[{"embeddable":true,"href":"https:\/\/pc.sc.gov.br\/index.php?rest_route=\/wp\/v2\/users\/5"}],"replies":[{"embeddable":true,"href":"https:\/\/pc.sc.gov.br\/index.php?rest_route=%2Fwp%2Fv2%2Fcomments&post=13095"}],"version-history":[{"count":7,"href":"https:\/\/pc.sc.gov.br\/index.php?rest_route=\/wp\/v2\/posts\/13095\/revisions"}],"predecessor-version":[{"id":13110,"href":"https:\/\/pc.sc.gov.br\/index.php?rest_route=\/wp\/v2\/posts\/13095\/revisions\/13110"}],"wp:featuredmedia":[{"embeddable":true,"href":"https:\/\/pc.sc.gov.br\/index.php?rest_route=\/wp\/v2\/media\/13098"}],"wp:attachment":[{"href":"https:\/\/pc.sc.gov.br\/index.php?rest_route=%2Fwp%2Fv2%2Fmedia&parent=13095"}],"wp:term":[{"taxonomy":"category","embeddable":true,"href":"https:\/\/pc.sc.gov.br\/index.php?rest_route=%2Fwp%2Fv2%2Fcategories&post=13095"},{"taxonomy":"post_tag","embeddable":true,"href":"https:\/\/pc.sc.gov.br\/index.php?rest_route=%2Fwp%2Fv2%2Ftags&post=13095"}],"curies":[{"name":"wp","href":"https:\/\/api.w.org\/{rel}","templated":true}]}}