{"id":13122,"date":"2023-09-01T12:41:27","date_gmt":"2023-09-01T15:41:27","guid":{"rendered":"https:\/\/pc.sc.gov.br\/?p=13122"},"modified":"2023-09-01T12:42:57","modified_gmt":"2023-09-01T15:42:57","slug":"policia-civil-deflagra-operacao-centro-seguro-em-combate-ao-trafico-de-drogas-no-centro-de-florianopolis","status":"publish","type":"post","link":"https:\/\/pc.sc.gov.br\/?p=13122","title":{"rendered":"Pol\u00edcia Civil deflagra opera\u00e7\u00e3o \u201cCentro Seguro\u201d em combate ao tr\u00e1fico de drogas no Centro de Florian\u00f3polis"},"content":{"rendered":"\t\t<div data-elementor-type=\"wp-post\" data-elementor-id=\"13122\" class=\"elementor elementor-13122\" data-elementor-post-type=\"post\">\n\t\t\t\t\t\t<section class=\"elementor-section elementor-top-section elementor-element elementor-element-ff153ef elementor-section-boxed elementor-section-height-default elementor-section-height-default\" data-id=\"ff153ef\" data-element_type=\"section\">\n\t\t\t\t\t\t<div class=\"elementor-container elementor-column-gap-default\">\n\t\t\t\t\t<div class=\"elementor-column elementor-col-100 elementor-top-column elementor-element elementor-element-56e4fde\" data-id=\"56e4fde\" data-element_type=\"column\">\n\t\t\t<div class=\"elementor-widget-wrap elementor-element-populated\">\n\t\t\t\t\t\t<div class=\"elementor-element elementor-element-c7a7ead elementor-widget elementor-widget-heading\" data-id=\"c7a7ead\" data-element_type=\"widget\" data-widget_type=\"heading.default\">\n\t\t\t\t<div class=\"elementor-widget-container\">\n\t\t\t\t\t<h2 class=\"elementor-heading-title elementor-size-default\">Pol\u00edcia Civil deflagra opera\u00e7\u00e3o \u201cCentro Seguro\u201d em combate ao tr\u00e1fico de drogas no Centro de Florian\u00f3polis<\/h2>\t\t\t\t<\/div>\n\t\t\t\t<\/div>\n\t\t\t\t\t<\/div>\n\t\t<\/div>\n\t\t\t\t\t<\/div>\n\t\t<\/section>\n\t\t\t\t<section class=\"elementor-section elementor-top-section elementor-element elementor-element-157611e elementor-section-boxed elementor-section-height-default elementor-section-height-default\" data-id=\"157611e\" data-element_type=\"section\">\n\t\t\t\t\t\t<div class=\"elementor-container elementor-column-gap-default\">\n\t\t\t\t\t<div class=\"elementor-column elementor-col-100 elementor-top-column elementor-element elementor-element-bc3a011\" data-id=\"bc3a011\" data-element_type=\"column\">\n\t\t\t<div class=\"elementor-widget-wrap elementor-element-populated\">\n\t\t\t\t\t\t<div class=\"elementor-element elementor-element-bd0e022 elementor-widget elementor-widget-image\" data-id=\"bd0e022\" data-element_type=\"widget\" data-widget_type=\"image.default\">\n\t\t\t\t<div class=\"elementor-widget-container\">\n\t\t\t\t\t\t\t\t\t\t\t\t\t\t\t<img fetchpriority=\"high\" decoding=\"async\" width=\"400\" height=\"495\" src=\"https:\/\/pc.sc.gov.br\/\/wp-content\/uploads\/2023\/09\/WhatsApp-Image-2023-09-01-at-12.39.16-1.jpeg\" class=\"attachment-large size-large wp-image-13125\" alt=\"\" srcset=\"https:\/\/pc.sc.gov.br\/\/wp-content\/uploads\/2023\/09\/WhatsApp-Image-2023-09-01-at-12.39.16-1.jpeg 400w, https:\/\/pc.sc.gov.br\/\/wp-content\/uploads\/2023\/09\/WhatsApp-Image-2023-09-01-at-12.39.16-1-242x300.jpeg 242w\" sizes=\"(max-width: 400px) 100vw, 400px\" \/>\t\t\t\t\t\t\t\t\t\t\t\t\t\t\t<\/div>\n\t\t\t\t<\/div>\n\t\t\t\t\t<\/div>\n\t\t<\/div>\n\t\t\t\t\t<\/div>\n\t\t<\/section>\n\t\t\t\t<section class=\"elementor-section elementor-top-section elementor-element elementor-element-ebdf39a elementor-section-boxed elementor-section-height-default elementor-section-height-default\" data-id=\"ebdf39a\" data-element_type=\"section\">\n\t\t\t\t\t\t<div class=\"elementor-container elementor-column-gap-default\">\n\t\t\t\t\t<div class=\"elementor-column elementor-col-100 elementor-top-column elementor-element elementor-element-eec9892\" data-id=\"eec9892\" data-element_type=\"column\">\n\t\t\t<div class=\"elementor-widget-wrap elementor-element-populated\">\n\t\t\t\t\t\t<div class=\"elementor-element elementor-element-7af6cc6 elementor-widget elementor-widget-text-editor\" data-id=\"7af6cc6\" data-element_type=\"widget\" data-widget_type=\"text-editor.default\">\n\t\t\t\t<div class=\"elementor-widget-container\">\n\t\t\t\t\t\t\t\t\t<p>Na quinta-feira (31), a Pol\u00edcia Civil de Santa Catarina, por meio da Delegacia de Combate \u00e0s Drogas do Departamento de Investiga\u00e7\u00e3o Criminal de Florian\u00f3polis (DECOD\/DIC), em conjunto do N\u00facleo de Intelig\u00eancia da Guarda Municipal de Florian\u00f3polis (NSI\/GMF), deflagrou opera\u00e7\u00e3o policial que culminou na pris\u00e3o de tr\u00eas homens acusados de tr\u00e1fico de drogas. A a\u00e7\u00e3o, fase da opera\u00e7\u00e3o denominada &#8220;Centro Seguro&#8221;, teve como alvo a pr\u00e1tica recorrente de tr\u00e1fico sob a ic\u00f4nica figueira da Pra\u00e7a XV, um dos principais cart\u00f5es postais de Florian\u00f3polis.<\/p><p>As investiga\u00e7\u00f5es, que vinham sendo conduzidas pela Delegacia de Combate \u00e0s Drogas de Florian\u00f3polis, apontaram que a regi\u00e3o da Pra\u00e7a XV havia se transformado em um ponto de venda e distribui\u00e7\u00e3o de entorpecentes. O que levou \u00e0 identifica\u00e7\u00e3o dos suspeitos e \u00e0 deflagra\u00e7\u00e3o da opera\u00e7\u00e3o.<\/p><p>Durante a a\u00e7\u00e3o, os agentes efetuaram a pris\u00e3o em flagrante de tr\u00eas homens diretamente envolvidos no tr\u00e1fico de drogas no lugar. Al\u00e9m disso, um indiv\u00edduo em situa\u00e7\u00e3o de descumprimento das regras de uso de tornozeleira eletr\u00f4nica tamb\u00e9m foi localizado e detido pelas autoridades.<span style=\"font-family: var( --e-global-typography-primary-font-family ), Sans-serif; font-size: var( --e-global-typography-primary-font-size ); font-weight: var( --e-global-typography-primary-font-weight ); letter-spacing: var( --e-global-typography-primary-letter-spacing );\">&nbsp;<\/span><\/p><p>O delegado da DECOD, Walter Loyola, destacou a import\u00e2ncia da a\u00e7\u00e3o conjunta entre as for\u00e7as de seguran\u00e7a, incluindo o NSI da GMF, para coibir o tr\u00e1fico de drogas em locais p\u00fablicos de grande circula\u00e7\u00e3o. Ele reiterou o compromisso das institui\u00e7\u00f5es em garantir a seguran\u00e7a da popula\u00e7\u00e3o e afirmou que opera\u00e7\u00f5es como essa continuar\u00e3o a ser realizadas para combater o crime na cidade.<\/p>\t\t\t\t\t\t\t\t<\/div>\n\t\t\t\t<\/div>\n\t\t\t\t\t<\/div>\n\t\t<\/div>\n\t\t\t\t\t<\/div>\n\t\t<\/section>\n\t\t\t\t<\/div>\n\t\t","protected":false},"excerpt":{"rendered":"<p>Pol\u00edcia Civil deflagra opera\u00e7\u00e3o \u201cCentro Seguro\u201d em combate ao tr\u00e1fico de drogas no Centro de Florian\u00f3polis Na quinta-feira (31), a Pol\u00edcia Civil de Santa Catarina, por meio da Delegacia de Combate \u00e0s Drogas do Departamento de Investiga\u00e7\u00e3o Criminal de Florian\u00f3polis (DECOD\/DIC), em conjunto do N\u00facleo de Intelig\u00eancia da Guarda Municipal de Florian\u00f3polis (NSI\/GMF), deflagrou opera\u00e7\u00e3o [&hellip;]<\/p>\n","protected":false},"author":5,"featured_media":13123,"comment_status":"closed","ping_status":"open","sticky":false,"template":"","format":"standard","meta":{"_monsterinsights_skip_tracking":false,"_monsterinsights_sitenote_active":false,"_monsterinsights_sitenote_note":"","_monsterinsights_sitenote_category":0,"footnotes":""},"categories":[1],"tags":[],"class_list":["post-13122","post","type-post","status-publish","format-standard","has-post-thumbnail","hentry","category-sem-categoria"],"_links":{"self":[{"href":"https:\/\/pc.sc.gov.br\/index.php?rest_route=\/wp\/v2\/posts\/13122","targetHints":{"allow":["GET"]}}],"collection":[{"href":"https:\/\/pc.sc.gov.br\/index.php?rest_route=\/wp\/v2\/posts"}],"about":[{"href":"https:\/\/pc.sc.gov.br\/index.php?rest_route=\/wp\/v2\/types\/post"}],"author":[{"embeddable":true,"href":"https:\/\/pc.sc.gov.br\/index.php?rest_route=\/wp\/v2\/users\/5"}],"replies":[{"embeddable":true,"href":"https:\/\/pc.sc.gov.br\/index.php?rest_route=%2Fwp%2Fv2%2Fcomments&post=13122"}],"version-history":[{"count":4,"href":"https:\/\/pc.sc.gov.br\/index.php?rest_route=\/wp\/v2\/posts\/13122\/revisions"}],"predecessor-version":[{"id":13128,"href":"https:\/\/pc.sc.gov.br\/index.php?rest_route=\/wp\/v2\/posts\/13122\/revisions\/13128"}],"wp:featuredmedia":[{"embeddable":true,"href":"https:\/\/pc.sc.gov.br\/index.php?rest_route=\/wp\/v2\/media\/13123"}],"wp:attachment":[{"href":"https:\/\/pc.sc.gov.br\/index.php?rest_route=%2Fwp%2Fv2%2Fmedia&parent=13122"}],"wp:term":[{"taxonomy":"category","embeddable":true,"href":"https:\/\/pc.sc.gov.br\/index.php?rest_route=%2Fwp%2Fv2%2Fcategories&post=13122"},{"taxonomy":"post_tag","embeddable":true,"href":"https:\/\/pc.sc.gov.br\/index.php?rest_route=%2Fwp%2Fv2%2Ftags&post=13122"}],"curies":[{"name":"wp","href":"https:\/\/api.w.org\/{rel}","templated":true}]}}