{"id":13129,"date":"2023-09-01T16:52:05","date_gmt":"2023-09-01T19:52:05","guid":{"rendered":"https:\/\/pc.sc.gov.br\/?p=13129"},"modified":"2023-09-01T17:20:17","modified_gmt":"2023-09-01T20:20:17","slug":"em-uma-semana-operacao-shamar-atende-432-vitimas-de-violencia-domestica-em-sc","status":"publish","type":"post","link":"https:\/\/pc.sc.gov.br\/?p=13129","title":{"rendered":"Em uma semana, opera\u00e7\u00e3o Shamar atende 432 v\u00edtimas de viol\u00eancia dom\u00e9stica em SC"},"content":{"rendered":"\t\t<div data-elementor-type=\"wp-post\" data-elementor-id=\"13129\" class=\"elementor elementor-13129\" data-elementor-post-type=\"post\">\n\t\t\t\t\t\t<section class=\"elementor-section elementor-top-section elementor-element elementor-element-1912135 elementor-section-boxed elementor-section-height-default elementor-section-height-default\" data-id=\"1912135\" data-element_type=\"section\">\n\t\t\t\t\t\t<div class=\"elementor-container elementor-column-gap-default\">\n\t\t\t\t\t<div class=\"elementor-column elementor-col-100 elementor-top-column elementor-element elementor-element-088b11e\" data-id=\"088b11e\" data-element_type=\"column\">\n\t\t\t<div class=\"elementor-widget-wrap elementor-element-populated\">\n\t\t\t\t\t\t<div class=\"elementor-element elementor-element-37670c4 elementor-widget elementor-widget-heading\" data-id=\"37670c4\" data-element_type=\"widget\" data-widget_type=\"heading.default\">\n\t\t\t\t<div class=\"elementor-widget-container\">\n\t\t\t\t\t<h2 class=\"elementor-heading-title elementor-size-default\">Em sete dias, opera\u00e7\u00e3o Shamar atende 432 v\u00edtimas de viol\u00eancia dom\u00e9stica em SC<\/h2>\t\t\t\t<\/div>\n\t\t\t\t<\/div>\n\t\t\t\t\t<\/div>\n\t\t<\/div>\n\t\t\t\t\t<\/div>\n\t\t<\/section>\n\t\t\t\t<section class=\"elementor-section elementor-top-section elementor-element elementor-element-303b85e elementor-section-boxed elementor-section-height-default elementor-section-height-default\" data-id=\"303b85e\" data-element_type=\"section\">\n\t\t\t\t\t\t<div class=\"elementor-container elementor-column-gap-default\">\n\t\t\t\t\t<div class=\"elementor-column elementor-col-100 elementor-top-column elementor-element elementor-element-42be610\" data-id=\"42be610\" data-element_type=\"column\">\n\t\t\t<div class=\"elementor-widget-wrap elementor-element-populated\">\n\t\t\t\t\t\t<div class=\"elementor-element elementor-element-06ed055 elementor-widget elementor-widget-image\" data-id=\"06ed055\" data-element_type=\"widget\" data-widget_type=\"image.default\">\n\t\t\t\t<div class=\"elementor-widget-container\">\n\t\t\t\t\t\t\t\t\t\t\t\t\t\t\t<img fetchpriority=\"high\" decoding=\"async\" width=\"696\" height=\"455\" src=\"https:\/\/pc.sc.gov.br\/\/wp-content\/uploads\/2023\/09\/53154129852_c8191177d9_k-1-1024x669.jpg\" class=\"attachment-large size-large wp-image-13134\" alt=\"\" srcset=\"https:\/\/pc.sc.gov.br\/\/wp-content\/uploads\/2023\/09\/53154129852_c8191177d9_k-1-1024x669.jpg 1024w, https:\/\/pc.sc.gov.br\/\/wp-content\/uploads\/2023\/09\/53154129852_c8191177d9_k-1-300x196.jpg 300w, https:\/\/pc.sc.gov.br\/\/wp-content\/uploads\/2023\/09\/53154129852_c8191177d9_k-1-768x501.jpg 768w, https:\/\/pc.sc.gov.br\/\/wp-content\/uploads\/2023\/09\/53154129852_c8191177d9_k-1-1536x1003.jpg 1536w, https:\/\/pc.sc.gov.br\/\/wp-content\/uploads\/2023\/09\/53154129852_c8191177d9_k-1.jpg 2048w\" sizes=\"(max-width: 696px) 100vw, 696px\" \/>\t\t\t\t\t\t\t\t\t\t\t\t\t\t\t<\/div>\n\t\t\t\t<\/div>\n\t\t\t\t\t<\/div>\n\t\t<\/div>\n\t\t\t\t\t<\/div>\n\t\t<\/section>\n\t\t\t\t<section class=\"elementor-section elementor-top-section elementor-element elementor-element-4260cb1 elementor-section-boxed elementor-section-height-default elementor-section-height-default\" data-id=\"4260cb1\" data-element_type=\"section\">\n\t\t\t\t\t\t<div class=\"elementor-container elementor-column-gap-default\">\n\t\t\t\t\t<div class=\"elementor-column elementor-col-100 elementor-top-column elementor-element elementor-element-a8e11d6\" data-id=\"a8e11d6\" data-element_type=\"column\">\n\t\t\t<div class=\"elementor-widget-wrap elementor-element-populated\">\n\t\t\t\t\t\t<div class=\"elementor-element elementor-element-3e70836 elementor-widget elementor-widget-text-editor\" data-id=\"3e70836\" data-element_type=\"widget\" data-widget_type=\"text-editor.default\">\n\t\t\t\t<div class=\"elementor-widget-container\">\n\t\t\t\t\t\t\t\t\t<p>A Coordenadoria das Delegacias de Prote\u00e7\u00e3o \u00e0 Crian\u00e7a, ao Adolescente, \u00e0 Mulher e ao Idoso (CDPCAMI), da Pol\u00edcia Civil de Santa Catarina, divulgou nesta quarta-feira (30), o balan\u00e7o da primeira semana da Opera\u00e7\u00e3o Shamar. A a\u00e7\u00e3o nacional capitaneada pelo Minist\u00e9rio da Justi\u00e7a e da Seguran\u00e7a P\u00fablica, Minist\u00e9rio das Mulheres, Secretaria Nacional de Seguran\u00e7a P\u00fablica, a opera\u00e7\u00e3o visa, especialmente, ao combate da viol\u00eancia dom\u00e9stica familiar contra a mulher e do feminic\u00eddio. A opera\u00e7\u00e3o ocorre at\u00e9 o dia 15 de setembro.<\/p>\n<p>De acordo com balan\u00e7o da primeira semana de a\u00e7\u00f5es pela Coordenadoria das Delegacias de prote\u00e7\u00e3o \u00e0 Crian\u00e7a, ao Adolescente, \u00e0 Mulher e ao Idoso (CDPCAMI) 432 v\u00edtimas foram atendidas e 16 agressores presos. Os policiais tamb\u00e9m cumpriram 21 mandados de busca e apreens\u00e3o, a maioria para localizar armas que aumentam consideravelmente o risco de morte de mulheres que s\u00e3o amea\u00e7ados por homens.&nbsp;<\/p>\n<p>Para se ter uma ideia da dimens\u00e3o deste problema social e cultural, apenas em uma semana, foram registrados 408 boletins de ocorr\u00eancia envolvendo viol\u00eancia contra a mulher e solicitadas 280 Medidas Protetivas de Urg\u00eancia (MPU). Foram instaurados 262 inqu\u00e9ritos e outros 302, que estavam em andamento, foram conclu\u00eddos.<\/p>\n<p>As DPCAMIs tamb\u00e9m est\u00e3o outras apurando 240 den\u00fancias no contexto de viol\u00eancia dom\u00e9stica. As unidades tamb\u00e9m fizeram 12 acompanhamentos para a retirada de pertences pessoais.<\/p>\n<p>As mais de 2.144 a\u00e7\u00f5es desenvolvidas pelas delegacias especializadas tamb\u00e9m contabilizam 30 palestras e 67 a\u00e7\u00f5es de panfletagem e orienta\u00e7\u00f5es a fim de buscar a efetiva prote\u00e7\u00e3o das mulheres bem como apresentar os caminhos para interromper o ciclo da viol\u00eancia. Vale destacar ainda que 41 pessoas foram conduzidas \u00e0 unidade policial por agress\u00e3o a mulher, diversa a feminic\u00eddio.<\/p>\n<h4>Procure ajuda<\/h4>\n<p>Em caso de suspeita ou viola\u00e7\u00e3o dos direitos da mulher, a orienta\u00e7\u00e3o \u00e9 procurar a delegacia mais pr\u00f3xima. L\u00e1 existem profissionais capacitados que poder\u00e3o dar todas as orienta\u00e7\u00f5es para v\u00edtimas e familiares. As outras alternativas dispon\u00edveis s\u00e3o procurar a DPCAMI de sua cidade\/regi\u00e3o; fazer o BO por meio da delegacia virtual (delegaciavirtual.sc.gov.br), ligar para 181 (disque-den\u00fancia); para 197 da Pol\u00edcia Civil ou 180 do Minist\u00e9rio das Mulheres.<\/p>\n<p><span style=\"letter-spacing: -0.2px;\">Principais a\u00e7\u00f5es realizadas pela PCSC nas diversas regi\u00f5es do estado:<\/span><br><\/p>\n<h4>Florian\u00f3polis &#8211;<span style=\"font-family: var( --e-global-typography-primary-font-family ), Sans-serif; font-size: var( --e-global-typography-primary-font-size ); font-weight: var( --e-global-typography-primary-font-weight ); letter-spacing: var( --e-global-typography-primary-letter-spacing );\">&nbsp;As for\u00e7as de seguran\u00e7a mobillizaram suas equipes para particpar de uma caminhada no Centro de Florian\u00f3polis, no dia 31. O objetivo foi discribuir material e orientar a popula\u00e7\u00e3o sobre como romper o ciclo de viol\u00eancia e onde procurar ajuda para v\u00edtimas de viol\u00eancia dom\u00e1stica.<\/span><\/h4><p><span style=\"font-family: inherit; font-size: 1.25rem; font-weight: 700; letter-spacing: var( --e-global-typography-primary-letter-spacing );\">Xanxer\u00ea &#8211; <\/span><span style=\"font-family: inherit; font-size: 1.25rem; letter-spacing: var( --e-global-typography-primary-letter-spacing ); font-weight: var( --e-global-typography-primary-font-weight );\">A<\/span><span style=\"font-family: var( --e-global-typography-primary-font-family ), Sans-serif; letter-spacing: var( --e-global-typography-primary-letter-spacing ); font-size: var( --e-global-typography-primary-font-size ); font-weight: var( --e-global-typography-primary-font-weight );\">&nbsp;Diretoria de Pol\u00edcia da Fronteira (DIFRON) lan\u00e7ou o Projeto Mulher Segura. Idealizado pela DIFRON, o plano aposta na informa\u00e7\u00e3o como ferramenta para que as pessoas v\u00edtimas de viol\u00eancia dom\u00e9stica, familiar e de g\u00eanero, identifiquem os ciclos da viol\u00eancia e o r\u00e1pido acesso aos canais de den\u00fancia.&nbsp;&nbsp;<\/span><span style=\"font-family: var( --e-global-typography-primary-font-family ), Sans-serif; letter-spacing: -0.2px; font-size: var( --e-global-typography-primary-font-size ); font-weight: var( --e-global-typography-primary-font-weight );\">A DPCAMI de Xanxer\u00ea em parceria com entidades p\u00fablicas e privadas realizou uma caminhada no centro do munic\u00edpio, visando a conscientiza\u00e7\u00e3o e combate \u00e0 viol\u00eancia dom\u00e9stica e familiar contra a mulher e ao feminic\u00eddio.&nbsp;<\/span><br><\/p>\n<h4>Campos Novos &#8211;&nbsp;<span style=\"font-family: var( --e-global-typography-primary-font-family ), Sans-serif; font-size: var( --e-global-typography-primary-font-size ); font-weight: var( --e-global-typography-primary-font-weight ); letter-spacing: var( --e-global-typography-primary-letter-spacing );\">A DPCAMI e a DIC de Campos Novos cumpriram mandado de busca na casa de um homem que havia amea\u00e7ado a companheira com uma arma. Na busca foi localizada uma arma com numera\u00e7\u00e3o suprimida e uma pequena quantidade de maconha. O homem foi preso por posse ilegal de arma e posse de drogas.<\/span><\/h4>\n<h4>Paulo Lopes &#8211;&nbsp;<span style=\"font-family: var( --e-global-typography-primary-font-family ), Sans-serif; font-size: var( --e-global-typography-primary-font-size ); font-weight: var( --e-global-typography-primary-font-weight ); letter-spacing: var( --e-global-typography-primary-letter-spacing );\">Em a\u00e7\u00e3o conjunta entre a Secretaria de Assist\u00eancia Social (CRAS e PSE) e Secretaria de Educa\u00e7\u00e3o do munic\u00edpio e Pol\u00edcia Civil, na quinta-feira (24) foi ministrada palestra sobre viol\u00eancia dom\u00e9stica contra a mulher aos alunos da Escola Municipal Dr. Ivo Silveira.&nbsp;<\/span><\/h4>\n<h4>Palho\u00e7a &#8211;&nbsp;<span style=\"font-family: var( --e-global-typography-primary-font-family ), Sans-serif; font-size: var( --e-global-typography-primary-font-size ); font-weight: var( --e-global-typography-primary-font-weight ); letter-spacing: var( --e-global-typography-primary-letter-spacing );\">A 30\u00aa DRP e a DPCAMI de Palho\u00e7a realizaram na tarde de hoje, na CIRETRAN de Palho\u00e7a, uma Roda de Conversas acerca da viol\u00eancia dom\u00e9stica. O Psic\u00f3logo Andr\u00e9 Silva Lohn, da DPCAMI de Palho\u00e7a, promoveu grandes reflex\u00f5es sobre o tema.<\/span><\/h4>\n<h4>Balne\u00e1rio Cambori\u00fa &#8211;&nbsp;<span style=\"font-family: var( --e-global-typography-primary-font-family ), Sans-serif; font-size: var( --e-global-typography-primary-font-size ); font-weight: var( --e-global-typography-primary-font-weight ); letter-spacing: var( --e-global-typography-primary-letter-spacing );\">Policiais civis da DPCAMI de Balne\u00e1rio Cambori\u00fa realizaram uma blitz no Bairro das Na\u00e7\u00f5es para alertar as mulheres sobre o ciclo da viol\u00eancia e onde denunciar uma agress\u00e3o.<\/span><\/h4>\n<h4>Balne\u00e1rio Arroio do Silva &#8211;&nbsp;<span style=\"font-family: var( --e-global-typography-primary-font-family ), Sans-serif; font-size: var( --e-global-typography-primary-font-size ); font-weight: var( --e-global-typography-primary-font-weight ); letter-spacing: var( --e-global-typography-primary-letter-spacing );\">Em uma Roda de Conversa promovida pelo CRAS, policiais civis falaram sobre a origem da viol\u00eancia contra a mulher e estrat\u00e9gias para enfrentamento. Tivemos depoimentos emocionantes de v\u00edtimas sobreviventes e uma importante troca com a comunidade.<\/span><\/h4>\n<h4>Joa\u00e7aba &#8211;&nbsp;<span style=\"font-family: var( --e-global-typography-primary-font-family ), Sans-serif; font-size: var( --e-global-typography-primary-font-size ); font-weight: var( --e-global-typography-primary-font-weight ); letter-spacing: var( --e-global-typography-primary-letter-spacing );\">DPCAMI Joa\u00e7aba promoveu uma a\u00e7\u00e3o p\u00fablica e distribuiu panfletos para conscientizar a popula\u00e7\u00e3o sobre o ciclo da viol\u00eancia e formas de denunciar agress\u00f5es.<\/span><\/h4>\n<h4>Bra\u00e7o do Norte &#8211;&nbsp;<span style=\"font-family: var( --e-global-typography-primary-font-family ), Sans-serif; font-size: var( --e-global-typography-primary-font-size ); font-weight: var( --e-global-typography-primary-font-weight ); letter-spacing: var( --e-global-typography-primary-letter-spacing );\">No munic\u00edpio, os policiais civis percorreram as principais ruas do centro para mobilizar a popula\u00e7\u00e3o em torno do combate \u00e0 viol\u00eancia contra a mulher.<\/span><\/h4>\n<h4>Gr\u00e3o Par\u00e1 &#8211;&nbsp;<span style=\"font-family: var( --e-global-typography-primary-font-family ), Sans-serif; font-size: var( --e-global-typography-primary-font-size ); font-weight: var( --e-global-typography-primary-font-weight ); letter-spacing: var( --e-global-typography-primary-letter-spacing );\">A equipe da DPMu tamb\u00e9m entregou panfletos nas principais vias do munic\u00edpio e conversou com os moradores sobre a Campanha contra a viol\u00eancia contra a Mulher.<\/span><\/h4>\n<h4>Ararangu\u00e1 &#8211;&nbsp;<span style=\"font-family: var( --e-global-typography-primary-font-family ), Sans-serif; font-size: var( --e-global-typography-primary-font-size ); font-weight: var( --e-global-typography-primary-font-weight ); letter-spacing: var( --e-global-typography-primary-letter-spacing );\">A delegada Elaine Chaves, titular da DPCAMI de Ararangu\u00e1 e a agente de pol\u00edcia, M\u00e1rcia Cristiane Nunes Scardueli, realizaram na quinta-feira (14) uma palestra sobre combate \u00e0 viol\u00eancia dom\u00e9stica para estudantes do ensino m\u00e9dio de Maracaj\u00e1.&nbsp;<\/span><\/h4>\n<h4>S\u00e3o Jos\u00e9 do Cedro &#8211;&nbsp;<span style=\"font-family: var( --e-global-typography-primary-font-family ), Sans-serif; font-size: var( --e-global-typography-primary-font-size ); font-weight: var( --e-global-typography-primary-font-weight ); letter-spacing: var( --e-global-typography-primary-letter-spacing );\">Nesta quinta-feira (24), a Delegacia de Pol\u00edcia de Fronteira cumpriu mandado de pris\u00e3o contra um homem envolvendo viol\u00eancia dom\u00e9stica. Segundo relato da mulher do autor dos fatos, ele a teria amea\u00e7ado de morte no dia 19 de agosto, por n\u00e3o concordar com o fim do relacionamento. A v\u00edtima solicitou medida protetiva.<\/span><\/h4>\n<h4>Itapema-&nbsp;<span style=\"font-family: var( --e-global-typography-primary-font-family ), Sans-serif; font-size: var( --e-global-typography-primary-font-size ); font-weight: var( --e-global-typography-primary-font-weight ); letter-spacing: var( --e-global-typography-primary-letter-spacing );\">A convite da Delegacia de Itapema, os psic\u00f3logos policiais, \u00cdtalo Nunes e Carola Cristofolini, participaram de uma a\u00e7\u00e3o de conscientiza\u00e7\u00e3o que tamb\u00e9m integra o Agosto Lil\u00e1s. Na quarta-feira (23) eles estiveram na E.E. Anita Garibaldi e realizaram a din\u00e2mica Maria no Jogo: saindo do ciclo da viol\u00eancia. A atividade consiste apresentar, de forma l\u00fadica, alternativas para sair do ciclo de viol\u00eancia.<\/span><\/h4>\n<h4>Joinville &#8211;&nbsp;<span style=\"font-family: var( --e-global-typography-primary-font-family ), Sans-serif; font-size: var( --e-global-typography-primary-font-size ); font-weight: var( --e-global-typography-primary-font-weight ); letter-spacing: var( --e-global-typography-primary-letter-spacing );\">Em contexto de viol\u00eancia dom\u00e9sticas, policiais da DPCAMI de Joinville cumpriram mandado de busca e apreens\u00e3o na casa de um homem que havia amea\u00e7ado a esposa. Foram apreendidas pistolas (sendo uma calibre 9mm, com 24 muni\u00e7\u00f5es; e a outra calibre 380, com 24 muni\u00e7\u00f5es), al\u00e9m de uma carabina, calibre .22, com 300 muni\u00e7\u00f5es.&nbsp;<\/span><\/h4>\n<h4>Angelina &#8211;&nbsp;<span style=\"font-family: var( --e-global-typography-primary-font-family ), Sans-serif; font-size: var( --e-global-typography-primary-font-size ); font-weight: var( --e-global-typography-primary-font-weight ); letter-spacing: var( --e-global-typography-primary-letter-spacing );\">No munic\u00edpio de Angelina, a Pol\u00edcia Civil prendeu na \u00faltima ter\u00e7a-feira (22) um homem por pr\u00e1tica de ato libidinoso com menor de 14 anos. No interrogat\u00f3rio, o investigado negou os fatos em apura\u00e7\u00e3o e foi encaminhado \u00e0 CPP de Palho\u00e7a.<\/span><\/h4>\n<h4>Xaxim &#8211;&nbsp;<span style=\"font-family: var( --e-global-typography-primary-font-family ), Sans-serif; font-size: var( --e-global-typography-primary-font-size ); font-weight: var( --e-global-typography-primary-font-weight ); letter-spacing: var( --e-global-typography-primary-letter-spacing );\">A Delegacia de Pol\u00edcia da Comarca de Xaxim, coordenada pelo delegado Cl\u00e1udio Menezes Vieira, prendeu um homem, natural de Santo \u00c2ngelo (RS), por n\u00e3o pagamento de pens\u00e3o aliment\u00edcia avaliada em R$ 3,6 mil Ap\u00f3s procedimentos legais, o homem foi encaminhado ao F\u00f3rum da Comarca de Xaxim para audi\u00eancia de cust\u00f3dia e encaminhamento ao sistema prisional.<\/span><\/h4>\n<h4>Ca\u00e7ador &#8211;&nbsp;<span style=\"font-family: var( --e-global-typography-primary-font-family ), Sans-serif; font-size: var( --e-global-typography-primary-font-size ); font-weight: var( --e-global-typography-primary-font-weight ); letter-spacing: var( --e-global-typography-primary-letter-spacing );\">A Delegacia de prote\u00e7\u00e3o \u00e0 Crian\u00e7a, Adolescente, Mulher e Idoso (DPCAM) e a Divis\u00e3o de Investiga\u00e7\u00f5es Criminais (DIC) de Ca\u00e7ador cumpriram mandado de pris\u00e3o contra um homem acusado de estupro de vulner\u00e1vel. Realizados os procedimentos legais, o homem foi encaminhado ao pres\u00eddio regional de Ca\u00e7ador.<\/span><\/h4>\n<h4>Imaru\u00ed &#8211;&nbsp;<span style=\"font-family: var( --e-global-typography-primary-font-family ), Sans-serif; font-size: var( --e-global-typography-primary-font-size ); font-weight: var( --e-global-typography-primary-font-weight ); letter-spacing: var( --e-global-typography-primary-letter-spacing );\">A Delegacia de Pol\u00edcia da Comarca de Imaru\u00ed cumpriu mandado de busca e apreendeu armas de fogo e muni\u00e7\u00f5es em fun\u00e7\u00e3o de uma investiga\u00e7\u00e3o envolvendo viol\u00eancia dom\u00e9stica e familiar contra a mulher.<\/span><\/h4>\n<h4>Joinville &#8211;&nbsp;<span style=\"font-family: var( --e-global-typography-primary-font-family ), Sans-serif; font-size: var( --e-global-typography-primary-font-size ); font-weight: var( --e-global-typography-primary-font-weight ); letter-spacing: var( --e-global-typography-primary-letter-spacing );\">A equipe da DPCAMI de Joinville cumpriu mandado de busca e apreens\u00e3o, em contexto de viol\u00eancia dom\u00e9stica, e apreendeu armas de fogo e muni\u00e7\u00f5es na casa de um homem. Os objetos foram encaminhados \u00e0 Pol\u00edcia Cient\u00edfica para a realiza\u00e7\u00e3o das per\u00edcias, ficando \u00e0 disposi\u00e7\u00e3o do Poder Judici\u00e1rio para provid\u00eancias posteriores.<\/span><\/h4>\n<h4><span style=\"font-family: var( --e-global-typography-primary-font-family ), Sans-serif; font-size: var( --e-global-typography-primary-font-size ); font-weight: var( --e-global-typography-primary-font-weight ); letter-spacing: var( --e-global-typography-primary-letter-spacing );\">Faxinal dos Guedes &#8211;&nbsp;<\/span><span style=\"font-family: var( --e-global-typography-primary-font-family ), Sans-serif; font-size: var( --e-global-typography-primary-font-size ); font-weight: var( --e-global-typography-primary-font-weight ); letter-spacing: var( --e-global-typography-primary-letter-spacing );\">Policiais civis da Delegacia da Faxinal do Guedes com apoio da Pol\u00edcia Militar, coordenados pelo delegado Wesley Costa, apreenderam na segunda-feira (21), um rev\u00f3lver supostamente utilizado para amea\u00e7ar v\u00edtima de viol\u00eancia dom\u00e9stica. A apreens\u00e3o se deu ap\u00f3s a v\u00edtima registrar que havia sido agredida e amea\u00e7ada pelo companheiro.&nbsp;<\/span><\/h4>\n<h4>Tijucas &#8211;&nbsp;<span style=\"font-family: var( --e-global-typography-primary-font-family ), Sans-serif; font-size: var( --e-global-typography-primary-font-size ); font-weight: var( --e-global-typography-primary-font-weight ); letter-spacing: var( --e-global-typography-primary-letter-spacing );\">A Pol\u00edcia Civil de Tijucas prendeu na segunda-feira (21) um homem condenado por ter praticado os crimes de amea\u00e7a e descumprimento de medida protetiva de urg\u00eancia contra a ex-companheira no munic\u00edpio.<\/span><\/h4>\n<h4>Itaja\u00ed &#8211;&nbsp;<span style=\"font-family: var( --e-global-typography-primary-font-family ), Sans-serif; font-size: var( --e-global-typography-primary-font-size ); font-weight: var( --e-global-typography-primary-font-weight ); letter-spacing: var( --e-global-typography-primary-letter-spacing );\">Agentes da Delegacia de Prote\u00e7\u00e3o \u00e0 Crian\u00e7a, ao Adolescente, \u00e0 Mulher e ao Idoso da Comarca (DPCAMI) de Itaja\u00ed prenderam na segunda-feira (21) um condenado a 14 anos de reclus\u00e3o pelo crime de tentativa de feminic\u00eddio ocorrido no ano de 2013, em Itaja\u00ed.<\/span><\/h4>\n<div>&nbsp;<\/div>\t\t\t\t\t\t\t\t<\/div>\n\t\t\t\t<\/div>\n\t\t\t\t\t<\/div>\n\t\t<\/div>\n\t\t\t\t\t<\/div>\n\t\t<\/section>\n\t\t\t\t<\/div>\n\t\t","protected":false},"excerpt":{"rendered":"<p>Em sete dias, opera\u00e7\u00e3o Shamar atende 432 v\u00edtimas de viol\u00eancia dom\u00e9stica em SC A Coordenadoria das Delegacias de Prote\u00e7\u00e3o \u00e0 Crian\u00e7a, ao Adolescente, \u00e0 Mulher e ao Idoso (CDPCAMI), da Pol\u00edcia Civil de Santa Catarina, divulgou nesta quarta-feira (30), o balan\u00e7o da primeira semana da Opera\u00e7\u00e3o Shamar. A a\u00e7\u00e3o nacional capitaneada pelo Minist\u00e9rio da Justi\u00e7a [&hellip;]<\/p>\n","protected":false},"author":5,"featured_media":13134,"comment_status":"closed","ping_status":"open","sticky":false,"template":"","format":"standard","meta":{"_monsterinsights_skip_tracking":false,"_monsterinsights_sitenote_active":false,"_monsterinsights_sitenote_note":"","_monsterinsights_sitenote_category":0,"footnotes":""},"categories":[1],"tags":[],"class_list":["post-13129","post","type-post","status-publish","format-standard","has-post-thumbnail","hentry","category-sem-categoria"],"_links":{"self":[{"href":"https:\/\/pc.sc.gov.br\/index.php?rest_route=\/wp\/v2\/posts\/13129","targetHints":{"allow":["GET"]}}],"collection":[{"href":"https:\/\/pc.sc.gov.br\/index.php?rest_route=\/wp\/v2\/posts"}],"about":[{"href":"https:\/\/pc.sc.gov.br\/index.php?rest_route=\/wp\/v2\/types\/post"}],"author":[{"embeddable":true,"href":"https:\/\/pc.sc.gov.br\/index.php?rest_route=\/wp\/v2\/users\/5"}],"replies":[{"embeddable":true,"href":"https:\/\/pc.sc.gov.br\/index.php?rest_route=%2Fwp%2Fv2%2Fcomments&post=13129"}],"version-history":[{"count":8,"href":"https:\/\/pc.sc.gov.br\/index.php?rest_route=\/wp\/v2\/posts\/13129\/revisions"}],"predecessor-version":[{"id":13141,"href":"https:\/\/pc.sc.gov.br\/index.php?rest_route=\/wp\/v2\/posts\/13129\/revisions\/13141"}],"wp:featuredmedia":[{"embeddable":true,"href":"https:\/\/pc.sc.gov.br\/index.php?rest_route=\/wp\/v2\/media\/13134"}],"wp:attachment":[{"href":"https:\/\/pc.sc.gov.br\/index.php?rest_route=%2Fwp%2Fv2%2Fmedia&parent=13129"}],"wp:term":[{"taxonomy":"category","embeddable":true,"href":"https:\/\/pc.sc.gov.br\/index.php?rest_route=%2Fwp%2Fv2%2Fcategories&post=13129"},{"taxonomy":"post_tag","embeddable":true,"href":"https:\/\/pc.sc.gov.br\/index.php?rest_route=%2Fwp%2Fv2%2Ftags&post=13129"}],"curies":[{"name":"wp","href":"https:\/\/api.w.org\/{rel}","templated":true}]}}