{"id":13142,"date":"2023-09-01T18:46:52","date_gmt":"2023-09-01T21:46:52","guid":{"rendered":"https:\/\/pc.sc.gov.br\/?p=13142"},"modified":"2023-09-01T18:51:54","modified_gmt":"2023-09-01T21:51:54","slug":"policia-civil-prende-mais-dois-envolvidos-no-sequestro-de-menina-de-11-anos-em-criciuma","status":"publish","type":"post","link":"https:\/\/pc.sc.gov.br\/?p=13142","title":{"rendered":"Pol\u00edcia Civil prende mais dois envolvidos no sequestro de menina de 11 anos em Crici\u00fama"},"content":{"rendered":"\t\t<div data-elementor-type=\"wp-post\" data-elementor-id=\"13142\" class=\"elementor elementor-13142\" data-elementor-post-type=\"post\">\n\t\t\t\t\t\t<section class=\"elementor-section elementor-top-section elementor-element elementor-element-e4868f6 elementor-section-boxed elementor-section-height-default elementor-section-height-default\" data-id=\"e4868f6\" data-element_type=\"section\">\n\t\t\t\t\t\t<div class=\"elementor-container elementor-column-gap-default\">\n\t\t\t\t\t<div class=\"elementor-column elementor-col-100 elementor-top-column elementor-element elementor-element-461fbe8\" data-id=\"461fbe8\" data-element_type=\"column\">\n\t\t\t<div class=\"elementor-widget-wrap elementor-element-populated\">\n\t\t\t\t\t\t<div class=\"elementor-element elementor-element-7f33ef3 elementor-widget elementor-widget-heading\" data-id=\"7f33ef3\" data-element_type=\"widget\" data-widget_type=\"heading.default\">\n\t\t\t\t<div class=\"elementor-widget-container\">\n\t\t\t\t\t<h2 class=\"elementor-heading-title elementor-size-default\">Pol\u00edcia Civil prende mais dois envolvidos no sequestro de menina de 11 anos em Crici\u00fama<\/h2>\t\t\t\t<\/div>\n\t\t\t\t<\/div>\n\t\t\t\t\t<\/div>\n\t\t<\/div>\n\t\t\t\t\t<\/div>\n\t\t<\/section>\n\t\t\t\t<section class=\"elementor-section elementor-top-section elementor-element elementor-element-6c86900 elementor-section-boxed elementor-section-height-default elementor-section-height-default\" data-id=\"6c86900\" data-element_type=\"section\">\n\t\t\t\t\t\t<div class=\"elementor-container elementor-column-gap-default\">\n\t\t\t\t\t<div class=\"elementor-column elementor-col-100 elementor-top-column elementor-element elementor-element-94a7dbd\" data-id=\"94a7dbd\" data-element_type=\"column\">\n\t\t\t<div class=\"elementor-widget-wrap elementor-element-populated\">\n\t\t\t\t\t\t<div class=\"elementor-element elementor-element-b4c674a elementor-widget elementor-widget-text-editor\" data-id=\"b4c674a\" data-element_type=\"widget\" data-widget_type=\"text-editor.default\">\n\t\t\t\t<div class=\"elementor-widget-container\">\n\t\t\t\t\t\t\t\t\t<p>A Pol\u00edcia Civil de Santa Catarina, por meio da Delegacia de Roubos e Antissequestro da Diretoria Estadual de Investiga\u00e7\u00f5es Criminais e da Divis\u00e3o de Investiga\u00e7\u00e3o Criminal de Crici\u00fama, na quinta-feira (31), deflagrou opera\u00e7\u00e3o policial em Crici\u00fama e prendeu dois investigados pelos crimes de extors\u00e3o mediante sequestro, que aconteceu na noite da quarta-feira (23) contra uma menina de 11 anos de idade. <br>Os dois envolvidos foram presos pela Pol\u00edcia Civil, passaram por audi\u00eancia de cust\u00f3dia e foram encaminhados para o Sistema Prisional. As investiga\u00e7\u00f5es continuam at\u00e9 que os demais respons\u00e1veis pelo crime sejam identificados. <br><br><b>Entenda o caso<\/b><br>Na noite da quarta-feira (23) uma menina de 11 anos foi sequestrada em Crici\u00fama. Em menos de 24 horas, na quinta-feira (24), a Pol\u00edcia Civil conseguiu resgatar a v\u00edtima. Ela estava com p\u00e9s e m\u00e3os amarradas e olhos vendados e foi deixada \u00e0 beira de uma estrada no munic\u00edpio de Tr\u00eas Cachoeiras, no Rio Grande do Sul. A Pol\u00edcia Civil j\u00e1 tinha prendido um dos envolvidos no crime. Dessa forma, contando com os presos desta quinta-feira (31), a Pol\u00edcia Civil prendeu tr\u00eas envolvidos no crime at\u00e9 o momento.&nbsp;<br><b><br>Mais informa\u00e7\u00f5es sobre o sequestro na mat\u00e9ria:&nbsp;<\/b><a href=\"https:\/\/pc.sc.gov.br\/?p=12837https:\/\/pc.sc.gov.br\/?p=12837\">https:\/\/pc.sc.gov.br\/?p=12837<\/a><br><b><br>Confira o v\u00eddeo do delegado Yuri Miqueluzzi da DIC de Crici\u00fama e do delegado Anselmo Cruz da DRAS\/DEIC falando sobre a opera\u00e7\u00e3o que prendeu os outros dois envolvidos: <\/b><\/p>\t\t\t\t\t\t\t\t<\/div>\n\t\t\t\t<\/div>\n\t\t\t\t\t<\/div>\n\t\t<\/div>\n\t\t\t\t\t<\/div>\n\t\t<\/section>\n\t\t\t\t<section class=\"elementor-section elementor-top-section elementor-element elementor-element-c50d196 elementor-section-boxed elementor-section-height-default elementor-section-height-default\" data-id=\"c50d196\" data-element_type=\"section\">\n\t\t\t\t\t\t<div class=\"elementor-container elementor-column-gap-default\">\n\t\t\t\t\t<div class=\"elementor-column elementor-col-100 elementor-top-column elementor-element elementor-element-f15733e\" data-id=\"f15733e\" data-element_type=\"column\">\n\t\t\t<div class=\"elementor-widget-wrap elementor-element-populated\">\n\t\t\t\t\t\t<div class=\"elementor-element elementor-element-e83a218 elementor-widget__width-auto elementor-widget elementor-widget-video\" data-id=\"e83a218\" data-element_type=\"widget\" data-settings=\"{&quot;video_type&quot;:&quot;hosted&quot;,&quot;controls&quot;:&quot;yes&quot;}\" data-widget_type=\"video.default\">\n\t\t\t\t<div class=\"elementor-widget-container\">\n\t\t\t\t\t\t\t<div class=\"e-hosted-video elementor-wrapper elementor-open-inline\">\n\t\t\t\t\t<video class=\"elementor-video\" src=\"https:\/\/pc.sc.gov.br\/wp-content\/uploads\/2023\/09\/WhatsApp-Video-2023-09-01-at-18.39.53.mp4\" controls=\"\" preload=\"metadata\"><\/video>\n\t\t\t\t<\/div>\n\t\t\t\t\t\t<\/div>\n\t\t\t\t<\/div>\n\t\t\t\t\t<\/div>\n\t\t<\/div>\n\t\t\t\t\t<\/div>\n\t\t<\/section>\n\t\t\t\t<\/div>\n\t\t","protected":false},"excerpt":{"rendered":"<p>Pol\u00edcia Civil prende mais dois envolvidos no sequestro de menina de 11 anos em Crici\u00fama A Pol\u00edcia Civil de Santa Catarina, por meio da Delegacia de Roubos e Antissequestro da Diretoria Estadual de Investiga\u00e7\u00f5es Criminais e da Divis\u00e3o de Investiga\u00e7\u00e3o Criminal de Crici\u00fama, na quinta-feira (31), deflagrou opera\u00e7\u00e3o policial em Crici\u00fama e prendeu dois investigados [&hellip;]<\/p>\n","protected":false},"author":5,"featured_media":13024,"comment_status":"closed","ping_status":"open","sticky":false,"template":"","format":"standard","meta":{"_monsterinsights_skip_tracking":false,"_monsterinsights_sitenote_active":false,"_monsterinsights_sitenote_note":"","_monsterinsights_sitenote_category":0,"footnotes":""},"categories":[1],"tags":[],"class_list":["post-13142","post","type-post","status-publish","format-standard","has-post-thumbnail","hentry","category-sem-categoria"],"_links":{"self":[{"href":"https:\/\/pc.sc.gov.br\/index.php?rest_route=\/wp\/v2\/posts\/13142","targetHints":{"allow":["GET"]}}],"collection":[{"href":"https:\/\/pc.sc.gov.br\/index.php?rest_route=\/wp\/v2\/posts"}],"about":[{"href":"https:\/\/pc.sc.gov.br\/index.php?rest_route=\/wp\/v2\/types\/post"}],"author":[{"embeddable":true,"href":"https:\/\/pc.sc.gov.br\/index.php?rest_route=\/wp\/v2\/users\/5"}],"replies":[{"embeddable":true,"href":"https:\/\/pc.sc.gov.br\/index.php?rest_route=%2Fwp%2Fv2%2Fcomments&post=13142"}],"version-history":[{"count":7,"href":"https:\/\/pc.sc.gov.br\/index.php?rest_route=\/wp\/v2\/posts\/13142\/revisions"}],"predecessor-version":[{"id":13150,"href":"https:\/\/pc.sc.gov.br\/index.php?rest_route=\/wp\/v2\/posts\/13142\/revisions\/13150"}],"wp:featuredmedia":[{"embeddable":true,"href":"https:\/\/pc.sc.gov.br\/index.php?rest_route=\/wp\/v2\/media\/13024"}],"wp:attachment":[{"href":"https:\/\/pc.sc.gov.br\/index.php?rest_route=%2Fwp%2Fv2%2Fmedia&parent=13142"}],"wp:term":[{"taxonomy":"category","embeddable":true,"href":"https:\/\/pc.sc.gov.br\/index.php?rest_route=%2Fwp%2Fv2%2Fcategories&post=13142"},{"taxonomy":"post_tag","embeddable":true,"href":"https:\/\/pc.sc.gov.br\/index.php?rest_route=%2Fwp%2Fv2%2Ftags&post=13142"}],"curies":[{"name":"wp","href":"https:\/\/api.w.org\/{rel}","templated":true}]}}