{"id":13160,"date":"2023-09-04T15:18:40","date_gmt":"2023-09-04T18:18:40","guid":{"rendered":"https:\/\/pc.sc.gov.br\/?p=13160"},"modified":"2023-09-04T15:20:01","modified_gmt":"2023-09-04T18:20:01","slug":"policia-civil-cumpre-mandados-de-prisao-por-tentativa-de-homicidio-em-pernambuco-e-mato-grosso","status":"publish","type":"post","link":"https:\/\/pc.sc.gov.br\/?p=13160","title":{"rendered":"Pol\u00edcia Civil cumpre mandados de pris\u00e3o por tentativa de homic\u00eddio em Pernambuco e Mato Grosso"},"content":{"rendered":"\t\t<div data-elementor-type=\"wp-post\" data-elementor-id=\"13160\" class=\"elementor elementor-13160\" data-elementor-post-type=\"post\">\n\t\t\t\t\t\t<section class=\"elementor-section elementor-top-section elementor-element elementor-element-b9c0633 elementor-section-boxed elementor-section-height-default elementor-section-height-default\" data-id=\"b9c0633\" data-element_type=\"section\">\n\t\t\t\t\t\t<div class=\"elementor-container elementor-column-gap-default\">\n\t\t\t\t\t<div class=\"elementor-column elementor-col-100 elementor-top-column elementor-element elementor-element-10eee71\" data-id=\"10eee71\" data-element_type=\"column\">\n\t\t\t<div class=\"elementor-widget-wrap elementor-element-populated\">\n\t\t\t\t\t\t<div class=\"elementor-element elementor-element-a7d77d7 elementor-widget elementor-widget-heading\" data-id=\"a7d77d7\" data-element_type=\"widget\" data-widget_type=\"heading.default\">\n\t\t\t\t<div class=\"elementor-widget-container\">\n\t\t\t\t\t<h2 class=\"elementor-heading-title elementor-size-default\">Pol\u00edcia Civil cumpre mandados de pris\u00e3o por tentativa de homic\u00eddio em Pernambuco e Mato Grosso<\/h2>\t\t\t\t<\/div>\n\t\t\t\t<\/div>\n\t\t\t\t\t<\/div>\n\t\t<\/div>\n\t\t\t\t\t<\/div>\n\t\t<\/section>\n\t\t\t\t<section class=\"elementor-section elementor-top-section elementor-element elementor-element-2be64d4 elementor-section-boxed elementor-section-height-default elementor-section-height-default\" data-id=\"2be64d4\" data-element_type=\"section\">\n\t\t\t\t\t\t<div class=\"elementor-container elementor-column-gap-default\">\n\t\t\t\t\t<div class=\"elementor-column elementor-col-100 elementor-top-column elementor-element elementor-element-ba82a5e\" data-id=\"ba82a5e\" data-element_type=\"column\">\n\t\t\t<div class=\"elementor-widget-wrap elementor-element-populated\">\n\t\t\t\t\t\t<div class=\"elementor-element elementor-element-496c443 elementor-widget elementor-widget-image\" data-id=\"496c443\" data-element_type=\"widget\" data-widget_type=\"image.default\">\n\t\t\t\t<div class=\"elementor-widget-container\">\n\t\t\t\t\t\t\t\t\t\t\t\t\t\t\t<img fetchpriority=\"high\" decoding=\"async\" width=\"696\" height=\"522\" src=\"https:\/\/pc.sc.gov.br\/\/wp-content\/uploads\/2023\/08\/CARRO-VIATUIRA-SIRENE-NOITE-POLICIA-CIVIL-PCSC-1024x768.jpg\" class=\"attachment-large size-large wp-image-13024\" alt=\"\" srcset=\"https:\/\/pc.sc.gov.br\/\/wp-content\/uploads\/2023\/08\/CARRO-VIATUIRA-SIRENE-NOITE-POLICIA-CIVIL-PCSC-1024x768.jpg 1024w, https:\/\/pc.sc.gov.br\/\/wp-content\/uploads\/2023\/08\/CARRO-VIATUIRA-SIRENE-NOITE-POLICIA-CIVIL-PCSC-300x225.jpg 300w, https:\/\/pc.sc.gov.br\/\/wp-content\/uploads\/2023\/08\/CARRO-VIATUIRA-SIRENE-NOITE-POLICIA-CIVIL-PCSC-768x576.jpg 768w, https:\/\/pc.sc.gov.br\/\/wp-content\/uploads\/2023\/08\/CARRO-VIATUIRA-SIRENE-NOITE-POLICIA-CIVIL-PCSC.jpg 1280w\" sizes=\"(max-width: 696px) 100vw, 696px\" \/>\t\t\t\t\t\t\t\t\t\t\t\t\t\t\t<\/div>\n\t\t\t\t<\/div>\n\t\t\t\t\t<\/div>\n\t\t<\/div>\n\t\t\t\t\t<\/div>\n\t\t<\/section>\n\t\t\t\t<section class=\"elementor-section elementor-top-section elementor-element elementor-element-b1fe5b1 elementor-section-boxed elementor-section-height-default elementor-section-height-default\" data-id=\"b1fe5b1\" data-element_type=\"section\">\n\t\t\t\t\t\t<div class=\"elementor-container elementor-column-gap-default\">\n\t\t\t\t\t<div class=\"elementor-column elementor-col-100 elementor-top-column elementor-element elementor-element-7fc426e\" data-id=\"7fc426e\" data-element_type=\"column\">\n\t\t\t<div class=\"elementor-widget-wrap elementor-element-populated\">\n\t\t\t\t\t\t<div class=\"elementor-element elementor-element-bc8ac85 elementor-widget elementor-widget-text-editor\" data-id=\"bc8ac85\" data-element_type=\"widget\" data-widget_type=\"text-editor.default\">\n\t\t\t\t<div class=\"elementor-widget-container\">\n\t\t\t\t\t\t\t\t\t<p>Na sexta-feira (1), a Pol\u00edcia Civil de Santa Catarina, por meio da Divis\u00e3o de Investiga\u00e7\u00e3o Criminal de Itaja\u00ed (DIC), deflagrou opera\u00e7\u00e3o para cumprimento de dois mandados de pris\u00e3o preventiva pelo crime de homic\u00eddio qualificado tentado.<\/p>\n<p>Na tarde da sexta-feira (1), um dos homens foi capturado na zona rural da cidade de S\u00e3o Felix do Araguaia, interior do estado do Mato Grosso, em a\u00e7\u00e3o conjunta das Pol\u00edcias Civis e Militar daquele estado. Neste mesmo dia, outro homem foi capturado na cidade de Ch\u00e3o Grande, interior do estado de Pernambuco, em a\u00e7\u00e3o conjunta das Pol\u00edcias Civis e Militar daquele estado.<\/p>\n<p>Os presos foram encaminhados ao Sistema Penitenci\u00e1rio, onde permanecem \u00e0 disposi\u00e7\u00e3o da Justi\u00e7a.<\/p>\n<p><b>Entenda o caso<\/b><br>No dia 18 de mar\u00e7o deste ano, um homem se envolveu em uma discuss\u00e3o com duas pessoas, no bairro Espinheiros, em Itaja\u00ed, quando foi atingido por mais de vinte facadas e um disparo de arma de fogo. A v\u00edtima ficou internada por cerca de duas semanas em estado grave e sobreviveu.<span style=\"font-family: var( --e-global-typography-primary-font-family ), Sans-serif; font-size: var( --e-global-typography-primary-font-size ); font-weight: var( --e-global-typography-primary-font-weight ); letter-spacing: var( --e-global-typography-primary-letter-spacing );\">&nbsp;<\/span><\/p><p>Os dois suspeitos pelo crime foram identificados. Ao final do inqu\u00e9rito policial, em agosto deste ano, ambos tiveram suas pris\u00f5es decretadas, mas j\u00e1 haviam se evadido da regi\u00e3o. Ap\u00f3s intenso trabalho de intelig\u00eancia, os suspeitos foram localizados pela equipe da DIC de Itaja\u00ed.<\/p>\t\t\t\t\t\t\t\t<\/div>\n\t\t\t\t<\/div>\n\t\t\t\t\t<\/div>\n\t\t<\/div>\n\t\t\t\t\t<\/div>\n\t\t<\/section>\n\t\t\t\t<\/div>\n\t\t","protected":false},"excerpt":{"rendered":"<p>Pol\u00edcia Civil cumpre mandados de pris\u00e3o por tentativa de homic\u00eddio em Pernambuco e Mato Grosso Na sexta-feira (1), a Pol\u00edcia Civil de Santa Catarina, por meio da Divis\u00e3o de Investiga\u00e7\u00e3o Criminal de Itaja\u00ed (DIC), deflagrou opera\u00e7\u00e3o para cumprimento de dois mandados de pris\u00e3o preventiva pelo crime de homic\u00eddio qualificado tentado. Na tarde da sexta-feira (1), [&hellip;]<\/p>\n","protected":false},"author":5,"featured_media":13055,"comment_status":"closed","ping_status":"open","sticky":false,"template":"","format":"standard","meta":{"_monsterinsights_skip_tracking":false,"_monsterinsights_sitenote_active":false,"_monsterinsights_sitenote_note":"","_monsterinsights_sitenote_category":0,"footnotes":""},"categories":[1],"tags":[],"class_list":["post-13160","post","type-post","status-publish","format-standard","has-post-thumbnail","hentry","category-sem-categoria"],"_links":{"self":[{"href":"https:\/\/pc.sc.gov.br\/index.php?rest_route=\/wp\/v2\/posts\/13160","targetHints":{"allow":["GET"]}}],"collection":[{"href":"https:\/\/pc.sc.gov.br\/index.php?rest_route=\/wp\/v2\/posts"}],"about":[{"href":"https:\/\/pc.sc.gov.br\/index.php?rest_route=\/wp\/v2\/types\/post"}],"author":[{"embeddable":true,"href":"https:\/\/pc.sc.gov.br\/index.php?rest_route=\/wp\/v2\/users\/5"}],"replies":[{"embeddable":true,"href":"https:\/\/pc.sc.gov.br\/index.php?rest_route=%2Fwp%2Fv2%2Fcomments&post=13160"}],"version-history":[{"count":4,"href":"https:\/\/pc.sc.gov.br\/index.php?rest_route=\/wp\/v2\/posts\/13160\/revisions"}],"predecessor-version":[{"id":13164,"href":"https:\/\/pc.sc.gov.br\/index.php?rest_route=\/wp\/v2\/posts\/13160\/revisions\/13164"}],"wp:featuredmedia":[{"embeddable":true,"href":"https:\/\/pc.sc.gov.br\/index.php?rest_route=\/wp\/v2\/media\/13055"}],"wp:attachment":[{"href":"https:\/\/pc.sc.gov.br\/index.php?rest_route=%2Fwp%2Fv2%2Fmedia&parent=13160"}],"wp:term":[{"taxonomy":"category","embeddable":true,"href":"https:\/\/pc.sc.gov.br\/index.php?rest_route=%2Fwp%2Fv2%2Fcategories&post=13160"},{"taxonomy":"post_tag","embeddable":true,"href":"https:\/\/pc.sc.gov.br\/index.php?rest_route=%2Fwp%2Fv2%2Ftags&post=13160"}],"curies":[{"name":"wp","href":"https:\/\/api.w.org\/{rel}","templated":true}]}}