{"id":13169,"date":"2023-09-04T17:27:44","date_gmt":"2023-09-04T20:27:44","guid":{"rendered":"https:\/\/pc.sc.gov.br\/?p=13169"},"modified":"2023-09-04T17:47:24","modified_gmt":"2023-09-04T20:47:24","slug":"policia-civil-homenageia-servidores-com-30-35-e-45-anos-de-servicos-prestados-a-instituicao","status":"publish","type":"post","link":"https:\/\/pc.sc.gov.br\/?p=13169","title":{"rendered":"Pol\u00edcia Civil homenageia servidores com 30, 35 e 45 anos de servi\u00e7os prestados \u00e0 institui\u00e7\u00e3o"},"content":{"rendered":"\t\t<div data-elementor-type=\"wp-post\" data-elementor-id=\"13169\" class=\"elementor elementor-13169\" data-elementor-post-type=\"post\">\n\t\t\t\t\t\t<section class=\"elementor-section elementor-top-section elementor-element elementor-element-f2793bc elementor-section-boxed elementor-section-height-default elementor-section-height-default\" data-id=\"f2793bc\" data-element_type=\"section\">\n\t\t\t\t\t\t<div class=\"elementor-container elementor-column-gap-default\">\n\t\t\t\t\t<div class=\"elementor-column elementor-col-100 elementor-top-column elementor-element elementor-element-c83dedf\" data-id=\"c83dedf\" data-element_type=\"column\">\n\t\t\t<div class=\"elementor-widget-wrap elementor-element-populated\">\n\t\t\t\t\t\t<div class=\"elementor-element elementor-element-951a231 elementor-widget elementor-widget-heading\" data-id=\"951a231\" data-element_type=\"widget\" data-widget_type=\"heading.default\">\n\t\t\t\t<div class=\"elementor-widget-container\">\n\t\t\t\t\t<h2 class=\"elementor-heading-title elementor-size-default\">Pol\u00edcia Civil homenageia servidores com 30, 35 e 45 anos de servi\u00e7os prestados \u00e0 institui\u00e7\u00e3o <\/h2>\t\t\t\t<\/div>\n\t\t\t\t<\/div>\n\t\t\t\t\t<\/div>\n\t\t<\/div>\n\t\t\t\t\t<\/div>\n\t\t<\/section>\n\t\t\t\t<section class=\"elementor-section elementor-top-section elementor-element elementor-element-3fc7b98 elementor-section-boxed elementor-section-height-default elementor-section-height-default\" data-id=\"3fc7b98\" data-element_type=\"section\">\n\t\t\t\t\t\t<div class=\"elementor-container elementor-column-gap-default\">\n\t\t\t\t\t<div class=\"elementor-column elementor-col-100 elementor-top-column elementor-element elementor-element-b3fba1c\" data-id=\"b3fba1c\" data-element_type=\"column\">\n\t\t\t<div class=\"elementor-widget-wrap elementor-element-populated\">\n\t\t\t\t\t\t<div class=\"elementor-element elementor-element-55ea28f elementor-widget elementor-widget-text-editor\" data-id=\"55ea28f\" data-element_type=\"widget\" data-widget_type=\"text-editor.default\">\n\t\t\t\t<div class=\"elementor-widget-container\">\n\t\t\t\t\t\t\t\t\t<p>A Pol\u00edcia Civil de Santa Catarina, por meio da Ger\u00eancia de Pessoas, realizou nesta segunda-feira (04) uma solenidade para homenagear 29 agentes de policiais, escriv\u00e3es, psic\u00f3logos policiais e delegados que atuam h\u00e1 30, 35 e 40 anos na PCSC.<span style=\"font-family: var( --e-global-typography-primary-font-family ), Sans-serif; font-size: var( --e-global-typography-primary-font-size ); font-weight: var( --e-global-typography-primary-font-weight ); letter-spacing: var( --e-global-typography-primary-letter-spacing );\">&nbsp;<\/span><\/p>\n<p>O ato ocorreu no audit\u00f3rio da Delegada L\u00facia Maria Stefanovich, localizada no Complexo Administrativo da Secretaria da Seguran\u00e7a P\u00fablica (SSP) e contou com a presen\u00e7a do delegado-geral, Ulisses Gabriel, e do secret\u00e1rio adjunto da Secretaria de Seguran\u00e7a P\u00fablica, Freibergue Rubem do Nascimento.<\/p>\n<p>O delegado-geral, Ulisses Gabriel, abriu a solenidade destacando que os homenageados abriram o caminho e contribu\u00edram sobremaneira para que PCSC chegasse ao n\u00edvel de excel\u00eancia que tem hoje. \u201cComparado com o ano passado temos 54% a mais de produtividade, prendemos mais do que o ano passado inteiro. H\u00e1 queda no n\u00famero de estelionatos e de roubo. Isso demonstra que a qualidade da Pol\u00edcia Civil Catarinense\u201d, disse.<br>Ulisses Gabriel assinalou que o governador Jorginho Mello pediu para que haja integra\u00e7\u00e3o entre todas as carreiras e valoriza\u00e7\u00e3o desses profissionais. \u201cTem que valorizar a pessoa pela sua compet\u00eancia. Hoje n\u00f3s temos policiais civis em todas as fun\u00e7\u00f5es de ger\u00eancia\u201d, destacou.<\/p>\n<p>O secret\u00e1rio adjunto da SSP, Freibergue Rubem do Nascimento, enfatizou que a solenidade foi um ato de reconhecimento aos policiais pelos servi\u00e7os prestados aos catarinenses.<\/p>\n<p>Idealizadora do projeto, a escriv\u00e3 de pol\u00edcia, Isabel Corradini, destacou que a PCSC \u00e9 refer\u00eancia em Pol\u00edcia Judici\u00e1ria, no Brasil. \u201cSe ela chegou at\u00e9 onde est\u00e1 \u00e9 porque muitas pessoas h\u00e1 anos colaboraram para que tenhamos atingido esse patamar de excel\u00eancia, que \u00e9 mantido por quem ainda faz a pol\u00edcia civil hoje\u201d, disse. Ela assinalou ainda que dentro dessa perspectiva, al\u00e9m dos recursos f\u00edsicos, essa excel\u00eancia se deve pela compet\u00eancia, dedica\u00e7\u00e3o dos policiais. \u201cEnt\u00e3o, a dire\u00e7\u00e3o da pol\u00edcia decidiu fazer essa singela homenagem agradecendo por tantas d\u00e9cadas de servi\u00e7o dedicado ao estado catarinense\u201d, concluiu.<\/p>\n<p><b>Os homenageados<\/b><\/p>\n<p>Ademir Figueiredo \u2013 Agente de Pol\u00edcia<br>Manoel Amaro Antonio- Agente de Pol\u00edcia <br>Aci Evaldo Coelho &#8211; Agente de Pol\u00edcia <br>Adalberto Martins &#8211; Agente de Pol\u00edcia <br>Alfeu Orben -Delegado<br>Alfredo Teixeira Junior &#8211; Agente de Pol\u00edcia <br>Antonio Carlos De Lima &#8211; Agente de Pol\u00edcia <br>Carlos Roberto Santos &#8211; Agente de Pol\u00edcia <br>Danilo Jose Neves &#8211; Agente de Pol\u00edcia <br>Dator Jose Da Costa &#8211; Agente de Pol\u00edcia <br>Ed Alves Linhares &#8211; Agente de Pol\u00edcia <br>Eloi Aparicio Monteiro &#8211; Agente de Pol\u00edcia<br>Jair Martins &#8211; Agente de Pol\u00edcia<br>Jordelina Maria Souza De Mello &#8211; Agente de Pol\u00edcia<br>Jose Da Cunha &#8211; Agente de Pol\u00edcia <br>Jose Maria Vieira \u2013 Agente de Pol\u00edcia<br>Luiz Fernando Cordeiro -Agente<br>Marcio Jose De Oliveira &#8211; Agente<br>Neuvan Klein De Aguiar -Agente<br>Nilda Andrade Da Silva &#8211; Agente<br>Osvaldo Francisco De Souza -Agente<br>Pedro Alcantara Da Silva &#8211; Agente<br>Renato Heitor Teixeira &#8211; Delegado<br>Rita De C\u00e1ssia Adriano &#8211; Agente<br>Roberto Batista Jer\u00f4nimo &#8211; Agente<br>Sonia Maria Vieira &#8211; Agente<br>Wanderley Redondo \u2013 Delegado<br>Ana Ligia Amazonas &#8211; Agente<br>Claudia Silvana Gracher Censi &#8211; Escriv\u00e3o<br>Delci Salete Schienemeier -Agente<br>Edilene Fortunato Neves -Agente<br>Elisabete Dittrich &#8211; Agente<br>Jose Arante Dos Santos -Agente<br>Julio Cesar Peres Arantes &#8211; Delegado<br>Luiz Carlos Dos Santos &#8211; Delegado<br>Manoel Alfredo Pereira -Agente<br>Marlon Machado &#8211; Agente<br>Nadiria Da Luz Miguel &#8211; Agente<br>Nalder Jose Setubal -Agente<br>Wilvar Braz De Souza &#8211; Agente<br>Zeferino Pereira \u2013Agente<br>Adauto De Souza \u2013 Delegado<br>Ademir Miguel Rodrigues -Agente<br>Altair Domingos Silva &#8211; Agente<br>Antonio Alexandre Kale -Delegado<br>Arnoldo Hugo Jose Bonckewitz Filho Agente<br>Artur Jose Regis Neto &#8211; Delegado<br>Cleuza Aparecida Berte -Agente<br>Dalmi Jose Da Costa &#8211; Agente<br>Deonilo Augostino Pretto &#8211; Delegado<br>Eliane Funes -Escriv\u00e3o<br>Jaime Percides Miguel &#8211; Agente<br>Joacyr De Paula Nizer &#8211; Agente<br>Laurete Margarida Ma\u00e7aneiro Da Silva &#8211; Agente<br>Luiz Augusto Luz Fa\u00edsca &#8211; Agente<br>Luiz Gonzaga Da Silva &#8211; Agente<br>Marcos Antonio Campos -Agente<br>Maria Albertina Poeta Mangrich &#8211; Agente<br>Mary Alba De Lima &#8211; Agente<br>Optemar Rodrigues &#8211; Delegado<br>Otilio Bernardino Schmitt &#8211; Agente<br>Rachel Da Silva Coelho Tavares \u2013 Escriv\u00e3o<\/p>\t\t\t\t\t\t\t\t<\/div>\n\t\t\t\t<\/div>\n\t\t\t\t\t<\/div>\n\t\t<\/div>\n\t\t\t\t\t<\/div>\n\t\t<\/section>\n\t\t\t\t<section class=\"elementor-section elementor-top-section elementor-element elementor-element-62ca0e7 elementor-section-boxed elementor-section-height-default elementor-section-height-default\" data-id=\"62ca0e7\" data-element_type=\"section\">\n\t\t\t\t\t\t<div class=\"elementor-container elementor-column-gap-default\">\n\t\t\t\t\t<div class=\"elementor-column elementor-col-100 elementor-top-column elementor-element elementor-element-81aee29\" data-id=\"81aee29\" data-element_type=\"column\">\n\t\t\t<div class=\"elementor-widget-wrap elementor-element-populated\">\n\t\t\t\t\t\t<div class=\"elementor-element elementor-element-d25a27f elementor-skin-carousel elementor-arrows-yes elementor-pagination-type-bullets elementor-pagination-position-outside elementor-widget elementor-widget-media-carousel\" data-id=\"d25a27f\" data-element_type=\"widget\" data-settings=\"{&quot;skin&quot;:&quot;carousel&quot;,&quot;effect&quot;:&quot;slide&quot;,&quot;show_arrows&quot;:&quot;yes&quot;,&quot;pagination&quot;:&quot;bullets&quot;,&quot;speed&quot;:500,&quot;autoplay&quot;:&quot;yes&quot;,&quot;autoplay_speed&quot;:5000,&quot;loop&quot;:&quot;yes&quot;,&quot;pause_on_hover&quot;:&quot;yes&quot;,&quot;pause_on_interaction&quot;:&quot;yes&quot;,&quot;space_between&quot;:{&quot;unit&quot;:&quot;px&quot;,&quot;size&quot;:10,&quot;sizes&quot;:[]},&quot;space_between_tablet&quot;:{&quot;unit&quot;:&quot;px&quot;,&quot;size&quot;:10,&quot;sizes&quot;:[]},&quot;space_between_mobile&quot;:{&quot;unit&quot;:&quot;px&quot;,&quot;size&quot;:10,&quot;sizes&quot;:[]}}\" data-widget_type=\"media-carousel.default\">\n\t\t\t\t<div class=\"elementor-widget-container\">\n\t\t\t\t\t\t\t\t\t<div class=\"elementor-swiper\">\n\t\t\t\t\t<div class=\"elementor-main-swiper swiper\" role=\"region\" aria-roledescription=\"carousel\" aria-label=\"Slides\">\n\t\t\t\t<div class=\"swiper-wrapper\">\n\t\t\t\t\t\t\t\t\t\t\t<div class=\"swiper-slide\" role=\"group\" aria-roledescription=\"slide\">\n\t\t\t\t\t\t\t\t\t<div class=\"elementor-carousel-image\" role=\"img\" aria-label=\"WhatsApp Image 2023-09-04 at 16.56.01 (1)\" style=\"background-image: url(&#039;https:\/\/pc.sc.gov.br\/\/wp-content\/uploads\/2023\/09\/WhatsApp-Image-2023-09-04-at-16.56.01-1-1.jpeg&#039;)\">\n\n\t\t\t\n\t\t\t\t\t<\/div>\n\t\t\t\t\t\t\t\t<\/div>\n\t\t\t\t\t\t\t\t\t\t\t<div class=\"swiper-slide\" role=\"group\" aria-roledescription=\"slide\">\n\t\t\t\t\t\t\t\t\t<div class=\"elementor-carousel-image\" role=\"img\" aria-label=\"WhatsApp Image 2023-09-04 at 16.56.02\" style=\"background-image: url(&#039;https:\/\/pc.sc.gov.br\/\/wp-content\/uploads\/2023\/09\/WhatsApp-Image-2023-09-04-at-16.56.02-2.jpeg&#039;)\">\n\n\t\t\t\n\t\t\t\t\t<\/div>\n\t\t\t\t\t\t\t\t<\/div>\n\t\t\t\t\t\t\t\t\t\t\t<div class=\"swiper-slide\" role=\"group\" aria-roledescription=\"slide\">\n\t\t\t\t\t\t\t\t\t<div class=\"elementor-carousel-image\" role=\"img\" aria-label=\"WhatsApp Image 2023-09-04 at 16.56.02 (1)\" style=\"background-image: url(&#039;https:\/\/pc.sc.gov.br\/\/wp-content\/uploads\/2023\/09\/WhatsApp-Image-2023-09-04-at-16.56.02-1-1.jpeg&#039;)\">\n\n\t\t\t\n\t\t\t\t\t<\/div>\n\t\t\t\t\t\t\t\t<\/div>\n\t\t\t\t\t\t\t\t\t\t\t<div class=\"swiper-slide\" role=\"group\" aria-roledescription=\"slide\">\n\t\t\t\t\t\t\t\t\t<div class=\"elementor-carousel-image\" role=\"img\" aria-label=\"WhatsApp Image 2023-09-04 at 16.56.03\" style=\"background-image: url(&#039;https:\/\/pc.sc.gov.br\/\/wp-content\/uploads\/2023\/09\/WhatsApp-Image-2023-09-04-at-16.56.03-1.jpeg&#039;)\">\n\n\t\t\t\n\t\t\t\t\t<\/div>\n\t\t\t\t\t\t\t\t<\/div>\n\t\t\t\t\t\t\t\t\t\t\t<div class=\"swiper-slide\" role=\"group\" aria-roledescription=\"slide\">\n\t\t\t\t\t\t\t\t\t<div class=\"elementor-carousel-image\" role=\"img\" aria-label=\"WhatsApp Image 2023-09-04 at 16.56.04\" style=\"background-image: url(&#039;https:\/\/pc.sc.gov.br\/\/wp-content\/uploads\/2023\/09\/WhatsApp-Image-2023-09-04-at-16.56.04-2.jpeg&#039;)\">\n\n\t\t\t\n\t\t\t\t\t<\/div>\n\t\t\t\t\t\t\t\t<\/div>\n\t\t\t\t\t\t\t\t\t\t\t<div class=\"swiper-slide\" role=\"group\" aria-roledescription=\"slide\">\n\t\t\t\t\t\t\t\t\t<div class=\"elementor-carousel-image\" role=\"img\" aria-label=\"WhatsApp Image 2023-09-04 at 16.56.04 (1)\" style=\"background-image: url(&#039;https:\/\/pc.sc.gov.br\/\/wp-content\/uploads\/2023\/09\/WhatsApp-Image-2023-09-04-at-16.56.04-1-1.jpeg&#039;)\">\n\n\t\t\t\n\t\t\t\t\t<\/div>\n\t\t\t\t\t\t\t\t<\/div>\n\t\t\t\t\t\t\t\t\t\t\t<div class=\"swiper-slide\" role=\"group\" aria-roledescription=\"slide\">\n\t\t\t\t\t\t\t\t\t<div class=\"elementor-carousel-image\" role=\"img\" aria-label=\"WhatsApp Image 2023-09-04 at 16.56.05\" style=\"background-image: url(&#039;https:\/\/pc.sc.gov.br\/\/wp-content\/uploads\/2023\/09\/WhatsApp-Image-2023-09-04-at-16.56.05-1.jpeg&#039;)\">\n\n\t\t\t\n\t\t\t\t\t<\/div>\n\t\t\t\t\t\t\t\t<\/div>\n\t\t\t\t\t\t\t\t\t\t\t<div class=\"swiper-slide\" role=\"group\" aria-roledescription=\"slide\">\n\t\t\t\t\t\t\t\t\t<div class=\"elementor-carousel-image\" role=\"img\" aria-label=\"WhatsApp Image 2023-09-04 at 16.56.06\" style=\"background-image: url(&#039;https:\/\/pc.sc.gov.br\/\/wp-content\/uploads\/2023\/09\/WhatsApp-Image-2023-09-04-at-16.56.06-3.jpeg&#039;)\">\n\n\t\t\t\n\t\t\t\t\t<\/div>\n\t\t\t\t\t\t\t\t<\/div>\n\t\t\t\t\t\t\t\t\t\t\t<div class=\"swiper-slide\" role=\"group\" aria-roledescription=\"slide\">\n\t\t\t\t\t\t\t\t\t<div class=\"elementor-carousel-image\" role=\"img\" aria-label=\"WhatsApp Image 2023-09-04 at 16.56.06 (1)\" style=\"background-image: url(&#039;https:\/\/pc.sc.gov.br\/\/wp-content\/uploads\/2023\/09\/WhatsApp-Image-2023-09-04-at-16.56.06-1-1.jpeg&#039;)\">\n\n\t\t\t\n\t\t\t\t\t<\/div>\n\t\t\t\t\t\t\t\t<\/div>\n\t\t\t\t\t\t\t\t\t\t\t<div class=\"swiper-slide\" role=\"group\" aria-roledescription=\"slide\">\n\t\t\t\t\t\t\t\t\t<div class=\"elementor-carousel-image\" role=\"img\" aria-label=\"WhatsApp Image 2023-09-04 at 16.56.06 (2)\" style=\"background-image: url(&#039;https:\/\/pc.sc.gov.br\/\/wp-content\/uploads\/2023\/09\/WhatsApp-Image-2023-09-04-at-16.56.06-2-1.jpeg&#039;)\">\n\n\t\t\t\n\t\t\t\t\t<\/div>\n\t\t\t\t\t\t\t\t<\/div>\n\t\t\t\t\t\t\t\t\t\t\t<div class=\"swiper-slide\" role=\"group\" aria-roledescription=\"slide\">\n\t\t\t\t\t\t\t\t\t<div class=\"elementor-carousel-image\" role=\"img\" aria-label=\"WhatsApp Image 2023-09-04 at 16.56.07\" style=\"background-image: url(&#039;https:\/\/pc.sc.gov.br\/\/wp-content\/uploads\/2023\/09\/WhatsApp-Image-2023-09-04-at-16.56.07-2.jpeg&#039;)\">\n\n\t\t\t\n\t\t\t\t\t<\/div>\n\t\t\t\t\t\t\t\t<\/div>\n\t\t\t\t\t\t\t\t\t\t\t<div class=\"swiper-slide\" role=\"group\" aria-roledescription=\"slide\">\n\t\t\t\t\t\t\t\t\t<div class=\"elementor-carousel-image\" role=\"img\" aria-label=\"WhatsApp Image 2023-09-04 at 16.56.07 (1)\" style=\"background-image: url(&#039;https:\/\/pc.sc.gov.br\/\/wp-content\/uploads\/2023\/09\/WhatsApp-Image-2023-09-04-at-16.56.07-1-1.jpeg&#039;)\">\n\n\t\t\t\n\t\t\t\t\t<\/div>\n\t\t\t\t\t\t\t\t<\/div>\n\t\t\t\t\t\t\t\t\t\t\t<div class=\"swiper-slide\" role=\"group\" aria-roledescription=\"slide\">\n\t\t\t\t\t\t\t\t\t<div class=\"elementor-carousel-image\" role=\"img\" aria-label=\"WhatsApp Image 2023-09-04 at 16.56.58\" style=\"background-image: url(&#039;https:\/\/pc.sc.gov.br\/\/wp-content\/uploads\/2023\/09\/WhatsApp-Image-2023-09-04-at-16.56.58.jpeg&#039;)\">\n\n\t\t\t\n\t\t\t\t\t<\/div>\n\t\t\t\t\t\t\t\t<\/div>\n\t\t\t\t\t\t\t\t\t\t\t<div class=\"swiper-slide\" role=\"group\" aria-roledescription=\"slide\">\n\t\t\t\t\t\t\t\t\t<div class=\"elementor-carousel-image\" role=\"img\" aria-label=\"WhatsApp Image 2023-09-04 at 16.56.59\" style=\"background-image: url(&#039;https:\/\/pc.sc.gov.br\/\/wp-content\/uploads\/2023\/09\/WhatsApp-Image-2023-09-04-at-16.56.59.jpeg&#039;)\">\n\n\t\t\t\n\t\t\t\t\t<\/div>\n\t\t\t\t\t\t\t\t<\/div>\n\t\t\t\t\t\t\t\t\t\t\t<div class=\"swiper-slide\" role=\"group\" aria-roledescription=\"slide\">\n\t\t\t\t\t\t\t\t\t<div class=\"elementor-carousel-image\" role=\"img\" aria-label=\"WhatsApp Image 2023-09-04 at 16.56.59 (2)\" style=\"background-image: url(&#039;https:\/\/pc.sc.gov.br\/\/wp-content\/uploads\/2023\/09\/WhatsApp-Image-2023-09-04-at-16.56.59-2.jpeg&#039;)\">\n\n\t\t\t\n\t\t\t\t\t<\/div>\n\t\t\t\t\t\t\t\t<\/div>\n\t\t\t\t\t\t\t\t\t\t\t<div class=\"swiper-slide\" role=\"group\" aria-roledescription=\"slide\">\n\t\t\t\t\t\t\t\t\t<div class=\"elementor-carousel-image\" role=\"img\" aria-label=\"WhatsApp Image 2023-09-04 at 16.57.00\" style=\"background-image: url(&#039;https:\/\/pc.sc.gov.br\/\/wp-content\/uploads\/2023\/09\/WhatsApp-Image-2023-09-04-at-16.57.00-3.jpeg&#039;)\">\n\n\t\t\t\n\t\t\t\t\t<\/div>\n\t\t\t\t\t\t\t\t<\/div>\n\t\t\t\t\t\t\t\t\t\t\t<div class=\"swiper-slide\" role=\"group\" aria-roledescription=\"slide\">\n\t\t\t\t\t\t\t\t\t<div class=\"elementor-carousel-image\" role=\"img\" aria-label=\"WhatsApp Image 2023-09-04 at 16.57.00 (1)\" style=\"background-image: url(&#039;https:\/\/pc.sc.gov.br\/\/wp-content\/uploads\/2023\/09\/WhatsApp-Image-2023-09-04-at-16.57.00-1-1.jpeg&#039;)\">\n\n\t\t\t\n\t\t\t\t\t<\/div>\n\t\t\t\t\t\t\t\t<\/div>\n\t\t\t\t\t\t\t\t\t\t\t<div class=\"swiper-slide\" role=\"group\" aria-roledescription=\"slide\">\n\t\t\t\t\t\t\t\t\t<div class=\"elementor-carousel-image\" role=\"img\" aria-label=\"WhatsApp Image 2023-09-04 at 16.57.00 (2)\" style=\"background-image: url(&#039;https:\/\/pc.sc.gov.br\/\/wp-content\/uploads\/2023\/09\/WhatsApp-Image-2023-09-04-at-16.57.00-2-2.jpeg&#039;)\">\n\n\t\t\t\n\t\t\t\t\t<\/div>\n\t\t\t\t\t\t\t\t<\/div>\n\t\t\t\t\t\t\t\t\t\t\t<div class=\"swiper-slide\" role=\"group\" aria-roledescription=\"slide\">\n\t\t\t\t\t\t\t\t\t<div class=\"elementor-carousel-image\" role=\"img\" aria-label=\"WhatsApp Image 2023-09-04 at 16.57.01\" style=\"background-image: url(&#039;https:\/\/pc.sc.gov.br\/\/wp-content\/uploads\/2023\/09\/WhatsApp-Image-2023-09-04-at-16.57.01-3.jpeg&#039;)\">\n\n\t\t\t\n\t\t\t\t\t<\/div>\n\t\t\t\t\t\t\t\t<\/div>\n\t\t\t\t\t\t\t\t\t\t\t<div class=\"swiper-slide\" role=\"group\" aria-roledescription=\"slide\">\n\t\t\t\t\t\t\t\t\t<div class=\"elementor-carousel-image\" role=\"img\" aria-label=\"WhatsApp Image 2023-09-04 at 16.57.01 (1)\" style=\"background-image: url(&#039;https:\/\/pc.sc.gov.br\/\/wp-content\/uploads\/2023\/09\/WhatsApp-Image-2023-09-04-at-16.57.01-1.jpeg&#039;)\">\n\n\t\t\t\n\t\t\t\t\t<\/div>\n\t\t\t\t\t\t\t\t<\/div>\n\t\t\t\t\t\t\t\t\t\t\t<div class=\"swiper-slide\" role=\"group\" aria-roledescription=\"slide\">\n\t\t\t\t\t\t\t\t\t<div class=\"elementor-carousel-image\" role=\"img\" aria-label=\"WhatsApp Image 2023-09-04 at 16.57.01 (2)\" style=\"background-image: url(&#039;https:\/\/pc.sc.gov.br\/\/wp-content\/uploads\/2023\/09\/WhatsApp-Image-2023-09-04-at-16.57.01-2-1.jpeg&#039;)\">\n\n\t\t\t\n\t\t\t\t\t<\/div>\n\t\t\t\t\t\t\t\t<\/div>\n\t\t\t\t\t\t\t\t\t\t\t<div class=\"swiper-slide\" role=\"group\" aria-roledescription=\"slide\">\n\t\t\t\t\t\t\t\t\t<div class=\"elementor-carousel-image\" role=\"img\" aria-label=\"WhatsApp Image 2023-09-04 at 16.57.02\" style=\"background-image: url(&#039;https:\/\/pc.sc.gov.br\/\/wp-content\/uploads\/2023\/09\/WhatsApp-Image-2023-09-04-at-16.57.02-1.jpeg&#039;)\">\n\n\t\t\t\n\t\t\t\t\t<\/div>\n\t\t\t\t\t\t\t\t<\/div>\n\t\t\t\t\t\t\t\t\t\t\t<div class=\"swiper-slide\" role=\"group\" aria-roledescription=\"slide\">\n\t\t\t\t\t\t\t\t\t<div class=\"elementor-carousel-image\" role=\"img\" aria-label=\"WhatsApp Image 2023-09-04 at 16.57.03\" style=\"background-image: url(&#039;https:\/\/pc.sc.gov.br\/\/wp-content\/uploads\/2023\/09\/WhatsApp-Image-2023-09-04-at-16.57.03-1.jpeg&#039;)\">\n\n\t\t\t\n\t\t\t\t\t<\/div>\n\t\t\t\t\t\t\t\t<\/div>\n\t\t\t\t\t\t\t\t\t\t\t<div class=\"swiper-slide\" role=\"group\" aria-roledescription=\"slide\">\n\t\t\t\t\t\t\t\t\t<div class=\"elementor-carousel-image\" role=\"img\" aria-label=\"WhatsApp Image 2023-09-04 at 16.56.01\" style=\"background-image: url(&#039;https:\/\/pc.sc.gov.br\/\/wp-content\/uploads\/2023\/09\/WhatsApp-Image-2023-09-04-at-16.56.01.jpeg&#039;)\">\n\n\t\t\t\n\t\t\t\t\t<\/div>\n\t\t\t\t\t\t\t\t<\/div>\n\t\t\t\t\t\t\t\t\t\t\t<div class=\"swiper-slide\" role=\"group\" aria-roledescription=\"slide\">\n\t\t\t\t\t\t\t\t\t<div class=\"elementor-carousel-image\" role=\"img\" aria-label=\"WhatsApp Image 2023-09-04 at 16.56.00 (3)\" style=\"background-image: url(&#039;https:\/\/pc.sc.gov.br\/\/wp-content\/uploads\/2023\/09\/WhatsApp-Image-2023-09-04-at-16.56.00-3.jpeg&#039;)\">\n\n\t\t\t\n\t\t\t\t\t<\/div>\n\t\t\t\t\t\t\t\t<\/div>\n\t\t\t\t\t\t\t\t\t\t\t<div class=\"swiper-slide\" role=\"group\" aria-roledescription=\"slide\">\n\t\t\t\t\t\t\t\t\t<div class=\"elementor-carousel-image\" role=\"img\" aria-label=\"WhatsApp Image 2023-09-04 at 16.56.00 (1)\" style=\"background-image: url(&#039;https:\/\/pc.sc.gov.br\/\/wp-content\/uploads\/2023\/09\/WhatsApp-Image-2023-09-04-at-16.56.00-1.jpeg&#039;)\">\n\n\t\t\t\n\t\t\t\t\t<\/div>\n\t\t\t\t\t\t\t\t<\/div>\n\t\t\t\t\t\t\t\t\t\t\t<div class=\"swiper-slide\" role=\"group\" aria-roledescription=\"slide\">\n\t\t\t\t\t\t\t\t\t<div class=\"elementor-carousel-image\" role=\"img\" aria-label=\"WhatsApp Image 2023-09-04 at 16.56.00\" style=\"background-image: url(&#039;https:\/\/pc.sc.gov.br\/\/wp-content\/uploads\/2023\/09\/WhatsApp-Image-2023-09-04-at-16.56.00.jpeg&#039;)\">\n\n\t\t\t\n\t\t\t\t\t<\/div>\n\t\t\t\t\t\t\t\t<\/div>\n\t\t\t\t\t\t\t\t\t\t\t<div class=\"swiper-slide\" role=\"group\" aria-roledescription=\"slide\">\n\t\t\t\t\t\t\t\t\t<div class=\"elementor-carousel-image\" role=\"img\" aria-label=\"WhatsApp Image 2023-09-04 at 16.56.06 (1)\" style=\"background-image: url(&#039;https:\/\/pc.sc.gov.br\/\/wp-content\/uploads\/2023\/09\/WhatsApp-Image-2023-09-04-at-16.56.06-1-1.jpeg&#039;)\">\n\n\t\t\t\n\t\t\t\t\t<\/div>\n\t\t\t\t\t\t\t\t<\/div>\n\t\t\t\t\t\t\t\t\t\t\t<div class=\"swiper-slide\" role=\"group\" aria-roledescription=\"slide\">\n\t\t\t\t\t\t\t\t\t<div class=\"elementor-carousel-image\" role=\"img\" aria-label=\"IMG_20230904_153816\" style=\"background-image: url(&#039;https:\/\/pc.sc.gov.br\/\/wp-content\/uploads\/2023\/09\/IMG_20230904_153816.jpg&#039;)\">\n\n\t\t\t\n\t\t\t\t\t<\/div>\n\t\t\t\t\t\t\t\t<\/div>\n\t\t\t\t\t\t\t\t\t<\/div>\n\t\t\t\t\t\t\t\t\t\t\t\t\t\t\t<div class=\"elementor-swiper-button elementor-swiper-button-prev\" role=\"button\" tabindex=\"0\" aria-label=\"Previous\">\n\t\t\t\t\t\t\t<i aria-hidden=\"true\" class=\"eicon-chevron-left\"><\/i>\t\t\t\t\t\t<\/div>\n\t\t\t\t\t\t<div class=\"elementor-swiper-button elementor-swiper-button-next\" role=\"button\" tabindex=\"0\" aria-label=\"Next\">\n\t\t\t\t\t\t\t<i aria-hidden=\"true\" class=\"eicon-chevron-right\"><\/i>\t\t\t\t\t\t<\/div>\n\t\t\t\t\t\t\t\t\t\t\t\t\t\t\t\t<div class=\"swiper-pagination\"><\/div>\n\t\t\t\t\t\t\t\t\t\t\t\t<\/div>\n\t\t\t\t<\/div>\n\t\t\t\t\t\t\t\t<\/div>\n\t\t\t\t<\/div>\n\t\t\t\t\t<\/div>\n\t\t<\/div>\n\t\t\t\t\t<\/div>\n\t\t<\/section>\n\t\t\t\t<\/div>\n\t\t","protected":false},"excerpt":{"rendered":"<p>Pol\u00edcia Civil homenageia servidores com 30, 35 e 45 anos de servi\u00e7os prestados \u00e0 institui\u00e7\u00e3o A Pol\u00edcia Civil de Santa Catarina, por meio da Ger\u00eancia de Pessoas, realizou nesta segunda-feira (04) uma solenidade para homenagear 29 agentes de policiais, escriv\u00e3es, psic\u00f3logos policiais e delegados que atuam h\u00e1 30, 35 e 40 anos na PCSC.&nbsp; O [&hellip;]<\/p>\n","protected":false},"author":5,"featured_media":13173,"comment_status":"closed","ping_status":"open","sticky":false,"template":"","format":"standard","meta":{"_monsterinsights_skip_tracking":false,"_monsterinsights_sitenote_active":false,"_monsterinsights_sitenote_note":"","_monsterinsights_sitenote_category":0,"footnotes":""},"categories":[1],"tags":[],"class_list":["post-13169","post","type-post","status-publish","format-standard","has-post-thumbnail","hentry","category-sem-categoria"],"_links":{"self":[{"href":"https:\/\/pc.sc.gov.br\/index.php?rest_route=\/wp\/v2\/posts\/13169","targetHints":{"allow":["GET"]}}],"collection":[{"href":"https:\/\/pc.sc.gov.br\/index.php?rest_route=\/wp\/v2\/posts"}],"about":[{"href":"https:\/\/pc.sc.gov.br\/index.php?rest_route=\/wp\/v2\/types\/post"}],"author":[{"embeddable":true,"href":"https:\/\/pc.sc.gov.br\/index.php?rest_route=\/wp\/v2\/users\/5"}],"replies":[{"embeddable":true,"href":"https:\/\/pc.sc.gov.br\/index.php?rest_route=%2Fwp%2Fv2%2Fcomments&post=13169"}],"version-history":[{"count":4,"href":"https:\/\/pc.sc.gov.br\/index.php?rest_route=\/wp\/v2\/posts\/13169\/revisions"}],"predecessor-version":[{"id":13227,"href":"https:\/\/pc.sc.gov.br\/index.php?rest_route=\/wp\/v2\/posts\/13169\/revisions\/13227"}],"wp:featuredmedia":[{"embeddable":true,"href":"https:\/\/pc.sc.gov.br\/index.php?rest_route=\/wp\/v2\/media\/13173"}],"wp:attachment":[{"href":"https:\/\/pc.sc.gov.br\/index.php?rest_route=%2Fwp%2Fv2%2Fmedia&parent=13169"}],"wp:term":[{"taxonomy":"category","embeddable":true,"href":"https:\/\/pc.sc.gov.br\/index.php?rest_route=%2Fwp%2Fv2%2Fcategories&post=13169"},{"taxonomy":"post_tag","embeddable":true,"href":"https:\/\/pc.sc.gov.br\/index.php?rest_route=%2Fwp%2Fv2%2Ftags&post=13169"}],"curies":[{"name":"wp","href":"https:\/\/api.w.org\/{rel}","templated":true}]}}