{"id":13228,"date":"2023-09-04T18:13:22","date_gmt":"2023-09-04T21:13:22","guid":{"rendered":"https:\/\/pc.sc.gov.br\/?p=13228"},"modified":"2023-09-04T18:14:19","modified_gmt":"2023-09-04T21:14:19","slug":"policia-civil-cumpre-mandado-de-prisao-de-autor-de-roubo-na-comarca-de-pinhalzinho","status":"publish","type":"post","link":"https:\/\/pc.sc.gov.br\/?p=13228","title":{"rendered":"Pol\u00edcia Civil cumpre mandado de pris\u00e3o de autor de roubo na comarca de Pinhalzinho"},"content":{"rendered":"\t\t<div data-elementor-type=\"wp-post\" data-elementor-id=\"13228\" class=\"elementor elementor-13228\" data-elementor-post-type=\"post\">\n\t\t\t\t\t\t<section class=\"elementor-section elementor-top-section elementor-element elementor-element-9447070 elementor-section-boxed elementor-section-height-default elementor-section-height-default\" data-id=\"9447070\" data-element_type=\"section\">\n\t\t\t\t\t\t<div class=\"elementor-container elementor-column-gap-default\">\n\t\t\t\t\t<div class=\"elementor-column elementor-col-100 elementor-top-column elementor-element elementor-element-4dfed7d\" data-id=\"4dfed7d\" data-element_type=\"column\">\n\t\t\t<div class=\"elementor-widget-wrap elementor-element-populated\">\n\t\t\t\t\t\t<div class=\"elementor-element elementor-element-4e0d62b elementor-widget elementor-widget-heading\" data-id=\"4e0d62b\" data-element_type=\"widget\" data-widget_type=\"heading.default\">\n\t\t\t\t<div class=\"elementor-widget-container\">\n\t\t\t\t\t<h2 class=\"elementor-heading-title elementor-size-default\">Pol\u00edcia Civil cumpre mandado de pris\u00e3o de autor de roubo na comarca de Pinhalzinho<\/h2>\t\t\t\t<\/div>\n\t\t\t\t<\/div>\n\t\t\t\t\t<\/div>\n\t\t<\/div>\n\t\t\t\t\t<\/div>\n\t\t<\/section>\n\t\t\t\t<section class=\"elementor-section elementor-top-section elementor-element elementor-element-bf8babd elementor-section-boxed elementor-section-height-default elementor-section-height-default\" data-id=\"bf8babd\" data-element_type=\"section\">\n\t\t\t\t\t\t<div class=\"elementor-container elementor-column-gap-default\">\n\t\t\t\t\t<div class=\"elementor-column elementor-col-100 elementor-top-column elementor-element elementor-element-98ea3e7\" data-id=\"98ea3e7\" data-element_type=\"column\">\n\t\t\t<div class=\"elementor-widget-wrap elementor-element-populated\">\n\t\t\t\t\t\t<div class=\"elementor-element elementor-element-9a6dff5 elementor-widget elementor-widget-image\" data-id=\"9a6dff5\" data-element_type=\"widget\" data-widget_type=\"image.default\">\n\t\t\t\t<div class=\"elementor-widget-container\">\n\t\t\t\t\t\t\t\t\t\t\t\t\t\t\t<img fetchpriority=\"high\" decoding=\"async\" width=\"696\" height=\"581\" src=\"https:\/\/pc.sc.gov.br\/\/wp-content\/uploads\/2023\/09\/WhatsApp-Image-2023-09-04-at-17.53.39-1.jpeg\" class=\"attachment-large size-large wp-image-13229\" alt=\"\" srcset=\"https:\/\/pc.sc.gov.br\/\/wp-content\/uploads\/2023\/09\/WhatsApp-Image-2023-09-04-at-17.53.39-1.jpeg 909w, https:\/\/pc.sc.gov.br\/\/wp-content\/uploads\/2023\/09\/WhatsApp-Image-2023-09-04-at-17.53.39-1-300x250.jpeg 300w, https:\/\/pc.sc.gov.br\/\/wp-content\/uploads\/2023\/09\/WhatsApp-Image-2023-09-04-at-17.53.39-1-768x641.jpeg 768w\" sizes=\"(max-width: 696px) 100vw, 696px\" \/>\t\t\t\t\t\t\t\t\t\t\t\t\t\t\t<\/div>\n\t\t\t\t<\/div>\n\t\t\t\t\t<\/div>\n\t\t<\/div>\n\t\t\t\t\t<\/div>\n\t\t<\/section>\n\t\t\t\t<section class=\"elementor-section elementor-top-section elementor-element elementor-element-7a79fd7 elementor-section-boxed elementor-section-height-default elementor-section-height-default\" data-id=\"7a79fd7\" data-element_type=\"section\">\n\t\t\t\t\t\t<div class=\"elementor-container elementor-column-gap-default\">\n\t\t\t\t\t<div class=\"elementor-column elementor-col-100 elementor-top-column elementor-element elementor-element-c4db80d\" data-id=\"c4db80d\" data-element_type=\"column\">\n\t\t\t<div class=\"elementor-widget-wrap elementor-element-populated\">\n\t\t\t\t\t\t<div class=\"elementor-element elementor-element-b770686 elementor-widget elementor-widget-text-editor\" data-id=\"b770686\" data-element_type=\"widget\" data-widget_type=\"text-editor.default\">\n\t\t\t\t<div class=\"elementor-widget-container\">\n\t\t\t\t\t\t\t\t\t<p>A Pol\u00edcia Civil de Santa Catarina, por meio da Divis\u00e3o de investiga\u00e7\u00f5es Criminais (DIC) de Chapec\u00f3, cumpriu nesta segunda-feira (04), na Linha Rodeio Chato, localidade de Chapec\u00f3, um mandado de pris\u00e3o de senten\u00e7a definitiva contra um homem.<\/p><p>O mandado foi expedido pela Comarca de Pinhalzinho, que condenou o homem por ter praticado crime de roubo. A condena\u00e7\u00e3o passa de 9 anos de reclus\u00e3o. Ap\u00f3s o conhecimento que o referido homem pudesse estar residindo nesta cidade, dilig\u00eancias investigativas foram realizadas pela equipe da DIC, obtendo \u00eaxito na pris\u00e3o.<\/p><p>Ap\u00f3s os tr\u00e2mites legais na Delegacia de Pol\u00edcia o homem foi encaminhado \u00e0 Penitenci\u00e1ria de Chapec\u00f3, onde aguardar\u00e1 a disposi\u00e7\u00e3o da Justi\u00e7a.<\/p>\t\t\t\t\t\t\t\t<\/div>\n\t\t\t\t<\/div>\n\t\t\t\t\t<\/div>\n\t\t<\/div>\n\t\t\t\t\t<\/div>\n\t\t<\/section>\n\t\t\t\t<\/div>\n\t\t","protected":false},"excerpt":{"rendered":"<p>Pol\u00edcia Civil cumpre mandado de pris\u00e3o de autor de roubo na comarca de Pinhalzinho A Pol\u00edcia Civil de Santa Catarina, por meio da Divis\u00e3o de investiga\u00e7\u00f5es Criminais (DIC) de Chapec\u00f3, cumpriu nesta segunda-feira (04), na Linha Rodeio Chato, localidade de Chapec\u00f3, um mandado de pris\u00e3o de senten\u00e7a definitiva contra um homem. O mandado foi expedido [&hellip;]<\/p>\n","protected":false},"author":5,"featured_media":13229,"comment_status":"closed","ping_status":"open","sticky":false,"template":"","format":"standard","meta":{"_monsterinsights_skip_tracking":false,"_monsterinsights_sitenote_active":false,"_monsterinsights_sitenote_note":"","_monsterinsights_sitenote_category":0,"footnotes":""},"categories":[1],"tags":[],"class_list":["post-13228","post","type-post","status-publish","format-standard","has-post-thumbnail","hentry","category-sem-categoria"],"_links":{"self":[{"href":"https:\/\/pc.sc.gov.br\/index.php?rest_route=\/wp\/v2\/posts\/13228","targetHints":{"allow":["GET"]}}],"collection":[{"href":"https:\/\/pc.sc.gov.br\/index.php?rest_route=\/wp\/v2\/posts"}],"about":[{"href":"https:\/\/pc.sc.gov.br\/index.php?rest_route=\/wp\/v2\/types\/post"}],"author":[{"embeddable":true,"href":"https:\/\/pc.sc.gov.br\/index.php?rest_route=\/wp\/v2\/users\/5"}],"replies":[{"embeddable":true,"href":"https:\/\/pc.sc.gov.br\/index.php?rest_route=%2Fwp%2Fv2%2Fcomments&post=13228"}],"version-history":[{"count":4,"href":"https:\/\/pc.sc.gov.br\/index.php?rest_route=\/wp\/v2\/posts\/13228\/revisions"}],"predecessor-version":[{"id":13233,"href":"https:\/\/pc.sc.gov.br\/index.php?rest_route=\/wp\/v2\/posts\/13228\/revisions\/13233"}],"wp:featuredmedia":[{"embeddable":true,"href":"https:\/\/pc.sc.gov.br\/index.php?rest_route=\/wp\/v2\/media\/13229"}],"wp:attachment":[{"href":"https:\/\/pc.sc.gov.br\/index.php?rest_route=%2Fwp%2Fv2%2Fmedia&parent=13228"}],"wp:term":[{"taxonomy":"category","embeddable":true,"href":"https:\/\/pc.sc.gov.br\/index.php?rest_route=%2Fwp%2Fv2%2Fcategories&post=13228"},{"taxonomy":"post_tag","embeddable":true,"href":"https:\/\/pc.sc.gov.br\/index.php?rest_route=%2Fwp%2Fv2%2Ftags&post=13228"}],"curies":[{"name":"wp","href":"https:\/\/api.w.org\/{rel}","templated":true}]}}