{"id":13236,"date":"2023-09-05T14:09:19","date_gmt":"2023-09-05T17:09:19","guid":{"rendered":"https:\/\/pc.sc.gov.br\/?p=13236"},"modified":"2023-09-05T14:10:17","modified_gmt":"2023-09-05T17:10:17","slug":"em-chapeco-numero-de-homicidios-cai-cerca-de-55-este-ano","status":"publish","type":"post","link":"https:\/\/pc.sc.gov.br\/?p=13236","title":{"rendered":"Em Chapec\u00f3, n\u00famero de homic\u00eddios cai cerca de 55% este ano"},"content":{"rendered":"\t\t<div data-elementor-type=\"wp-post\" data-elementor-id=\"13236\" class=\"elementor elementor-13236\" data-elementor-post-type=\"post\">\n\t\t\t\t\t\t<section class=\"elementor-section elementor-top-section elementor-element elementor-element-d36f6ab elementor-section-boxed elementor-section-height-default elementor-section-height-default\" data-id=\"d36f6ab\" data-element_type=\"section\">\n\t\t\t\t\t\t<div class=\"elementor-container elementor-column-gap-default\">\n\t\t\t\t\t<div class=\"elementor-column elementor-col-100 elementor-top-column elementor-element elementor-element-da9743a\" data-id=\"da9743a\" data-element_type=\"column\">\n\t\t\t<div class=\"elementor-widget-wrap elementor-element-populated\">\n\t\t\t\t\t\t<div class=\"elementor-element elementor-element-f312c76 elementor-widget elementor-widget-heading\" data-id=\"f312c76\" data-element_type=\"widget\" data-widget_type=\"heading.default\">\n\t\t\t\t<div class=\"elementor-widget-container\">\n\t\t\t\t\t<h2 class=\"elementor-heading-title elementor-size-default\">Em Chapec\u00f3, n\u00famero de homic\u00eddios cai cerca de 55% este ano<\/h2>\t\t\t\t<\/div>\n\t\t\t\t<\/div>\n\t\t\t\t\t<\/div>\n\t\t<\/div>\n\t\t\t\t\t<\/div>\n\t\t<\/section>\n\t\t\t\t<section class=\"elementor-section elementor-top-section elementor-element elementor-element-a7c07e5 elementor-section-boxed elementor-section-height-default elementor-section-height-default\" data-id=\"a7c07e5\" data-element_type=\"section\">\n\t\t\t\t\t\t<div class=\"elementor-container elementor-column-gap-default\">\n\t\t\t\t\t<div class=\"elementor-column elementor-col-100 elementor-top-column elementor-element elementor-element-fff0ae4\" data-id=\"fff0ae4\" data-element_type=\"column\">\n\t\t\t<div class=\"elementor-widget-wrap elementor-element-populated\">\n\t\t\t\t\t\t<div class=\"elementor-element elementor-element-29500c0 elementor-widget elementor-widget-image\" data-id=\"29500c0\" data-element_type=\"widget\" data-widget_type=\"image.default\">\n\t\t\t\t<div class=\"elementor-widget-container\">\n\t\t\t\t\t\t\t\t\t\t\t\t\t\t\t<img fetchpriority=\"high\" decoding=\"async\" width=\"477\" height=\"430\" src=\"https:\/\/pc.sc.gov.br\/\/wp-content\/uploads\/2023\/09\/WhatsApp-Image-2023-09-05-at-14.06.51.jpeg\" class=\"attachment-large size-large wp-image-13237\" alt=\"\" srcset=\"https:\/\/pc.sc.gov.br\/\/wp-content\/uploads\/2023\/09\/WhatsApp-Image-2023-09-05-at-14.06.51.jpeg 477w, https:\/\/pc.sc.gov.br\/\/wp-content\/uploads\/2023\/09\/WhatsApp-Image-2023-09-05-at-14.06.51-300x270.jpeg 300w\" sizes=\"(max-width: 477px) 100vw, 477px\" \/>\t\t\t\t\t\t\t\t\t\t\t\t\t\t\t<\/div>\n\t\t\t\t<\/div>\n\t\t\t\t\t<\/div>\n\t\t<\/div>\n\t\t\t\t\t<\/div>\n\t\t<\/section>\n\t\t\t\t<section class=\"elementor-section elementor-top-section elementor-element elementor-element-690e492 elementor-section-boxed elementor-section-height-default elementor-section-height-default\" data-id=\"690e492\" data-element_type=\"section\">\n\t\t\t\t\t\t<div class=\"elementor-container elementor-column-gap-default\">\n\t\t\t\t\t<div class=\"elementor-column elementor-col-100 elementor-top-column elementor-element elementor-element-f3ad363\" data-id=\"f3ad363\" data-element_type=\"column\">\n\t\t\t<div class=\"elementor-widget-wrap elementor-element-populated\">\n\t\t\t\t\t\t<div class=\"elementor-element elementor-element-c046eae elementor-widget elementor-widget-text-editor\" data-id=\"c046eae\" data-element_type=\"widget\" data-widget_type=\"text-editor.default\">\n\t\t\t\t<div class=\"elementor-widget-container\">\n\t\t\t\t\t\t\t\t\t<p>De acordo an\u00e1lise da Pol\u00edcia Civil de Santa Catarina, o munic\u00edpio de Chapec\u00f3 encerrou o m\u00eas de agosto de 2023 com o menor n\u00famero de homic\u00eddios j\u00e1 registrado em sua hist\u00f3ria, ao menos nos dados dos \u00faltimos 20 (vinte) anos.<span style=\"font-family: var( --e-global-typography-primary-font-family ), Sans-serif; font-size: var( --e-global-typography-primary-font-size ); font-weight: var( --e-global-typography-primary-font-weight ); letter-spacing: var( --e-global-typography-primary-letter-spacing );\">&nbsp;<\/span><\/p><p>Nos oito primeiros meses deste ano foram registrados oito homic\u00eddios. No mesmo per\u00edodo do ano passado ocorreram 18 mortes. Se compararmos com o mesmo per\u00edodo de 2022, hove uma queda de aproximadamente 55% dos casos.<\/p><p>Para o delegado Vagner Papini, Coordenador da Divis\u00e3o de Investiga\u00e7\u00e3o Criminal de Fronteira (DICFron) de Chapec\u00f3, a redu\u00e7\u00e3o no n\u00famero de homic\u00eddios ocorre por diversos fatores, dentre eles a jun\u00e7\u00e3o de esfor\u00e7os entre as for\u00e7as de seguran\u00e7a. \u201cBem como a dedica\u00e7\u00e3o e o comprometimento dos policiais civis respons\u00e1veis pela apura\u00e7\u00e3o dos crimes, al\u00e9m do apoio e confian\u00e7a prestados pela 12\u00aa Delegacia Regional, Diretoria de Pol\u00edcia de Fronteira e Delegacia Geral de Pol\u00edcia Civil\u201d, disse Papini.<\/p><p>O Delegado Regional de Chapec\u00f3, Danilo da Silva Fernandes, destacou que o elevado n\u00famero de resolu\u00e7\u00e3o dos homic\u00eddios registrados em Chapec\u00f3, reduz o sentimento de impunidade, pela identifica\u00e7\u00e3o e pris\u00e3o dos suspeitos. \u201cE, por consequ\u00eancia, melhora a preven\u00e7\u00e3o a mortes violentas, de modo que se transmite um recado bem claro ao cidad\u00e3o: se matar, ser\u00e1 identificado e punido\u201d, enfatizou o delegado Danilo.<span style=\"font-family: var( --e-global-typography-primary-font-family ), Sans-serif; font-size: var( --e-global-typography-primary-font-size ); font-weight: var( --e-global-typography-primary-font-weight ); letter-spacing: var( --e-global-typography-primary-letter-spacing );\">&nbsp;<\/span><\/p><p>Por fim, o Diretor de Pol\u00edcia de Fronteira (DIFRON), delegado Fernando Callfass, ressaltou que a queda no \u00edndice de homic\u00eddios ocorre toda a Diretoria, uma vez que a regi\u00e3o Oeste lidera o n\u00famero de resolu\u00e7\u00e3o dos casos envolvendo mortes violentas.<\/p>\t\t\t\t\t\t\t\t<\/div>\n\t\t\t\t<\/div>\n\t\t\t\t\t<\/div>\n\t\t<\/div>\n\t\t\t\t\t<\/div>\n\t\t<\/section>\n\t\t\t\t<\/div>\n\t\t","protected":false},"excerpt":{"rendered":"<p>Em Chapec\u00f3, n\u00famero de homic\u00eddios cai cerca de 55% este ano De acordo an\u00e1lise da Pol\u00edcia Civil de Santa Catarina, o munic\u00edpio de Chapec\u00f3 encerrou o m\u00eas de agosto de 2023 com o menor n\u00famero de homic\u00eddios j\u00e1 registrado em sua hist\u00f3ria, ao menos nos dados dos \u00faltimos 20 (vinte) anos.&nbsp; Nos oito primeiros meses [&hellip;]<\/p>\n","protected":false},"author":5,"featured_media":13237,"comment_status":"closed","ping_status":"open","sticky":false,"template":"","format":"standard","meta":{"_monsterinsights_skip_tracking":false,"_monsterinsights_sitenote_active":false,"_monsterinsights_sitenote_note":"","_monsterinsights_sitenote_category":0,"footnotes":""},"categories":[1],"tags":[],"class_list":["post-13236","post","type-post","status-publish","format-standard","has-post-thumbnail","hentry","category-sem-categoria"],"_links":{"self":[{"href":"https:\/\/pc.sc.gov.br\/index.php?rest_route=\/wp\/v2\/posts\/13236","targetHints":{"allow":["GET"]}}],"collection":[{"href":"https:\/\/pc.sc.gov.br\/index.php?rest_route=\/wp\/v2\/posts"}],"about":[{"href":"https:\/\/pc.sc.gov.br\/index.php?rest_route=\/wp\/v2\/types\/post"}],"author":[{"embeddable":true,"href":"https:\/\/pc.sc.gov.br\/index.php?rest_route=\/wp\/v2\/users\/5"}],"replies":[{"embeddable":true,"href":"https:\/\/pc.sc.gov.br\/index.php?rest_route=%2Fwp%2Fv2%2Fcomments&post=13236"}],"version-history":[{"count":4,"href":"https:\/\/pc.sc.gov.br\/index.php?rest_route=\/wp\/v2\/posts\/13236\/revisions"}],"predecessor-version":[{"id":13241,"href":"https:\/\/pc.sc.gov.br\/index.php?rest_route=\/wp\/v2\/posts\/13236\/revisions\/13241"}],"wp:featuredmedia":[{"embeddable":true,"href":"https:\/\/pc.sc.gov.br\/index.php?rest_route=\/wp\/v2\/media\/13237"}],"wp:attachment":[{"href":"https:\/\/pc.sc.gov.br\/index.php?rest_route=%2Fwp%2Fv2%2Fmedia&parent=13236"}],"wp:term":[{"taxonomy":"category","embeddable":true,"href":"https:\/\/pc.sc.gov.br\/index.php?rest_route=%2Fwp%2Fv2%2Fcategories&post=13236"},{"taxonomy":"post_tag","embeddable":true,"href":"https:\/\/pc.sc.gov.br\/index.php?rest_route=%2Fwp%2Fv2%2Ftags&post=13236"}],"curies":[{"name":"wp","href":"https:\/\/api.w.org\/{rel}","templated":true}]}}