{"id":13255,"date":"2023-09-05T18:23:55","date_gmt":"2023-09-05T21:23:55","guid":{"rendered":"https:\/\/pc.sc.gov.br\/?p=13255"},"modified":"2023-09-05T18:42:02","modified_gmt":"2023-09-05T21:42:02","slug":"seminario-na-acadepol-debate-passado-futuro-e-presente-da-policia-civil-de-santa-catarina","status":"publish","type":"post","link":"https:\/\/pc.sc.gov.br\/?p=13255","title":{"rendered":"Semin\u00e1rio na Acadepol debate passado, futuro e presente da Pol\u00edcia Civil de Santa Catarina"},"content":{"rendered":"\t\t<div data-elementor-type=\"wp-post\" data-elementor-id=\"13255\" class=\"elementor elementor-13255\" data-elementor-post-type=\"post\">\n\t\t\t\t\t\t<section class=\"elementor-section elementor-top-section elementor-element elementor-element-375931f elementor-section-boxed elementor-section-height-default elementor-section-height-default\" data-id=\"375931f\" data-element_type=\"section\">\n\t\t\t\t\t\t<div class=\"elementor-container elementor-column-gap-default\">\n\t\t\t\t\t<div class=\"elementor-column elementor-col-100 elementor-top-column elementor-element elementor-element-a6f7359\" data-id=\"a6f7359\" data-element_type=\"column\">\n\t\t\t<div class=\"elementor-widget-wrap elementor-element-populated\">\n\t\t\t\t\t\t<div class=\"elementor-element elementor-element-a8915cf elementor-widget elementor-widget-heading\" data-id=\"a8915cf\" data-element_type=\"widget\" data-widget_type=\"heading.default\">\n\t\t\t\t<div class=\"elementor-widget-container\">\n\t\t\t\t\t<h2 class=\"elementor-heading-title elementor-size-default\">Semin\u00e1rio na Acadepol debate passado, futuro e presente da Pol\u00edcia Civil de Santa Catarinalo aqui<\/h2>\t\t\t\t<\/div>\n\t\t\t\t<\/div>\n\t\t\t\t\t<\/div>\n\t\t<\/div>\n\t\t\t\t\t<\/div>\n\t\t<\/section>\n\t\t\t\t<section class=\"elementor-section elementor-top-section elementor-element elementor-element-0272ca6 elementor-section-boxed elementor-section-height-default elementor-section-height-default\" data-id=\"0272ca6\" data-element_type=\"section\">\n\t\t\t\t\t\t<div class=\"elementor-container elementor-column-gap-default\">\n\t\t\t\t\t<div class=\"elementor-column elementor-col-100 elementor-top-column elementor-element elementor-element-1352071\" data-id=\"1352071\" data-element_type=\"column\">\n\t\t\t<div class=\"elementor-widget-wrap elementor-element-populated\">\n\t\t\t\t\t\t<div class=\"elementor-element elementor-element-f420b89 elementor-widget elementor-widget-image\" data-id=\"f420b89\" data-element_type=\"widget\" data-widget_type=\"image.default\">\n\t\t\t\t<div class=\"elementor-widget-container\">\n\t\t\t\t\t\t\t\t\t\t\t\t\t\t\t<img fetchpriority=\"high\" decoding=\"async\" width=\"696\" height=\"462\" src=\"https:\/\/pc.sc.gov.br\/\/wp-content\/uploads\/2023\/09\/ULISSES-02-1-1024x680.jpg\" class=\"attachment-large size-large wp-image-13259\" alt=\"\" srcset=\"https:\/\/pc.sc.gov.br\/\/wp-content\/uploads\/2023\/09\/ULISSES-02-1-1024x680.jpg 1024w, https:\/\/pc.sc.gov.br\/\/wp-content\/uploads\/2023\/09\/ULISSES-02-1-300x199.jpg 300w, https:\/\/pc.sc.gov.br\/\/wp-content\/uploads\/2023\/09\/ULISSES-02-1-768x510.jpg 768w, https:\/\/pc.sc.gov.br\/\/wp-content\/uploads\/2023\/09\/ULISSES-02-1-1536x1020.jpg 1536w, https:\/\/pc.sc.gov.br\/\/wp-content\/uploads\/2023\/09\/ULISSES-02-1.jpg 1579w\" sizes=\"(max-width: 696px) 100vw, 696px\" \/>\t\t\t\t\t\t\t\t\t\t\t\t\t\t\t<\/div>\n\t\t\t\t<\/div>\n\t\t\t\t\t<\/div>\n\t\t<\/div>\n\t\t\t\t\t<\/div>\n\t\t<\/section>\n\t\t\t\t<section class=\"elementor-section elementor-top-section elementor-element elementor-element-b2bed62 elementor-section-boxed elementor-section-height-default elementor-section-height-default\" data-id=\"b2bed62\" data-element_type=\"section\">\n\t\t\t\t\t\t<div class=\"elementor-container elementor-column-gap-default\">\n\t\t\t\t\t<div class=\"elementor-column elementor-col-100 elementor-top-column elementor-element elementor-element-543f396\" data-id=\"543f396\" data-element_type=\"column\">\n\t\t\t<div class=\"elementor-widget-wrap elementor-element-populated\">\n\t\t\t\t\t\t<div class=\"elementor-element elementor-element-232a88b elementor-widget elementor-widget-text-editor\" data-id=\"232a88b\" data-element_type=\"widget\" data-widget_type=\"text-editor.default\">\n\t\t\t\t<div class=\"elementor-widget-container\">\n\t\t\t\t\t\t\t\t\t<p>A Pol\u00edcia Civil de Santa Catarina realizou nesta ter\u00e7a-feira (5), na sede da Acadepol, em Florian\u00f3polis, o Semin\u00e1rio 211 anos \u2013 passado, presente e futuro. Na abertura do evento, o delegado-geral, Ulisses Gabriel, destacou que a Pol\u00edcia Civil \u00e9 uma institui\u00e7\u00e3o que se aprimora dia a dia. Para o delegado-geral, os investimentos em tecnologia, intelig\u00eancia e capacita\u00e7\u00e3o de todos os policiais s\u00e3o os pilares da Pol\u00edcia Civil de Santa Catarina. \u201cChegamos at\u00e9 aqui porque voc\u00eas abriram os caminhos, enfrentaram as dificuldades e criaram solu\u00e7\u00f5es\u201d, destacou o delegado-geral.\u00a0<\/p><p>O passado hist\u00f3rico da Pol\u00edcia Civil, com seus fatos marcantes e grandes investiga\u00e7\u00f5es foram apresentados pelo delegado Alber Rosa de Figueiredo, demonstrando a import\u00e2ncia que cada servidor teve, independente de sua fun\u00e7\u00e3o, na constru\u00e7\u00e3o de uma institui\u00e7\u00e3o s\u00f3lida e respeitada pelos catarinenses.\u00a0<\/p><p>Investiga\u00e7\u00e3o Criminal: do tradicional ao tecnol\u00f3gico foi o tema da mesa-redonda que contou com a presen\u00e7a do delegado Dirceu Augusto Silveira Junior, do agente de pol\u00edcia Emerson Ligio da Silva, o psic\u00f3logo policial civil Marcos \u00c9rico Hoffman e o escriv\u00e3o de Pol\u00edcia Eltons Aguiar Ramos.<\/p><p>Outro tema que chamou a aten\u00e7\u00e3o dos participantes foi o debate sobre a transi\u00e7\u00e3o da atividade para a aposentadoria, momento especial na vida dos policiais. Para debater o tema, as psic\u00f3logas policiais civis Clarice da Silva, Michelle Vecchi, M\u00f4nica da Silva. Na pauta do debate a import\u00e2ncia em reconhecer o seu papel profissional e pessoal e manter-se ativo em busca de descobertas.\u00a0<\/p><p>No encerramento, o delegado-geral, Ulisses Gabriel, apresentou o planejamento estrat\u00e9gico, elaborado com a participa\u00e7\u00e3o dos policiais civis, por meio de uma pesquisa, onde os profissionais da PCSC apresentaram suas demandas para melhor exercer suas atividades. Ulisses Gabriel destacou que a PCSC \u00e9 uma refer\u00eancia em Pol\u00edcia Judici\u00e1ria no Brasil e caminha para ser uma das melhores do mundo. Ele destacou que com frequ\u00eancia, que os policiais civis sejam eles, agentes de pol\u00edcia, escriv\u00e3es ou delegados est\u00e3o participando de cursos de forma\u00e7\u00e3o nas melhores institui\u00e7\u00f5es do mundo.\u00a0\u00a0<\/p><p>Como forma de reverenciar os policiais civis presentes ao evento, o delegado Ulisses e o Diretor da Acadepol, Andr\u00e9 Luiz Bermudez, prestaram uma homenagem para os seguintes policiais aposentados: Antonio Alexandre Kale; Andr\u00e9 Marcelino; Creusa Maria Longuinho; Helto de Aguiar Ramos; Jos\u00e9 Maria dos Santos; Jussara Assis dos Santos; Lucinei Aparecida Colla; Marcelo Augusto Severino; Marilene Cristina Ortmeier; Mauro Dutra; Nadia Regina Wiethron; Raquiani Aparecida Mees; Renato Carneiro do Amaral; Rosana Campigotto; Sebasti\u00e3o Heraldo de Lemos; Suzi Aparecida Bussolo Milanez; Maria Niles Orben.<\/p><p>\u00a0<\/p>\t\t\t\t\t\t\t\t<\/div>\n\t\t\t\t<\/div>\n\t\t\t\t\t<\/div>\n\t\t<\/div>\n\t\t\t\t\t<\/div>\n\t\t<\/section>\n\t\t\t\t<\/div>\n\t\t","protected":false},"excerpt":{"rendered":"<p>Semin\u00e1rio na Acadepol debate passado, futuro e presente da Pol\u00edcia Civil de Santa Catarinalo aqui A Pol\u00edcia Civil de Santa Catarina realizou nesta ter\u00e7a-feira (5), na sede da Acadepol, em Florian\u00f3polis, o Semin\u00e1rio 211 anos \u2013 passado, presente e futuro. Na abertura do evento, o delegado-geral, Ulisses Gabriel, destacou que a Pol\u00edcia Civil \u00e9 uma [&hellip;]<\/p>\n","protected":false},"author":5,"featured_media":13266,"comment_status":"closed","ping_status":"open","sticky":false,"template":"","format":"standard","meta":{"_monsterinsights_skip_tracking":false,"_monsterinsights_sitenote_active":false,"_monsterinsights_sitenote_note":"","_monsterinsights_sitenote_category":0,"footnotes":""},"categories":[1],"tags":[],"class_list":["post-13255","post","type-post","status-publish","format-standard","has-post-thumbnail","hentry","category-sem-categoria"],"_links":{"self":[{"href":"https:\/\/pc.sc.gov.br\/index.php?rest_route=\/wp\/v2\/posts\/13255","targetHints":{"allow":["GET"]}}],"collection":[{"href":"https:\/\/pc.sc.gov.br\/index.php?rest_route=\/wp\/v2\/posts"}],"about":[{"href":"https:\/\/pc.sc.gov.br\/index.php?rest_route=\/wp\/v2\/types\/post"}],"author":[{"embeddable":true,"href":"https:\/\/pc.sc.gov.br\/index.php?rest_route=\/wp\/v2\/users\/5"}],"replies":[{"embeddable":true,"href":"https:\/\/pc.sc.gov.br\/index.php?rest_route=%2Fwp%2Fv2%2Fcomments&post=13255"}],"version-history":[{"count":4,"href":"https:\/\/pc.sc.gov.br\/index.php?rest_route=\/wp\/v2\/posts\/13255\/revisions"}],"predecessor-version":[{"id":13264,"href":"https:\/\/pc.sc.gov.br\/index.php?rest_route=\/wp\/v2\/posts\/13255\/revisions\/13264"}],"wp:featuredmedia":[{"embeddable":true,"href":"https:\/\/pc.sc.gov.br\/index.php?rest_route=\/wp\/v2\/media\/13266"}],"wp:attachment":[{"href":"https:\/\/pc.sc.gov.br\/index.php?rest_route=%2Fwp%2Fv2%2Fmedia&parent=13255"}],"wp:term":[{"taxonomy":"category","embeddable":true,"href":"https:\/\/pc.sc.gov.br\/index.php?rest_route=%2Fwp%2Fv2%2Fcategories&post=13255"},{"taxonomy":"post_tag","embeddable":true,"href":"https:\/\/pc.sc.gov.br\/index.php?rest_route=%2Fwp%2Fv2%2Ftags&post=13255"}],"curies":[{"name":"wp","href":"https:\/\/api.w.org\/{rel}","templated":true}]}}