{"id":13281,"date":"2023-09-06T17:07:57","date_gmt":"2023-09-06T20:07:57","guid":{"rendered":"https:\/\/pc.sc.gov.br\/?p=13281"},"modified":"2023-09-06T17:10:07","modified_gmt":"2023-09-06T20:10:07","slug":"no-parana-policia-civil-localiza-e-prende-autor-de-homicidio-ocorrido-em-joinville","status":"publish","type":"post","link":"https:\/\/pc.sc.gov.br\/?p=13281","title":{"rendered":"No Paran\u00e1, Pol\u00edcia Civil localiza e prende autor de homic\u00eddio ocorrido em Joinville"},"content":{"rendered":"\t\t<div data-elementor-type=\"wp-post\" data-elementor-id=\"13281\" class=\"elementor elementor-13281\" data-elementor-post-type=\"post\">\n\t\t\t\t\t\t<section class=\"elementor-section elementor-top-section elementor-element elementor-element-97bae04 elementor-section-boxed elementor-section-height-default elementor-section-height-default\" data-id=\"97bae04\" data-element_type=\"section\">\n\t\t\t\t\t\t<div class=\"elementor-container elementor-column-gap-default\">\n\t\t\t\t\t<div class=\"elementor-column elementor-col-100 elementor-top-column elementor-element elementor-element-9089589\" data-id=\"9089589\" data-element_type=\"column\">\n\t\t\t<div class=\"elementor-widget-wrap elementor-element-populated\">\n\t\t\t\t\t\t<div class=\"elementor-element elementor-element-b78b7ec elementor-widget elementor-widget-heading\" data-id=\"b78b7ec\" data-element_type=\"widget\" data-widget_type=\"heading.default\">\n\t\t\t\t<div class=\"elementor-widget-container\">\n\t\t\t\t\t<h2 class=\"elementor-heading-title elementor-size-default\">No Paran\u00e1, Pol\u00edcia Civil localiza e prende autor de homic\u00eddio ocorrido em Joinville<\/h2>\t\t\t\t<\/div>\n\t\t\t\t<\/div>\n\t\t\t\t\t<\/div>\n\t\t<\/div>\n\t\t\t\t\t<\/div>\n\t\t<\/section>\n\t\t\t\t<section class=\"elementor-section elementor-top-section elementor-element elementor-element-a76c750 elementor-section-boxed elementor-section-height-default elementor-section-height-default\" data-id=\"a76c750\" data-element_type=\"section\">\n\t\t\t\t\t\t<div class=\"elementor-container elementor-column-gap-default\">\n\t\t\t\t\t<div class=\"elementor-column elementor-col-100 elementor-top-column elementor-element elementor-element-7212fa8\" data-id=\"7212fa8\" data-element_type=\"column\">\n\t\t\t<div class=\"elementor-widget-wrap elementor-element-populated\">\n\t\t\t\t\t\t<div class=\"elementor-element elementor-element-6b6379e elementor-widget elementor-widget-image\" data-id=\"6b6379e\" data-element_type=\"widget\" data-widget_type=\"image.default\">\n\t\t\t\t<div class=\"elementor-widget-container\">\n\t\t\t\t\t\t\t\t\t\t\t\t\t\t\t<img fetchpriority=\"high\" decoding=\"async\" width=\"400\" height=\"495\" src=\"https:\/\/pc.sc.gov.br\/\/wp-content\/uploads\/2023\/09\/WhatsApp-Image-2023-09-01-at-12.39.16.jpeg\" class=\"attachment-large size-large wp-image-13123\" alt=\"\" srcset=\"https:\/\/pc.sc.gov.br\/\/wp-content\/uploads\/2023\/09\/WhatsApp-Image-2023-09-01-at-12.39.16.jpeg 400w, https:\/\/pc.sc.gov.br\/\/wp-content\/uploads\/2023\/09\/WhatsApp-Image-2023-09-01-at-12.39.16-242x300.jpeg 242w\" sizes=\"(max-width: 400px) 100vw, 400px\" \/>\t\t\t\t\t\t\t\t\t\t\t\t\t\t\t<\/div>\n\t\t\t\t<\/div>\n\t\t\t\t\t<\/div>\n\t\t<\/div>\n\t\t\t\t\t<\/div>\n\t\t<\/section>\n\t\t\t\t<section class=\"elementor-section elementor-top-section elementor-element elementor-element-81b0f96 elementor-section-boxed elementor-section-height-default elementor-section-height-default\" data-id=\"81b0f96\" data-element_type=\"section\">\n\t\t\t\t\t\t<div class=\"elementor-container elementor-column-gap-default\">\n\t\t\t\t\t<div class=\"elementor-column elementor-col-100 elementor-top-column elementor-element elementor-element-71a175f\" data-id=\"71a175f\" data-element_type=\"column\">\n\t\t\t<div class=\"elementor-widget-wrap elementor-element-populated\">\n\t\t\t\t\t\t<div class=\"elementor-element elementor-element-b9e0f52 elementor-widget elementor-widget-text-editor\" data-id=\"b9e0f52\" data-element_type=\"widget\" data-widget_type=\"text-editor.default\">\n\t\t\t\t<div class=\"elementor-widget-container\">\n\t\t\t\t\t\t\t\t\t<p>A Pol\u00edcia Civil de Santa Catarina, por meio da Delegacia de Homic\u00eddios (DH) de Joinville, ap\u00f3s dois anos de pesquisas visando \u00e0 captura de homicidas investigados pela DH, localizou e prendeu um dos autores do crime ocorrido no dia 7 de setembro de 2021, no bairro Jarivatuba, zona sul da cidade.<\/p>\n<p>O crime vitimou homem de 27 anos, ap\u00f3s uma discuss\u00e3o em um bar, localizado na rua Anna Martins Souza. Na ocasi\u00e3o, a Delegacia de Homic\u00eddios reuniu conjunto probat\u00f3rio capaz de atribuir a autoria do crime a duas pessoas, pai e filho.&nbsp;<\/p>\n<p>Logo ap\u00f3s o crime os investigados deixaram a cidade e passaram a viver no Paran\u00e1. Assim, a DH iniciou uma s\u00e9rie de pesquisas de intelig\u00eancia que culminaram na identifica\u00e7\u00e3o do paradeiro dos indiciados, na zona rural do munic\u00edpio de Dois Vizinhos, no oeste paranaense.&nbsp;<\/p>\n<p>Dessa forma, com o imprescind\u00edvel apoio de policiais civis daquela localidade, foi poss\u00edvel realizar a pris\u00e3o de um dos investigados na tarde desta ter\u00e7a-feira (05). Agora, o preso responder\u00e1 por homic\u00eddio qualificado perante a Vara do Tribunal do J\u00fari de nossa cidade. As incurs\u00f5es de captura ainda est\u00e3o em andamento visando a localiza\u00e7\u00e3o do segundo foragido.<span style=\"color: var( --e-global-color-text ); font-family: var( --e-global-typography-primary-font-family ), Sans-serif; font-size: var( --e-global-typography-primary-font-size ); font-weight: var( --e-global-typography-primary-font-weight ); letter-spacing: var( --e-global-typography-primary-letter-spacing );\">&nbsp;<\/span><\/p>\t\t\t\t\t\t\t\t<\/div>\n\t\t\t\t<\/div>\n\t\t\t\t\t<\/div>\n\t\t<\/div>\n\t\t\t\t\t<\/div>\n\t\t<\/section>\n\t\t\t\t<\/div>\n\t\t","protected":false},"excerpt":{"rendered":"<p>No Paran\u00e1, Pol\u00edcia Civil localiza e prende autor de homic\u00eddio ocorrido em Joinville A Pol\u00edcia Civil de Santa Catarina, por meio da Delegacia de Homic\u00eddios (DH) de Joinville, ap\u00f3s dois anos de pesquisas visando \u00e0 captura de homicidas investigados pela DH, localizou e prendeu um dos autores do crime ocorrido no dia 7 de setembro [&hellip;]<\/p>\n","protected":false},"author":5,"featured_media":13123,"comment_status":"closed","ping_status":"open","sticky":false,"template":"","format":"standard","meta":{"_monsterinsights_skip_tracking":false,"_monsterinsights_sitenote_active":false,"_monsterinsights_sitenote_note":"","_monsterinsights_sitenote_category":0,"footnotes":""},"categories":[1],"tags":[],"class_list":["post-13281","post","type-post","status-publish","format-standard","has-post-thumbnail","hentry","category-sem-categoria"],"_links":{"self":[{"href":"https:\/\/pc.sc.gov.br\/index.php?rest_route=\/wp\/v2\/posts\/13281","targetHints":{"allow":["GET"]}}],"collection":[{"href":"https:\/\/pc.sc.gov.br\/index.php?rest_route=\/wp\/v2\/posts"}],"about":[{"href":"https:\/\/pc.sc.gov.br\/index.php?rest_route=\/wp\/v2\/types\/post"}],"author":[{"embeddable":true,"href":"https:\/\/pc.sc.gov.br\/index.php?rest_route=\/wp\/v2\/users\/5"}],"replies":[{"embeddable":true,"href":"https:\/\/pc.sc.gov.br\/index.php?rest_route=%2Fwp%2Fv2%2Fcomments&post=13281"}],"version-history":[{"count":4,"href":"https:\/\/pc.sc.gov.br\/index.php?rest_route=\/wp\/v2\/posts\/13281\/revisions"}],"predecessor-version":[{"id":13285,"href":"https:\/\/pc.sc.gov.br\/index.php?rest_route=\/wp\/v2\/posts\/13281\/revisions\/13285"}],"wp:featuredmedia":[{"embeddable":true,"href":"https:\/\/pc.sc.gov.br\/index.php?rest_route=\/wp\/v2\/media\/13123"}],"wp:attachment":[{"href":"https:\/\/pc.sc.gov.br\/index.php?rest_route=%2Fwp%2Fv2%2Fmedia&parent=13281"}],"wp:term":[{"taxonomy":"category","embeddable":true,"href":"https:\/\/pc.sc.gov.br\/index.php?rest_route=%2Fwp%2Fv2%2Fcategories&post=13281"},{"taxonomy":"post_tag","embeddable":true,"href":"https:\/\/pc.sc.gov.br\/index.php?rest_route=%2Fwp%2Fv2%2Ftags&post=13281"}],"curies":[{"name":"wp","href":"https:\/\/api.w.org\/{rel}","templated":true}]}}