{"id":13290,"date":"2023-09-06T18:24:34","date_gmt":"2023-09-06T21:24:34","guid":{"rendered":"https:\/\/pc.sc.gov.br\/?p=13290"},"modified":"2023-09-06T18:26:34","modified_gmt":"2023-09-06T21:26:34","slug":"divisao-de-protecao-animal-verifica-denuncia-de-canil-de-pitbulls-na-capital","status":"publish","type":"post","link":"https:\/\/pc.sc.gov.br\/?p=13290","title":{"rendered":"Divis\u00e3o de Prote\u00e7\u00e3o Animal verifica den\u00fancia de canil de Pitbulls na Capital"},"content":{"rendered":"\t\t<div data-elementor-type=\"wp-post\" data-elementor-id=\"13290\" class=\"elementor elementor-13290\" data-elementor-post-type=\"post\">\n\t\t\t\t\t\t<section class=\"elementor-section elementor-top-section elementor-element elementor-element-094327b elementor-section-boxed elementor-section-height-default elementor-section-height-default\" data-id=\"094327b\" data-element_type=\"section\">\n\t\t\t\t\t\t<div class=\"elementor-container elementor-column-gap-default\">\n\t\t\t\t\t<div class=\"elementor-column elementor-col-100 elementor-top-column elementor-element elementor-element-24dc837\" data-id=\"24dc837\" data-element_type=\"column\">\n\t\t\t<div class=\"elementor-widget-wrap elementor-element-populated\">\n\t\t\t\t\t\t<div class=\"elementor-element elementor-element-daf7879 elementor-widget elementor-widget-heading\" data-id=\"daf7879\" data-element_type=\"widget\" data-widget_type=\"heading.default\">\n\t\t\t\t<div class=\"elementor-widget-container\">\n\t\t\t\t\t<h2 class=\"elementor-heading-title elementor-size-default\">Divis\u00e3o de Prote\u00e7\u00e3o Animal verifica den\u00fancia de canil de Pitbulls na Capital <\/h2>\t\t\t\t<\/div>\n\t\t\t\t<\/div>\n\t\t\t\t\t<\/div>\n\t\t<\/div>\n\t\t\t\t\t<\/div>\n\t\t<\/section>\n\t\t\t\t<section class=\"elementor-section elementor-top-section elementor-element elementor-element-f5df180 elementor-section-boxed elementor-section-height-default elementor-section-height-default\" data-id=\"f5df180\" data-element_type=\"section\">\n\t\t\t\t\t\t<div class=\"elementor-container elementor-column-gap-default\">\n\t\t\t\t\t<div class=\"elementor-column elementor-col-100 elementor-top-column elementor-element elementor-element-b506dad\" data-id=\"b506dad\" data-element_type=\"column\">\n\t\t\t<div class=\"elementor-widget-wrap elementor-element-populated\">\n\t\t\t\t\t\t<div class=\"elementor-element elementor-element-7ca6ee4 elementor-widget elementor-widget-image\" data-id=\"7ca6ee4\" data-element_type=\"widget\" data-widget_type=\"image.default\">\n\t\t\t\t<div class=\"elementor-widget-container\">\n\t\t\t\t\t\t\t\t\t\t\t\t\t\t\t<img fetchpriority=\"high\" decoding=\"async\" width=\"696\" height=\"928\" src=\"https:\/\/pc.sc.gov.br\/\/wp-content\/uploads\/2023\/09\/WhatsApp-Image-2023-09-06-at-13.25.23-1-768x1024.jpeg\" class=\"attachment-large size-large wp-image-13291\" alt=\"\" srcset=\"https:\/\/pc.sc.gov.br\/\/wp-content\/uploads\/2023\/09\/WhatsApp-Image-2023-09-06-at-13.25.23-1-768x1024.jpeg 768w, https:\/\/pc.sc.gov.br\/\/wp-content\/uploads\/2023\/09\/WhatsApp-Image-2023-09-06-at-13.25.23-1-225x300.jpeg 225w, https:\/\/pc.sc.gov.br\/\/wp-content\/uploads\/2023\/09\/WhatsApp-Image-2023-09-06-at-13.25.23-1-1152x1536.jpeg 1152w, https:\/\/pc.sc.gov.br\/\/wp-content\/uploads\/2023\/09\/WhatsApp-Image-2023-09-06-at-13.25.23-1.jpeg 1200w\" sizes=\"(max-width: 696px) 100vw, 696px\" \/>\t\t\t\t\t\t\t\t\t\t\t\t\t\t\t<\/div>\n\t\t\t\t<\/div>\n\t\t\t\t<div class=\"elementor-element elementor-element-a19cc81 elementor-widget elementor-widget-text-editor\" data-id=\"a19cc81\" data-element_type=\"widget\" data-widget_type=\"text-editor.default\">\n\t\t\t\t<div class=\"elementor-widget-container\">\n\t\t\t\t\t\t\t\t\t<p>Na ter\u00e7a-feira (5), a Pol\u00edcia Civil do Estado de Santa Catarina, por meio da Divis\u00e3o de Prote\u00e7\u00e3o Animal do Departamento de Investiga\u00e7\u00e3o Criminal da Capital (DPA\/DIC), em opera\u00e7\u00e3o conjunta com a Diretoria de Bem-Estar Animal, a Guarda Municipal e o N\u00facleo de Intelig\u00eancia da Capital, apurou nova den\u00fancia de canil irregular da ra\u00e7a Pitbull, em Florian\u00f3polis.<\/p><p>Ap\u00f3s receber informa\u00e7\u00f5es da Guarda Municipal acerca de suposto criador de c\u00e3es da ra\u00e7a Pitbull, o que \u00e9 proibido pela legisla\u00e7\u00e3o catarinense, as institui\u00e7\u00f5es verificaram o local, tomando as provid\u00eancias cab\u00edveis nas suas esferas de atribui\u00e7\u00f5es.<\/p><p>Constatou-se um casal de c\u00e3es, sendo que os animais encontravam-se em boas condi\u00e7\u00f5es de sa\u00fade, mas o local necessitava de algumas melhorias. Foram expedidas as devidas notifica\u00e7\u00f5es para adequa\u00e7\u00e3o, inclusive no que tange \u00e0 castra\u00e7\u00e3o obrigat\u00f3ria, no prazo de 10 dias, sob pena de multa, nos moldes da Lei Estadual n\u00ba 14.204\/2007.<\/p><p>Ainda, durante a dilig\u00eancia, verificou-se que o tutor dos animais estava em posse de subst\u00e2ncia an\u00e1loga \u00e0 maconha, sendo conduzido \u00e0 unidade policial para a lavratura do procedimento policial cab\u00edvel.<\/p>\t\t\t\t\t\t\t\t<\/div>\n\t\t\t\t<\/div>\n\t\t\t\t\t<\/div>\n\t\t<\/div>\n\t\t\t\t\t<\/div>\n\t\t<\/section>\n\t\t\t\t<section class=\"elementor-section elementor-top-section elementor-element elementor-element-9ac59e8 elementor-section-boxed elementor-section-height-default elementor-section-height-default\" data-id=\"9ac59e8\" data-element_type=\"section\">\n\t\t\t\t\t\t<div class=\"elementor-container elementor-column-gap-default\">\n\t\t\t\t\t<div class=\"elementor-column elementor-col-100 elementor-top-column elementor-element elementor-element-7356126\" data-id=\"7356126\" data-element_type=\"column\">\n\t\t\t<div class=\"elementor-widget-wrap elementor-element-populated\">\n\t\t\t\t\t\t<div class=\"elementor-element elementor-element-1282c19 elementor-widget elementor-widget-image\" data-id=\"1282c19\" data-element_type=\"widget\" data-widget_type=\"image.default\">\n\t\t\t\t<div class=\"elementor-widget-container\">\n\t\t\t\t\t\t\t\t\t\t\t\t\t\t\t<img decoding=\"async\" width=\"696\" height=\"928\" src=\"https:\/\/pc.sc.gov.br\/\/wp-content\/uploads\/2023\/09\/WhatsApp-Image-2023-09-06-at-13.25.23-768x1024.jpeg\" class=\"attachment-large size-large wp-image-13293\" alt=\"\" srcset=\"https:\/\/pc.sc.gov.br\/\/wp-content\/uploads\/2023\/09\/WhatsApp-Image-2023-09-06-at-13.25.23-768x1024.jpeg 768w, https:\/\/pc.sc.gov.br\/\/wp-content\/uploads\/2023\/09\/WhatsApp-Image-2023-09-06-at-13.25.23-225x300.jpeg 225w, https:\/\/pc.sc.gov.br\/\/wp-content\/uploads\/2023\/09\/WhatsApp-Image-2023-09-06-at-13.25.23-1152x1536.jpeg 1152w, https:\/\/pc.sc.gov.br\/\/wp-content\/uploads\/2023\/09\/WhatsApp-Image-2023-09-06-at-13.25.23.jpeg 1200w\" sizes=\"(max-width: 696px) 100vw, 696px\" \/>\t\t\t\t\t\t\t\t\t\t\t\t\t\t\t<\/div>\n\t\t\t\t<\/div>\n\t\t\t\t\t<\/div>\n\t\t<\/div>\n\t\t\t\t\t<\/div>\n\t\t<\/section>\n\t\t\t\t<\/div>\n\t\t","protected":false},"excerpt":{"rendered":"<p>Divis\u00e3o de Prote\u00e7\u00e3o Animal verifica den\u00fancia de canil de Pitbulls na Capital Na ter\u00e7a-feira (5), a Pol\u00edcia Civil do Estado de Santa Catarina, por meio da Divis\u00e3o de Prote\u00e7\u00e3o Animal do Departamento de Investiga\u00e7\u00e3o Criminal da Capital (DPA\/DIC), em opera\u00e7\u00e3o conjunta com a Diretoria de Bem-Estar Animal, a Guarda Municipal e o N\u00facleo de Intelig\u00eancia [&hellip;]<\/p>\n","protected":false},"author":5,"featured_media":13291,"comment_status":"closed","ping_status":"open","sticky":false,"template":"","format":"standard","meta":{"_monsterinsights_skip_tracking":false,"_monsterinsights_sitenote_active":false,"_monsterinsights_sitenote_note":"","_monsterinsights_sitenote_category":0,"footnotes":""},"categories":[1],"tags":[],"class_list":["post-13290","post","type-post","status-publish","format-standard","has-post-thumbnail","hentry","category-sem-categoria"],"_links":{"self":[{"href":"https:\/\/pc.sc.gov.br\/index.php?rest_route=\/wp\/v2\/posts\/13290","targetHints":{"allow":["GET"]}}],"collection":[{"href":"https:\/\/pc.sc.gov.br\/index.php?rest_route=\/wp\/v2\/posts"}],"about":[{"href":"https:\/\/pc.sc.gov.br\/index.php?rest_route=\/wp\/v2\/types\/post"}],"author":[{"embeddable":true,"href":"https:\/\/pc.sc.gov.br\/index.php?rest_route=\/wp\/v2\/users\/5"}],"replies":[{"embeddable":true,"href":"https:\/\/pc.sc.gov.br\/index.php?rest_route=%2Fwp%2Fv2%2Fcomments&post=13290"}],"version-history":[{"count":4,"href":"https:\/\/pc.sc.gov.br\/index.php?rest_route=\/wp\/v2\/posts\/13290\/revisions"}],"predecessor-version":[{"id":13296,"href":"https:\/\/pc.sc.gov.br\/index.php?rest_route=\/wp\/v2\/posts\/13290\/revisions\/13296"}],"wp:featuredmedia":[{"embeddable":true,"href":"https:\/\/pc.sc.gov.br\/index.php?rest_route=\/wp\/v2\/media\/13291"}],"wp:attachment":[{"href":"https:\/\/pc.sc.gov.br\/index.php?rest_route=%2Fwp%2Fv2%2Fmedia&parent=13290"}],"wp:term":[{"taxonomy":"category","embeddable":true,"href":"https:\/\/pc.sc.gov.br\/index.php?rest_route=%2Fwp%2Fv2%2Fcategories&post=13290"},{"taxonomy":"post_tag","embeddable":true,"href":"https:\/\/pc.sc.gov.br\/index.php?rest_route=%2Fwp%2Fv2%2Ftags&post=13290"}],"curies":[{"name":"wp","href":"https:\/\/api.w.org\/{rel}","templated":true}]}}