{"id":13297,"date":"2023-09-06T18:35:18","date_gmt":"2023-09-06T21:35:18","guid":{"rendered":"https:\/\/pc.sc.gov.br\/?p=13297"},"modified":"2023-09-06T18:36:59","modified_gmt":"2023-09-06T21:36:59","slug":"policia-civil-deflagra-operacao-conexao-contra-o-trafico-de-drogas-e-prende-16-pessoas","status":"publish","type":"post","link":"https:\/\/pc.sc.gov.br\/?p=13297","title":{"rendered":"Pol\u00edcia Civil deflagra opera\u00e7\u00e3o \u201cConex\u00e3o\u201d contra o tr\u00e1fico de drogas e prende 16 pessoas"},"content":{"rendered":"\t\t<div data-elementor-type=\"wp-post\" data-elementor-id=\"13297\" class=\"elementor elementor-13297\" data-elementor-post-type=\"post\">\n\t\t\t\t\t\t<section class=\"elementor-section elementor-top-section elementor-element elementor-element-005bb00 elementor-section-boxed elementor-section-height-default elementor-section-height-default\" data-id=\"005bb00\" data-element_type=\"section\">\n\t\t\t\t\t\t<div class=\"elementor-container elementor-column-gap-default\">\n\t\t\t\t\t<div class=\"elementor-column elementor-col-100 elementor-top-column elementor-element elementor-element-039012f\" data-id=\"039012f\" data-element_type=\"column\">\n\t\t\t<div class=\"elementor-widget-wrap elementor-element-populated\">\n\t\t\t\t\t\t<div class=\"elementor-element elementor-element-71d8d14 elementor-widget elementor-widget-heading\" data-id=\"71d8d14\" data-element_type=\"widget\" data-widget_type=\"heading.default\">\n\t\t\t\t<div class=\"elementor-widget-container\">\n\t\t\t\t\t<h2 class=\"elementor-heading-title elementor-size-default\">Pol\u00edcia Civil deflagra opera\u00e7\u00e3o \u201cConex\u00e3o\u201d contra o tr\u00e1fico de drogas e prende 16 pessoas<\/h2>\t\t\t\t<\/div>\n\t\t\t\t<\/div>\n\t\t\t\t\t<\/div>\n\t\t<\/div>\n\t\t\t\t\t<\/div>\n\t\t<\/section>\n\t\t\t\t<section class=\"elementor-section elementor-top-section elementor-element elementor-element-da6210c elementor-section-boxed elementor-section-height-default elementor-section-height-default\" data-id=\"da6210c\" data-element_type=\"section\">\n\t\t\t\t\t\t<div class=\"elementor-container elementor-column-gap-default\">\n\t\t\t\t\t<div class=\"elementor-column elementor-col-100 elementor-top-column elementor-element elementor-element-0ad3ba3\" data-id=\"0ad3ba3\" data-element_type=\"column\">\n\t\t\t<div class=\"elementor-widget-wrap elementor-element-populated\">\n\t\t\t\t\t\t<div class=\"elementor-element elementor-element-10ba288 elementor-widget elementor-widget-image\" data-id=\"10ba288\" data-element_type=\"widget\" data-widget_type=\"image.default\">\n\t\t\t\t<div class=\"elementor-widget-container\">\n\t\t\t\t\t\t\t\t\t\t\t\t\t\t\t<img fetchpriority=\"high\" decoding=\"async\" width=\"696\" height=\"279\" src=\"https:\/\/pc.sc.gov.br\/\/wp-content\/uploads\/2023\/09\/WhatsApp-Image-2023-09-06-at-17.44.31-scaled-e1694036099768-1024x411.jpeg\" class=\"attachment-large size-large wp-image-13299\" alt=\"\" srcset=\"https:\/\/pc.sc.gov.br\/\/wp-content\/uploads\/2023\/09\/WhatsApp-Image-2023-09-06-at-17.44.31-scaled-e1694036099768-1024x411.jpeg 1024w, https:\/\/pc.sc.gov.br\/\/wp-content\/uploads\/2023\/09\/WhatsApp-Image-2023-09-06-at-17.44.31-scaled-e1694036099768-300x120.jpeg 300w, https:\/\/pc.sc.gov.br\/\/wp-content\/uploads\/2023\/09\/WhatsApp-Image-2023-09-06-at-17.44.31-scaled-e1694036099768-768x308.jpeg 768w, https:\/\/pc.sc.gov.br\/\/wp-content\/uploads\/2023\/09\/WhatsApp-Image-2023-09-06-at-17.44.31-scaled-e1694036099768-1536x616.jpeg 1536w, https:\/\/pc.sc.gov.br\/\/wp-content\/uploads\/2023\/09\/WhatsApp-Image-2023-09-06-at-17.44.31-scaled-e1694036099768-2048x822.jpeg 2048w\" sizes=\"(max-width: 696px) 100vw, 696px\" \/>\t\t\t\t\t\t\t\t\t\t\t\t\t\t\t<\/div>\n\t\t\t\t<\/div>\n\t\t\t\t<div class=\"elementor-element elementor-element-7ed9391 elementor-widget elementor-widget-text-editor\" data-id=\"7ed9391\" data-element_type=\"widget\" data-widget_type=\"text-editor.default\">\n\t\t\t\t<div class=\"elementor-widget-container\">\n\t\t\t\t\t\t\t\t\t<p>Nesta quarta-feira (6), a Pol\u00edcia Civil de Santa Catarina, por meio da Divis\u00e3o de Investiga\u00e7\u00e3o Criminal de S\u00e3o Bento do Sul, deflagrou a opera\u00e7\u00e3o \u201cConex\u00e3o\u201d com o objetivo de combater o tr\u00e1fico de drogas e desmantelar c\u00e9lula de uma fac\u00e7\u00e3o criminosa que vinha atuando na regi\u00e3o. A a\u00e7\u00e3o foi deflagrada buscando o cumprimento de 20 mandados de busca e apreens\u00e3o e 16 mandados de pris\u00e3o nas cidades de S\u00e3o Bento do Sul, Garuva e Joinville, situadas no estado de Santa Catarina, e tamb\u00e9m na localidade de Agudos do Sul, no Paran\u00e1.<\/p><p>A opera\u00e7\u00e3o resultou na pris\u00e3o de 16 pessoas envolvidas nas atividades il\u00edcitas. Destas, 14 foram detidas em cumprimento de mandados de pris\u00e3o, enquanto outras duas pessoas foram presas em flagrante. Al\u00e9m das pris\u00f5es, os policiais tamb\u00e9m apreenderam uma arma de fogo ilegal, 983 g de coca\u00edna, 1.8 kg de maconha, 200 g de crack e valores em dinheiro.<\/p><p>A opera\u00e7\u00e3o foi o resultado de uma investiga\u00e7\u00e3o meticulosa que se estendeu por seis meses. Durante esse per\u00edodo, os policiais coletaram provas t\u00e9cnicas robustas que confirmaram a conex\u00e3o entre os diversos investigados.<\/p><p>A opera\u00e7\u00e3o foi batizada de &#8220;Conex\u00e3o&#8221; em refer\u00eancia \u00e0 complexa rede criminosa que foi investigada. A a\u00e7\u00e3o contou com 86 policiais de diversas delegacias regionais do estado.<\/p>\n<p><\/p>\t\t\t\t\t\t\t\t<\/div>\n\t\t\t\t<\/div>\n\t\t\t\t\t<\/div>\n\t\t<\/div>\n\t\t\t\t\t<\/div>\n\t\t<\/section>\n\t\t\t\t<\/div>\n\t\t","protected":false},"excerpt":{"rendered":"<p>Pol\u00edcia Civil deflagra opera\u00e7\u00e3o \u201cConex\u00e3o\u201d contra o tr\u00e1fico de drogas e prende 16 pessoas Nesta quarta-feira (6), a Pol\u00edcia Civil de Santa Catarina, por meio da Divis\u00e3o de Investiga\u00e7\u00e3o Criminal de S\u00e3o Bento do Sul, deflagrou a opera\u00e7\u00e3o \u201cConex\u00e3o\u201d com o objetivo de combater o tr\u00e1fico de drogas e desmantelar c\u00e9lula de uma fac\u00e7\u00e3o criminosa [&hellip;]<\/p>\n","protected":false},"author":5,"featured_media":13299,"comment_status":"closed","ping_status":"open","sticky":false,"template":"","format":"standard","meta":{"_monsterinsights_skip_tracking":false,"_monsterinsights_sitenote_active":false,"_monsterinsights_sitenote_note":"","_monsterinsights_sitenote_category":0,"footnotes":""},"categories":[1],"tags":[],"class_list":["post-13297","post","type-post","status-publish","format-standard","has-post-thumbnail","hentry","category-sem-categoria"],"_links":{"self":[{"href":"https:\/\/pc.sc.gov.br\/index.php?rest_route=\/wp\/v2\/posts\/13297","targetHints":{"allow":["GET"]}}],"collection":[{"href":"https:\/\/pc.sc.gov.br\/index.php?rest_route=\/wp\/v2\/posts"}],"about":[{"href":"https:\/\/pc.sc.gov.br\/index.php?rest_route=\/wp\/v2\/types\/post"}],"author":[{"embeddable":true,"href":"https:\/\/pc.sc.gov.br\/index.php?rest_route=\/wp\/v2\/users\/5"}],"replies":[{"embeddable":true,"href":"https:\/\/pc.sc.gov.br\/index.php?rest_route=%2Fwp%2Fv2%2Fcomments&post=13297"}],"version-history":[{"count":4,"href":"https:\/\/pc.sc.gov.br\/index.php?rest_route=\/wp\/v2\/posts\/13297\/revisions"}],"predecessor-version":[{"id":13303,"href":"https:\/\/pc.sc.gov.br\/index.php?rest_route=\/wp\/v2\/posts\/13297\/revisions\/13303"}],"wp:featuredmedia":[{"embeddable":true,"href":"https:\/\/pc.sc.gov.br\/index.php?rest_route=\/wp\/v2\/media\/13299"}],"wp:attachment":[{"href":"https:\/\/pc.sc.gov.br\/index.php?rest_route=%2Fwp%2Fv2%2Fmedia&parent=13297"}],"wp:term":[{"taxonomy":"category","embeddable":true,"href":"https:\/\/pc.sc.gov.br\/index.php?rest_route=%2Fwp%2Fv2%2Fcategories&post=13297"},{"taxonomy":"post_tag","embeddable":true,"href":"https:\/\/pc.sc.gov.br\/index.php?rest_route=%2Fwp%2Fv2%2Ftags&post=13297"}],"curies":[{"name":"wp","href":"https:\/\/api.w.org\/{rel}","templated":true}]}}