{"id":13305,"date":"2023-09-08T10:18:53","date_gmt":"2023-09-08T13:18:53","guid":{"rendered":"https:\/\/pc.sc.gov.br\/?p=13305"},"modified":"2023-09-08T10:29:34","modified_gmt":"2023-09-08T13:29:34","slug":"mais-de-370-policiais-civis-participam-do-desfile-alusivo-ao-dia-da-independencia","status":"publish","type":"post","link":"https:\/\/pc.sc.gov.br\/?p=13305","title":{"rendered":"Mais de 370 policiais civis participam do desfile alusivo ao Dia da Independ\u00eancia"},"content":{"rendered":"\t\t<div data-elementor-type=\"wp-post\" data-elementor-id=\"13305\" class=\"elementor elementor-13305\" data-elementor-post-type=\"post\">\n\t\t\t\t\t\t<section class=\"elementor-section elementor-top-section elementor-element elementor-element-dfdec7f elementor-section-boxed elementor-section-height-default elementor-section-height-default\" data-id=\"dfdec7f\" data-element_type=\"section\">\n\t\t\t\t\t\t<div class=\"elementor-container elementor-column-gap-default\">\n\t\t\t\t\t<div class=\"elementor-column elementor-col-100 elementor-top-column elementor-element elementor-element-66b28df\" data-id=\"66b28df\" data-element_type=\"column\">\n\t\t\t<div class=\"elementor-widget-wrap elementor-element-populated\">\n\t\t\t\t\t\t<div class=\"elementor-element elementor-element-a78051d elementor-widget elementor-widget-heading\" data-id=\"a78051d\" data-element_type=\"widget\" data-widget_type=\"heading.default\">\n\t\t\t\t<div class=\"elementor-widget-container\">\n\t\t\t\t\t<h2 class=\"elementor-heading-title elementor-size-default\">Mais de 370 policiais civis participam do desfile alusivo ao Dia da Independ\u00eancia<\/h2>\t\t\t\t<\/div>\n\t\t\t\t<\/div>\n\t\t\t\t\t<\/div>\n\t\t<\/div>\n\t\t\t\t\t<\/div>\n\t\t<\/section>\n\t\t\t\t<section class=\"elementor-section elementor-top-section elementor-element elementor-element-29dc985 elementor-section-boxed elementor-section-height-default elementor-section-height-default\" data-id=\"29dc985\" data-element_type=\"section\">\n\t\t\t\t\t\t<div class=\"elementor-container elementor-column-gap-default\">\n\t\t\t\t\t<div class=\"elementor-column elementor-col-100 elementor-top-column elementor-element elementor-element-3036e57\" data-id=\"3036e57\" data-element_type=\"column\">\n\t\t\t<div class=\"elementor-widget-wrap elementor-element-populated\">\n\t\t\t\t\t\t<div class=\"elementor-element elementor-element-b628ca7 elementor--h-position-center elementor--v-position-middle elementor-arrows-position-inside elementor-pagination-position-inside elementor-widget elementor-widget-slides\" data-id=\"b628ca7\" data-element_type=\"widget\" data-settings=\"{&quot;navigation&quot;:&quot;both&quot;,&quot;autoplay&quot;:&quot;yes&quot;,&quot;pause_on_hover&quot;:&quot;yes&quot;,&quot;pause_on_interaction&quot;:&quot;yes&quot;,&quot;autoplay_speed&quot;:5000,&quot;infinite&quot;:&quot;yes&quot;,&quot;transition&quot;:&quot;slide&quot;,&quot;transition_speed&quot;:500}\" data-widget_type=\"slides.default\">\n\t\t\t\t<div class=\"elementor-widget-container\">\n\t\t\t\t\t\t\t\t\t<div class=\"elementor-swiper\">\n\t\t\t\t\t<div class=\"elementor-slides-wrapper elementor-main-swiper swiper\" role=\"region\" aria-roledescription=\"carousel\" aria-label=\"Slides\" dir=\"ltr\" data-animation=\"fadeInUp\">\n\t\t\t\t<div class=\"swiper-wrapper elementor-slides\">\n\t\t\t\t\t\t\t\t\t\t<div class=\"elementor-repeater-item-b106997 swiper-slide\" role=\"group\" aria-roledescription=\"slide\"><div class=\"swiper-slide-bg\" role=\"img\" aria-label=\"WhatsApp Image 2023-09-07 at 13.10.36\"><\/div><div class=\"swiper-slide-inner\" ><div class=\"swiper-slide-contents\"><\/div><\/div><\/div><div class=\"elementor-repeater-item-6fbf12d swiper-slide\" role=\"group\" aria-roledescription=\"slide\"><div class=\"swiper-slide-bg\" role=\"img\" aria-label=\"WhatsApp Image 2023-09-07 at 12.17.19 (1)\"><\/div><div class=\"swiper-slide-inner\" ><div class=\"swiper-slide-contents\"><\/div><\/div><\/div><div class=\"elementor-repeater-item-03d001b swiper-slide\" role=\"group\" aria-roledescription=\"slide\"><div class=\"swiper-slide-bg\" role=\"img\" aria-label=\"WhatsApp Image 2023-09-07 at 12.17.19\"><\/div><div class=\"swiper-slide-inner\" ><div class=\"swiper-slide-contents\"><\/div><\/div><\/div><div class=\"elementor-repeater-item-21ea2f3 swiper-slide\" role=\"group\" aria-roledescription=\"slide\"><div class=\"swiper-slide-bg\" role=\"img\" aria-label=\"WhatsApp Image 2023-09-08 at 10.19.06\"><\/div><div class=\"swiper-slide-inner\" ><div class=\"swiper-slide-contents\"><div class=\"elementor-slide-description\">.<\/div><\/div><\/div><\/div><div class=\"elementor-repeater-item-e9bd7aa swiper-slide\" role=\"group\" aria-roledescription=\"slide\"><div class=\"swiper-slide-bg\" role=\"img\" aria-label=\"WhatsApp Image 2023-09-08 at 10.19.39\"><\/div><div class=\"swiper-slide-inner\" ><div class=\"swiper-slide-contents\"><div class=\"elementor-slide-description\"> .<\/div><div  class=\"elementor-button elementor-slide-button elementor-size-sm\"> <\/div><\/div><\/div><\/div><div class=\"elementor-repeater-item-aa0dfec swiper-slide\" role=\"group\" aria-roledescription=\"slide\"><div class=\"swiper-slide-bg\" role=\"img\" aria-label=\"WhatsApp Image 2023-09-08 at 10.19.21\"><\/div><div class=\"swiper-slide-inner\" ><div class=\"swiper-slide-contents\"><div class=\"elementor-slide-description\">.<\/div><\/div><\/div><\/div><div class=\"elementor-repeater-item-ad5a7fd swiper-slide\" role=\"group\" aria-roledescription=\"slide\"><div class=\"swiper-slide-bg\" role=\"img\" aria-label=\"WhatsApp Image 2023-09-08 at 10.18.31\"><\/div><div class=\"swiper-slide-inner\" ><div class=\"swiper-slide-contents\"><\/div><\/div><\/div>\t\t\t\t<\/div>\n\t\t\t\t\t\t\t\t\t\t\t\t\t\t\t<div class=\"elementor-swiper-button elementor-swiper-button-prev\" role=\"button\" tabindex=\"0\" aria-label=\"Previous slide\">\n\t\t\t\t\t\t\t<i aria-hidden=\"true\" class=\"eicon-chevron-left\"><\/i>\t\t\t\t\t\t<\/div>\n\t\t\t\t\t\t<div class=\"elementor-swiper-button elementor-swiper-button-next\" role=\"button\" tabindex=\"0\" aria-label=\"Next slide\">\n\t\t\t\t\t\t\t<i aria-hidden=\"true\" class=\"eicon-chevron-right\"><\/i>\t\t\t\t\t\t<\/div>\n\t\t\t\t\t\t\t\t\t\t\t\t\t\t\t\t<div class=\"swiper-pagination\"><\/div>\n\t\t\t\t\t\t\t\t\t\t\t\t<\/div>\n\t\t\t\t<\/div>\n\t\t\t\t\t\t\t\t<\/div>\n\t\t\t\t<\/div>\n\t\t\t\t\t<\/div>\n\t\t<\/div>\n\t\t\t\t\t<\/div>\n\t\t<\/section>\n\t\t\t\t<section class=\"elementor-section elementor-top-section elementor-element elementor-element-f50bcba elementor-section-boxed elementor-section-height-default elementor-section-height-default\" data-id=\"f50bcba\" data-element_type=\"section\">\n\t\t\t\t\t\t<div class=\"elementor-container elementor-column-gap-default\">\n\t\t\t\t\t<div class=\"elementor-column elementor-col-100 elementor-top-column elementor-element elementor-element-49f6013\" data-id=\"49f6013\" data-element_type=\"column\">\n\t\t\t<div class=\"elementor-widget-wrap elementor-element-populated\">\n\t\t\t\t\t\t<div class=\"elementor-element elementor-element-bc638a1 elementor-widget elementor-widget-text-editor\" data-id=\"bc638a1\" data-element_type=\"widget\" data-widget_type=\"text-editor.default\">\n\t\t\t\t<div class=\"elementor-widget-container\">\n\t\t\t\t\t\t\t\t\t<p>Mais de 370 policiais civis, entre delegados, agentes de pol\u00edcia e escriv\u00e3es participaram do Desfile alusivo ao Dia da Independ\u00eancia &#8211; 7 de setembro, realizado na Av. Beira-Mar Continental, em Florian\u00f3polis.&nbsp;&nbsp;<span style=\"font-family: var( --e-global-typography-text-font-family ), Sans-serif; font-size: var( --e-global-typography-text-font-size );\">Os bin\u00f4mios (homem\/c\u00e3o) representando a Coordenadoria de Opera\u00e7\u00f5es Policiais com C\u00e3es (COPC), \u00f3rg\u00e3o respons\u00e1vel pelo treinamento e o emprego de c\u00e3es em apoio \u00e0s opera\u00e7\u00f5es policiais, foram destaques no desfile.<\/span><\/p>\n<p>Das 27 viaturas que desfilaram pela Beira-Mar Continental uma em especial chamou a aten\u00e7\u00e3o do p\u00fablico: um ve\u00edculo Jaguar, que foi fruto de uma apreens\u00e3o realizada em investiga\u00e7\u00e3o da Delegacia de Lavagem de Dinheiro (DLAV) e um ve\u00edculo Camaro que foi apreendido durante investiga\u00e7\u00e3o envolvendo tr\u00e1fico de drogas.<\/p>\n<p>Dirigida pelo delegado-geral, Ulisses Gabriel, a Pol\u00edcia Civil de Santa Catarina conta com um efetivo ativo de 3.392 policiais civis, que atuam em 532 unidades policiais, organizadas pelas seguintes Diretorias: Diretoria de Pol\u00edcia da Grande Florian\u00f3polis (DPGF), Diretoria de Pol\u00edcia do Litoral (DPOL), Diretoria de Pol\u00edcia do Interior (DPOI), Diretoria de Pol\u00edcia de Fronteira (DIFRON) e a Diretoria de Intelig\u00eancia (DI). Na estrutura catarinense, h\u00e1 ainda: a Diretoria Estadual de Investiga\u00e7\u00f5es Criminais (DEIC).&nbsp;<\/p>\n<p>Al\u00e9m do pelot\u00e3o com os policiais que atuam na Acadepol, unidade respons\u00e1vel pela forma\u00e7\u00e3o e capacita\u00e7\u00e3o dos policiais civis de Santa Catarina, tamb\u00e9m participaram representantes das equipes especializadas da DEIC e da Coordenadoria de Opera\u00e7\u00f5es e Recursos Especiais (CORE), \u00f3rg\u00e3o da PCSC que atua em situa\u00e7\u00f5es que exijam uma interven\u00e7\u00e3o armada e t\u00e1tica especializada e diferenciada, tamb\u00e9m&nbsp; auxiliando as delegacias de pol\u00edcia em todo o estado.&nbsp;<\/p>\n<p><span style=\"font-family: var( --e-global-typography-text-font-family ), Sans-serif; font-size: var( --e-global-typography-text-font-size );\">Neste ano, a Pol\u00edcia Civil completou 211 anos de cria\u00e7\u00e3o e possui entre as suas atribui\u00e7\u00f5es constitucionais a fun\u00e7\u00e3o de exercer as atividades de pol\u00edcia judici\u00e1ria e apurar as infra\u00e7\u00f5es penais no \u00e2mbito do territ\u00f3rio estadual.&nbsp;<\/span><\/p>\n<p>Al\u00e9m disso, a institui\u00e7\u00e3o conta ainda com a atua\u00e7\u00e3o do Centro Estadual de Apoio Operacional de Combate aos Crimes Contra o Agroneg\u00f3cio da Pol\u00edcia Civil de Santa Catarina (CAOAGRO), que atua diretamente na investiga\u00e7\u00e3o, preven\u00e7\u00e3o e repress\u00e3o aos crimes contra o agroneg\u00f3cio no Estado.&nbsp;&nbsp;<\/p>\n<p>A institui\u00e7\u00e3o disp\u00f5e ainda do Servi\u00e7o Aeropolicial (SAER), que conta com duas aeronaves em opera\u00e7\u00e3o, uma na regi\u00e3o Sul do estado e outra na regi\u00e3o de Fronteira, cuja fun\u00e7\u00e3o \u00e9 de monitoramento e mapeamento a\u00e9reo, bem como o aux\u00edlio das equipes policiais em terra e o atendimento aerom\u00e9dico em conjunto com equipes do Servi\u00e7o de Atendimento em Resgate Aerom\u00e9dico (SARA).<\/p>\n<h4>Novas delegacias<\/h4>\n<p>Outros duas importantes delegacias ativadas neste ano. A primeira delas foi a Delegacia de Prote\u00e7\u00e3o Animal da Grande Florian\u00f3polis, que \u00e9 especializada no atendimento de delitos de maus-tratos contra animais dom\u00e9sticos, e a Delegacia de Combate ao Estelionato da Capital, unidade especializada que foi lan\u00e7ada em fun\u00e7\u00e3o do alto n\u00famero de registros de boletins de ocorr\u00eancia envolvendo crime de estelionato.<\/p>\n<p>O Programa Pol\u00edcia Civil por Elas desenvolve diferentes propostas visando a preven\u00e7\u00e3o e o atendimento adequado \u00e0s mulheres vitimas de viol\u00eancia no Estado.&nbsp;<span style=\"font-family: var( --e-global-typography-primary-font-family ), Sans-serif; font-size: var( --e-global-typography-primary-font-size ); font-weight: var( --e-global-typography-primary-font-weight ); letter-spacing: var( --e-global-typography-primary-letter-spacing );\">O desfile foi encerrado com o pelot\u00e3o formado por policiais e familiares, simbolizando o envolvimento da institui\u00e7\u00e3o com a sociedade catarinense.&nbsp;<\/span><\/p>\n<h4>Servi\u00e7os ao cidad\u00e3o<\/h4>\n<p><span style=\"font-family: var( --e-global-typography-text-font-family ), Sans-serif; font-size: var( --e-global-typography-text-font-size );\">Dentre os servi\u00e7os oferecidos pela Pol\u00edcia Civil ao cidad\u00e3o destaca-se a Delegacia Virtual, que disponibiliza registros de Boletins de Ocorr\u00eancia via <\/span><span style=\"font-family: var( --e-global-typography-text-font-family ), Sans-serif; font-size: var( --e-global-typography-text-font-size );\">internet, 24 horas por dia e 7 dias na semana e o Disque-Den\u00fancia 181, um servi\u00e7o destinado ao cidad\u00e3o que deseja cooperar com a Pol\u00edcia por meio de den\u00fancias.<\/span><span style=\"color: var( --e-global-color-text ); font-family: var( --e-global-typography-text-font-family ), Sans-serif; font-size: var( --e-global-typography-text-font-size );\">&nbsp;<\/span><\/p>\t\t\t\t\t\t\t\t<\/div>\n\t\t\t\t<\/div>\n\t\t\t\t\t<\/div>\n\t\t<\/div>\n\t\t\t\t\t<\/div>\n\t\t<\/section>\n\t\t\t\t<\/div>\n\t\t","protected":false},"excerpt":{"rendered":"<p>Mais de 370 policiais civis participam do desfile alusivo ao Dia da Independ\u00eancia . . . Previous Next Mais de 370 policiais civis, entre delegados, agentes de pol\u00edcia e escriv\u00e3es participaram do Desfile alusivo ao Dia da Independ\u00eancia &#8211; 7 de setembro, realizado na Av. Beira-Mar Continental, em Florian\u00f3polis.&nbsp;&nbsp;Os bin\u00f4mios (homem\/c\u00e3o) representando a Coordenadoria de [&hellip;]<\/p>\n","protected":false},"author":5,"featured_media":13307,"comment_status":"closed","ping_status":"open","sticky":false,"template":"","format":"standard","meta":{"_monsterinsights_skip_tracking":false,"_monsterinsights_sitenote_active":false,"_monsterinsights_sitenote_note":"","_monsterinsights_sitenote_category":0,"footnotes":""},"categories":[1],"tags":[],"class_list":["post-13305","post","type-post","status-publish","format-standard","has-post-thumbnail","hentry","category-sem-categoria"],"_links":{"self":[{"href":"https:\/\/pc.sc.gov.br\/index.php?rest_route=\/wp\/v2\/posts\/13305","targetHints":{"allow":["GET"]}}],"collection":[{"href":"https:\/\/pc.sc.gov.br\/index.php?rest_route=\/wp\/v2\/posts"}],"about":[{"href":"https:\/\/pc.sc.gov.br\/index.php?rest_route=\/wp\/v2\/types\/post"}],"author":[{"embeddable":true,"href":"https:\/\/pc.sc.gov.br\/index.php?rest_route=\/wp\/v2\/users\/5"}],"replies":[{"embeddable":true,"href":"https:\/\/pc.sc.gov.br\/index.php?rest_route=%2Fwp%2Fv2%2Fcomments&post=13305"}],"version-history":[{"count":4,"href":"https:\/\/pc.sc.gov.br\/index.php?rest_route=\/wp\/v2\/posts\/13305\/revisions"}],"predecessor-version":[{"id":13320,"href":"https:\/\/pc.sc.gov.br\/index.php?rest_route=\/wp\/v2\/posts\/13305\/revisions\/13320"}],"wp:featuredmedia":[{"embeddable":true,"href":"https:\/\/pc.sc.gov.br\/index.php?rest_route=\/wp\/v2\/media\/13307"}],"wp:attachment":[{"href":"https:\/\/pc.sc.gov.br\/index.php?rest_route=%2Fwp%2Fv2%2Fmedia&parent=13305"}],"wp:term":[{"taxonomy":"category","embeddable":true,"href":"https:\/\/pc.sc.gov.br\/index.php?rest_route=%2Fwp%2Fv2%2Fcategories&post=13305"},{"taxonomy":"post_tag","embeddable":true,"href":"https:\/\/pc.sc.gov.br\/index.php?rest_route=%2Fwp%2Fv2%2Ftags&post=13305"}],"curies":[{"name":"wp","href":"https:\/\/api.w.org\/{rel}","templated":true}]}}