{"id":13321,"date":"2023-09-08T10:34:46","date_gmt":"2023-09-08T13:34:46","guid":{"rendered":"https:\/\/pc.sc.gov.br\/?p=13321"},"modified":"2023-09-08T10:56:56","modified_gmt":"2023-09-08T13:56:56","slug":"encontro-nacional-de-gestores-das-policias-civis-debate-tecnologia-e-inteligencia-em-santa-catarina","status":"publish","type":"post","link":"https:\/\/pc.sc.gov.br\/?p=13321","title":{"rendered":"Encontro nacional de gestores das Pol\u00edcias Civis debate tecnologia e intelig\u00eancia em Santa Catarina"},"content":{"rendered":"\t\t<div data-elementor-type=\"wp-post\" data-elementor-id=\"13321\" class=\"elementor elementor-13321\" data-elementor-post-type=\"post\">\n\t\t\t\t\t\t<section class=\"elementor-section elementor-top-section elementor-element elementor-element-78096f4 elementor-section-boxed elementor-section-height-default elementor-section-height-default\" data-id=\"78096f4\" data-element_type=\"section\">\n\t\t\t\t\t\t<div class=\"elementor-container elementor-column-gap-default\">\n\t\t\t\t\t<div class=\"elementor-column elementor-col-100 elementor-top-column elementor-element elementor-element-3578a28\" data-id=\"3578a28\" data-element_type=\"column\">\n\t\t\t<div class=\"elementor-widget-wrap elementor-element-populated\">\n\t\t\t\t\t\t<div class=\"elementor-element elementor-element-d14a380 elementor-widget elementor-widget-heading\" data-id=\"d14a380\" data-element_type=\"widget\" data-widget_type=\"heading.default\">\n\t\t\t\t<div class=\"elementor-widget-container\">\n\t\t\t\t\t<h2 class=\"elementor-heading-title elementor-size-default\">Encontro nacional de gestores das Pol\u00edcias Civis debate tecnologia e intelig\u00eancia em Santa Catarina<\/h2>\t\t\t\t<\/div>\n\t\t\t\t<\/div>\n\t\t\t\t\t<\/div>\n\t\t<\/div>\n\t\t\t\t\t<\/div>\n\t\t<\/section>\n\t\t\t\t<section class=\"elementor-section elementor-top-section elementor-element elementor-element-323414d elementor-section-boxed elementor-section-height-default elementor-section-height-default\" data-id=\"323414d\" data-element_type=\"section\">\n\t\t\t\t\t\t<div class=\"elementor-container elementor-column-gap-default\">\n\t\t\t\t\t<div class=\"elementor-column elementor-col-100 elementor-top-column elementor-element elementor-element-60a57fb\" data-id=\"60a57fb\" data-element_type=\"column\">\n\t\t\t<div class=\"elementor-widget-wrap elementor-element-populated\">\n\t\t\t\t\t\t<div class=\"elementor-element elementor-element-214e9b1 elementor-widget elementor-widget-image\" data-id=\"214e9b1\" data-element_type=\"widget\" data-widget_type=\"image.default\">\n\t\t\t\t<div class=\"elementor-widget-container\">\n\t\t\t\t\t\t\t\t\t\t\t\t\t\t\t<img fetchpriority=\"high\" decoding=\"async\" width=\"696\" height=\"430\" src=\"https:\/\/pc.sc.gov.br\/\/wp-content\/uploads\/2023\/09\/LOGO-MALA-1024x633.jpeg\" class=\"attachment-large size-large wp-image-13336\" alt=\"\" srcset=\"https:\/\/pc.sc.gov.br\/\/wp-content\/uploads\/2023\/09\/LOGO-MALA-1024x633.jpeg 1024w, https:\/\/pc.sc.gov.br\/\/wp-content\/uploads\/2023\/09\/LOGO-MALA-300x185.jpeg 300w, https:\/\/pc.sc.gov.br\/\/wp-content\/uploads\/2023\/09\/LOGO-MALA-768x475.jpeg 768w, https:\/\/pc.sc.gov.br\/\/wp-content\/uploads\/2023\/09\/LOGO-MALA-1536x949.jpeg 1536w, https:\/\/pc.sc.gov.br\/\/wp-content\/uploads\/2023\/09\/LOGO-MALA.jpeg 1592w\" sizes=\"(max-width: 696px) 100vw, 696px\" \/>\t\t\t\t\t\t\t\t\t\t\t\t\t\t\t<\/div>\n\t\t\t\t<\/div>\n\t\t\t\t\t<\/div>\n\t\t<\/div>\n\t\t\t\t\t<\/div>\n\t\t<\/section>\n\t\t\t\t<section class=\"elementor-section elementor-top-section elementor-element elementor-element-df7de60 elementor-section-boxed elementor-section-height-default elementor-section-height-default\" data-id=\"df7de60\" data-element_type=\"section\">\n\t\t\t\t\t\t<div class=\"elementor-container elementor-column-gap-default\">\n\t\t\t\t\t<div class=\"elementor-column elementor-col-100 elementor-top-column elementor-element elementor-element-3b3517b\" data-id=\"3b3517b\" data-element_type=\"column\">\n\t\t\t<div class=\"elementor-widget-wrap elementor-element-populated\">\n\t\t\t\t\t\t<div class=\"elementor-element elementor-element-61e9382 elementor-widget elementor-widget-text-editor\" data-id=\"61e9382\" data-element_type=\"widget\" data-widget_type=\"text-editor.default\">\n\t\t\t\t<div class=\"elementor-widget-container\">\n\t\t\t\t\t\t\t\t\t<p>O Conselho Nacional dos Chefes de Pol\u00edcia Civil (CONCPC) realiza entre os dias 10 e 14 de setembro, o 2\u00ba Encontro Nacional de Tecnologia e Intelig\u00eancia para L\u00edderes e Gestores da Policia Civil, no Cost\u00e3o do Santinho, em Florian\u00f3polis, e ter\u00e1 a Pol\u00edcia Civil de Santa Catarina como anfitri\u00e3 do evento. O evento der abertura ter\u00e1 transmiss\u00e3o pelo canal do YouTube da PCSC (<a href=\"https:\/\/www.youtube.com\/@pcscoficial\/streams\" target=\"_blank\" rel=\"noopener\">https:\/\/www.youtube.com\/@pcscoficial\/streams<\/a>).<\/p><p><span style=\"font-family: var( --e-global-typography-primary-font-family ), Sans-serif; font-size: var( --e-global-typography-primary-font-size ); font-weight: var( --e-global-typography-primary-font-weight ); letter-spacing: var( --e-global-typography-primary-letter-spacing );\">A abertura oficial do encontro ser\u00e1 \u00e0s 9h, em solenidade que contar\u00e1 com a presen\u00e7a do delegado-geral da Pol\u00edcia Civil de SC, Ulisses Gabriel, e chefes de pol\u00edcia, diretores de intelig\u00eancia e gestores de tecnologia da informa\u00e7\u00e3o das Pol\u00edcias Civis de todo o pa\u00eds.\u00a0\u00a0<\/span><span style=\"font-family: var( --e-global-typography-primary-font-family ), Sans-serif; font-size: var( --e-global-typography-primary-font-size ); font-weight: var( --e-global-typography-primary-font-weight ); letter-spacing: var( --e-global-typography-primary-letter-spacing );\">Na pauta do encontro ser\u00e3o abordados temas envolvendo tecnologia com destaque para crimes cibern\u00e9ticos, redes de prote\u00e7\u00e3o nas escolas, forma\u00e7\u00e3o de rede tecnol\u00f3gica das pol\u00edcias civis, entre outros assuntos pertinentes \u00e0 seguran\u00e7a p\u00fablica.<\/span><\/p><p><span style=\"font-family: var( --e-global-typography-primary-font-family ), Sans-serif; font-size: var( --e-global-typography-primary-font-size ); letter-spacing: var( --e-global-typography-primary-letter-spacing );\"><b>Palestras de abertura<\/b><\/span><\/p><p>Ap\u00f3s a solenidade de abertura est\u00e3o prevista duas palestras: a primeira com o Secret\u00e1rio Nacional de Seguran\u00e7a P\u00fablica, Francisco Tadeu de Alencar que apresenta \u201cOs desafios da Senasp para estruturar as Pol\u00edcias Civis do Pa\u00eds\u201d. A segunda \u00e9 com o Diretor de Intelig\u00eancia e Opera\u00e7\u00f5es de Seguran\u00e7a P\u00fablica, Romano Costa que apresenta &#8220;A intelig\u00eancias e as opera\u00e7\u00f5es de Pol\u00edcia Judici\u00e1ria&#8221;.<\/p><p>A programa\u00e7\u00e3o do 2\u00ba Encontro de Gestores na Pol\u00edcia Civil prossegue at\u00e9 a pr\u00f3xima quinta-feira com grupos de trabalho e discuss\u00f5es tem\u00e1ticas para delegados, diretores de intelig\u00eancia e Gestores de TI.\u00a0<\/p><p>O 2\u00aa Encontro de Gestores na Pol\u00edcia Civil contou o\u00a0 fundamental apoio do Conselho Nacional dos Chefes de Pol\u00edcia (CONCPC), e da Pol\u00edcia Civil do Estado de Santa Catarina (PCSC).<\/p><p><span style=\"font-family: var( --e-global-typography-text-font-family ), Sans-serif; font-size: var( --e-global-typography-text-font-size ); font-weight: var( --e-global-typography-text-font-weight );\">O CONCPC<\/span><\/p><p>O Conselho Nacional dos Chefes de Pol\u00edcia (CONCPC) foi criado em 1998 e \u00e9 composto pelos chefes de Pol\u00edcia, delegados-gerais e diretores-gerais das pol\u00edcias civis de todos os Estados do Brasil e do Distrito Federal.<\/p><p>O CONCPC se re\u00fane periodicamente para tratar de temas referentes \u00e0 atua\u00e7\u00e3o das pol\u00edcias civis, visando ao interc\u00e2mbio de pr\u00e1ticas e experi\u00eancias para qualificar a investiga\u00e7\u00e3o criminal. Al\u00e9m dos Conselheiros, participam como convidados das reuni\u00f5es ministros de Estado, ministros de tribunais superiores, governadores, secret\u00e1rios de Estado, deputados federais e estaduais, dentre outras autoridades, sempre discutindo formas de combater a criminalidade.<\/p><p>As decis\u00f5es do CONCPC s\u00e3o consubstanciadas em resolu\u00e7\u00f5es e t\u00eam car\u00e1ter orientativo para as Pol\u00edcias Civis dos Estados e do Distrito Federal, que t\u00eam a atribui\u00e7\u00e3o de investiga\u00e7\u00e3o criminal e fun\u00e7\u00e3o de Pol\u00edcia Judici\u00e1ria civil.<\/p><p>Al\u00e9m disso, o CONCPC coordena opera\u00e7\u00f5es nacionais para combater os mais diversos crimes em que a atribui\u00e7\u00e3o para investiga\u00e7\u00e3o \u00e9 das pol\u00edcias civis dos Estados e do Distrito Federal.<\/p><div>\u00a0<\/div>\t\t\t\t\t\t\t\t<\/div>\n\t\t\t\t<\/div>\n\t\t\t\t\t<\/div>\n\t\t<\/div>\n\t\t\t\t\t<\/div>\n\t\t<\/section>\n\t\t\t\t<\/div>\n\t\t","protected":false},"excerpt":{"rendered":"<p>Encontro nacional de gestores das Pol\u00edcias Civis debate tecnologia e intelig\u00eancia em Santa Catarina O Conselho Nacional dos Chefes de Pol\u00edcia Civil (CONCPC) realiza entre os dias 10 e 14 de setembro, o 2\u00ba Encontro Nacional de Tecnologia e Intelig\u00eancia para L\u00edderes e Gestores da Policia Civil, no Cost\u00e3o do Santinho, em Florian\u00f3polis, e ter\u00e1 [&hellip;]<\/p>\n","protected":false},"author":5,"featured_media":13336,"comment_status":"closed","ping_status":"open","sticky":false,"template":"","format":"standard","meta":{"_monsterinsights_skip_tracking":false,"_monsterinsights_sitenote_active":false,"_monsterinsights_sitenote_note":"","_monsterinsights_sitenote_category":0,"footnotes":""},"categories":[1],"tags":[],"class_list":["post-13321","post","type-post","status-publish","format-standard","has-post-thumbnail","hentry","category-sem-categoria"],"_links":{"self":[{"href":"https:\/\/pc.sc.gov.br\/index.php?rest_route=\/wp\/v2\/posts\/13321","targetHints":{"allow":["GET"]}}],"collection":[{"href":"https:\/\/pc.sc.gov.br\/index.php?rest_route=\/wp\/v2\/posts"}],"about":[{"href":"https:\/\/pc.sc.gov.br\/index.php?rest_route=\/wp\/v2\/types\/post"}],"author":[{"embeddable":true,"href":"https:\/\/pc.sc.gov.br\/index.php?rest_route=\/wp\/v2\/users\/5"}],"replies":[{"embeddable":true,"href":"https:\/\/pc.sc.gov.br\/index.php?rest_route=%2Fwp%2Fv2%2Fcomments&post=13321"}],"version-history":[{"count":17,"href":"https:\/\/pc.sc.gov.br\/index.php?rest_route=\/wp\/v2\/posts\/13321\/revisions"}],"predecessor-version":[{"id":13340,"href":"https:\/\/pc.sc.gov.br\/index.php?rest_route=\/wp\/v2\/posts\/13321\/revisions\/13340"}],"wp:featuredmedia":[{"embeddable":true,"href":"https:\/\/pc.sc.gov.br\/index.php?rest_route=\/wp\/v2\/media\/13336"}],"wp:attachment":[{"href":"https:\/\/pc.sc.gov.br\/index.php?rest_route=%2Fwp%2Fv2%2Fmedia&parent=13321"}],"wp:term":[{"taxonomy":"category","embeddable":true,"href":"https:\/\/pc.sc.gov.br\/index.php?rest_route=%2Fwp%2Fv2%2Fcategories&post=13321"},{"taxonomy":"post_tag","embeddable":true,"href":"https:\/\/pc.sc.gov.br\/index.php?rest_route=%2Fwp%2Fv2%2Ftags&post=13321"}],"curies":[{"name":"wp","href":"https:\/\/api.w.org\/{rel}","templated":true}]}}