{"id":13341,"date":"2023-09-11T16:08:56","date_gmt":"2023-09-11T19:08:56","guid":{"rendered":"https:\/\/pc.sc.gov.br\/?p=13341"},"modified":"2023-09-11T16:11:10","modified_gmt":"2023-09-11T19:11:10","slug":"santa-catarina-recebe-chefes-de-policia-civil-de-todo-o-pais-para-debater-tecnologia-e-inteligencia-policial","status":"publish","type":"post","link":"https:\/\/pc.sc.gov.br\/?p=13341","title":{"rendered":"Santa Catarina recebe chefes de Pol\u00edcia Civil de todo o pa\u00eds para debater tecnologia e intelig\u00eancia policial"},"content":{"rendered":"\t\t<div data-elementor-type=\"wp-post\" data-elementor-id=\"13341\" class=\"elementor elementor-13341\" data-elementor-post-type=\"post\">\n\t\t\t\t\t\t<section class=\"elementor-section elementor-top-section elementor-element elementor-element-0b8398b elementor-section-boxed elementor-section-height-default elementor-section-height-default\" data-id=\"0b8398b\" data-element_type=\"section\">\n\t\t\t\t\t\t<div class=\"elementor-container elementor-column-gap-default\">\n\t\t\t\t\t<div class=\"elementor-column elementor-col-100 elementor-top-column elementor-element elementor-element-3b0d055\" data-id=\"3b0d055\" data-element_type=\"column\">\n\t\t\t<div class=\"elementor-widget-wrap elementor-element-populated\">\n\t\t\t\t\t\t<div class=\"elementor-element elementor-element-d7697dc elementor--h-position-center elementor--v-position-middle elementor-arrows-position-inside elementor-pagination-position-inside elementor-widget elementor-widget-slides\" data-id=\"d7697dc\" data-element_type=\"widget\" data-settings=\"{&quot;navigation&quot;:&quot;both&quot;,&quot;autoplay&quot;:&quot;yes&quot;,&quot;pause_on_hover&quot;:&quot;yes&quot;,&quot;pause_on_interaction&quot;:&quot;yes&quot;,&quot;autoplay_speed&quot;:5000,&quot;infinite&quot;:&quot;yes&quot;,&quot;transition&quot;:&quot;slide&quot;,&quot;transition_speed&quot;:500}\" data-widget_type=\"slides.default\">\n\t\t\t\t<div class=\"elementor-widget-container\">\n\t\t\t\t\t\t\t\t\t<div class=\"elementor-swiper\">\n\t\t\t\t\t<div class=\"elementor-slides-wrapper elementor-main-swiper swiper\" role=\"region\" aria-roledescription=\"carousel\" aria-label=\"Slides\" dir=\"ltr\" data-animation=\"fadeInUp\">\n\t\t\t\t<div class=\"swiper-wrapper elementor-slides\">\n\t\t\t\t\t\t\t\t\t\t<div class=\"elementor-repeater-item-bd780cc swiper-slide\" role=\"group\" aria-roledescription=\"slide\"><div class=\"swiper-slide-bg\" role=\"img\" aria-label=\"53180690429_7419af1bf1_k\"><\/div><div class=\"swiper-slide-inner\" ><div class=\"swiper-slide-contents\"><div class=\"elementor-slide-description\"> <\/div><\/div><\/div><\/div><div class=\"elementor-repeater-item-1f5af0e swiper-slide\" role=\"group\" aria-roledescription=\"slide\"><div class=\"swiper-slide-bg\" role=\"img\" aria-label=\"53180690844_283be8b91c_k\"><\/div><div class=\"swiper-slide-inner\" ><div class=\"swiper-slide-contents\"><\/div><\/div><\/div><div class=\"elementor-repeater-item-28adff1 swiper-slide\" role=\"group\" aria-roledescription=\"slide\"><div class=\"swiper-slide-bg\" role=\"img\" aria-label=\"53180933985_a01b750b4b_k\"><\/div><div class=\"swiper-slide-inner\" ><div class=\"swiper-slide-contents\"><\/div><\/div><\/div>\t\t\t\t<\/div>\n\t\t\t\t\t\t\t\t\t\t\t\t\t\t\t<div class=\"elementor-swiper-button elementor-swiper-button-prev\" role=\"button\" tabindex=\"0\" aria-label=\"Previous slide\">\n\t\t\t\t\t\t\t<i aria-hidden=\"true\" class=\"eicon-chevron-left\"><\/i>\t\t\t\t\t\t<\/div>\n\t\t\t\t\t\t<div class=\"elementor-swiper-button elementor-swiper-button-next\" role=\"button\" tabindex=\"0\" aria-label=\"Next slide\">\n\t\t\t\t\t\t\t<i aria-hidden=\"true\" class=\"eicon-chevron-right\"><\/i>\t\t\t\t\t\t<\/div>\n\t\t\t\t\t\t\t\t\t\t\t\t\t\t\t\t<div class=\"swiper-pagination\"><\/div>\n\t\t\t\t\t\t\t\t\t\t\t\t<\/div>\n\t\t\t\t<\/div>\n\t\t\t\t\t\t\t\t<\/div>\n\t\t\t\t<\/div>\n\t\t\t\t\t<\/div>\n\t\t<\/div>\n\t\t\t\t\t<\/div>\n\t\t<\/section>\n\t\t\t\t<section class=\"elementor-section elementor-top-section elementor-element elementor-element-493a871 elementor-section-boxed elementor-section-height-default elementor-section-height-default\" data-id=\"493a871\" data-element_type=\"section\">\n\t\t\t\t\t\t<div class=\"elementor-container elementor-column-gap-default\">\n\t\t\t\t\t<div class=\"elementor-column elementor-col-100 elementor-top-column elementor-element elementor-element-d254e3a\" data-id=\"d254e3a\" data-element_type=\"column\">\n\t\t\t<div class=\"elementor-widget-wrap elementor-element-populated\">\n\t\t\t\t\t\t<div class=\"elementor-element elementor-element-5c9b5d1 elementor-widget elementor-widget-text-editor\" data-id=\"5c9b5d1\" data-element_type=\"widget\" data-widget_type=\"text-editor.default\">\n\t\t\t\t<div class=\"elementor-widget-container\">\n\t\t\t\t\t\t\t\t\t<p><span style=\"font-family: var( --e-global-typography-text-font-family ), Sans-serif; font-size: var( --e-global-typography-text-font-size );\">N<\/span><span style=\"font-family: var( --e-global-typography-text-font-family ), Sans-serif; font-size: var( --e-global-typography-text-font-size );\">a solenidade de abertura do 2\u00ba Encontro Nacional de Tecnologia e Intelig\u00eancia para L\u00edderes e Gestores da Pol\u00edcia Civil, evento que ocorre at\u00e9 a pr\u00f3xima quinta-feira (14), em Florian\u00f3polis, o delegado-geral da PCSC, Ulisses Gabriel, apresentou as a\u00e7\u00f5es e os bons resultados que a institui\u00e7\u00e3o vem obtendo ao longo dos oito primeiros meses do ano. O encontro \u00e9 uma realiza\u00e7\u00e3o do Conselho Nacional dos Chefes de Pol\u00edcia Civil (CONCPC) e re\u00fane cerca de 80 pessoas entre delegados, diretores de intelig\u00eancia e de tecnologia que atuam nas pol\u00edcias civis de todo o pa\u00eds.<\/span><br><\/p>\n<p>O delegado-geral destacou que a Pol\u00edcia Civil vem registrando queda no n\u00famero de homic\u00eddios (queda de 1,79%), latroc\u00ednios (75%) e estelionatos (10,4%). \u201cEm rela\u00e7\u00e3o a estelionatos tivemos um aumento de 44% entre os anos de 2021 e 2022. Com a instala\u00e7\u00e3o das delegacias de estelionato e o refor\u00e7o na Delegacia de Defrauda\u00e7\u00f5es da DEIC, esse n\u00famero caiu para 10,7%.\u201d Ulisses Gabriel assinalou que a Pol\u00edcia Civil faz pris\u00f5es qualificadas, por meio de mandados de pris\u00e3o concedidos pelo Judici\u00e1rio, a partir de inqu\u00e9ritos robustos. \u201cDesta forma enseja \u00edndices que reduzem a criminalidade\u201d, disse.<\/p>\n<p>Ulisses Gabriel destacou ainda que a PCSC tem um amplo programa de prote\u00e7\u00e3o \u00e0s mulheres e \u00e0s crian\u00e7as. O PC Por Elas \u2013 a\u00e7\u00e3o da Coordenadoria das DPCAMIs \u2013 atua em diversas frentes com a realiza\u00e7\u00e3o de palestras, rodas de conversa, acolhimento das v\u00edtimas de viol\u00eancia dom\u00e9stica. \u201cAl\u00e9m das delegacias especializadas temos as salas de acolhimento e as Salas Lil\u00e1s, \u00e1reas especiais nas Centrais de Plant\u00e3o de Pol\u00edcia, destinadas ao atendimento de v\u00edtimas de viol\u00eancia dom\u00e9stica.\u201d Importante ressaltar que as crian\u00e7as e adolescentes tamb\u00e9m recebem aten\u00e7\u00e3o especial com o Programa Minha Voz Tem Vez que se subdivide em Proteja uma Crian\u00e7a e Conhecer para se proteger.<\/p>\n<p>Representando o governador Jorginho Mello, o Secret\u00e1rio da Seguran\u00e7a P\u00fablica, Paulo Cezar Ramos de Oliveira, ressaltou a import\u00e2ncia do uso da tecnologia no combate \u00e0 criminalidade e da integra\u00e7\u00e3o e da troca de experi\u00eancias entre as institui\u00e7\u00f5es.<\/p>\n<p>O Presidente do CONCPC, Roberto Gurgel de Oliveira Filho, chefe de Pol\u00edcia do Mato Grosso do Sul disse que o encontro permite a troca de experi\u00eancia sobre termas envolvendo tecnologia com destaque para crimes cibern\u00e9ticos, redes de prote\u00e7\u00e3o nas escolas, forma\u00e7\u00e3o de rede tecnol\u00f3gica das pol\u00edcias civis, entre outros assuntos pertinentes \u00e0 seguran\u00e7a p\u00fablica.<\/p>\n<p>Ap\u00f3s a solenidade de abertura o Secret\u00e1rio Nacional de Seguran\u00e7a P\u00fablica, Francisco Tadeu de Alencar falou sobre \u201cOs desafios da Senasp para estruturar as Pol\u00edcias Civis do Pa\u00eds\u201d. Em seguida, o Diretor de Intelig\u00eancia e Opera\u00e7\u00f5es de Seguran\u00e7a P\u00fablica, Romano Costa, abordou A Intelig\u00eancia e as Opera\u00e7\u00f5es de Pol\u00edcia Judici\u00e1ria.<\/p>\n<p>O perito-geral adjunto da Pol\u00edcia Cient\u00edfica de Santa Catarina, Douglas de Oliveira Balen, parabenizou a organiza\u00e7\u00e3o do evento pela sua grandeza e import\u00e2ncia para o atual cen\u00e1rio enfrentado pela Seguran\u00e7a P\u00fablica. E destacou a alta relev\u00e2ncia que hoje representa o papel da tecnologia e das estrat\u00e9gias de intelig\u00eancia no combate aos crimes praticados em ambiente digital.<\/p>\n<p>A programa\u00e7\u00e3o do 2\u00ba Encontro de Gestores na Pol\u00edcia Civil prossegue at\u00e9 a pr\u00f3xima quinta-feira com grupos de trabalho e discuss\u00f5es tem\u00e1ticas para delegados, diretores de intelig\u00eancia e Gestores de TI.&nbsp;<\/p>\n<p>O 2\u00aa Encontro de Gestores na Pol\u00edcia Civil contou o fundamental apoio do Conselho Nacional dos Chefes de Pol\u00edcia (CONCPC), e da Pol\u00edcia Civil do Estado de Santa Catarina (PCSC).<\/p>\t\t\t\t\t\t\t\t<\/div>\n\t\t\t\t<\/div>\n\t\t\t\t\t<\/div>\n\t\t<\/div>\n\t\t\t\t\t<\/div>\n\t\t<\/section>\n\t\t\t\t<\/div>\n\t\t","protected":false},"excerpt":{"rendered":"<p>Previous Next Na solenidade de abertura do 2\u00ba Encontro Nacional de Tecnologia e Intelig\u00eancia para L\u00edderes e Gestores da Pol\u00edcia Civil, evento que ocorre at\u00e9 a pr\u00f3xima quinta-feira (14), em Florian\u00f3polis, o delegado-geral da PCSC, Ulisses Gabriel, apresentou as a\u00e7\u00f5es e os bons resultados que a institui\u00e7\u00e3o vem obtendo ao longo dos oito primeiros meses [&hellip;]<\/p>\n","protected":false},"author":5,"featured_media":13346,"comment_status":"closed","ping_status":"open","sticky":false,"template":"","format":"standard","meta":{"_monsterinsights_skip_tracking":false,"_monsterinsights_sitenote_active":false,"_monsterinsights_sitenote_note":"","_monsterinsights_sitenote_category":0,"footnotes":""},"categories":[1],"tags":[],"class_list":["post-13341","post","type-post","status-publish","format-standard","has-post-thumbnail","hentry","category-sem-categoria"],"_links":{"self":[{"href":"https:\/\/pc.sc.gov.br\/index.php?rest_route=\/wp\/v2\/posts\/13341","targetHints":{"allow":["GET"]}}],"collection":[{"href":"https:\/\/pc.sc.gov.br\/index.php?rest_route=\/wp\/v2\/posts"}],"about":[{"href":"https:\/\/pc.sc.gov.br\/index.php?rest_route=\/wp\/v2\/types\/post"}],"author":[{"embeddable":true,"href":"https:\/\/pc.sc.gov.br\/index.php?rest_route=\/wp\/v2\/users\/5"}],"replies":[{"embeddable":true,"href":"https:\/\/pc.sc.gov.br\/index.php?rest_route=%2Fwp%2Fv2%2Fcomments&post=13341"}],"version-history":[{"count":4,"href":"https:\/\/pc.sc.gov.br\/index.php?rest_route=\/wp\/v2\/posts\/13341\/revisions"}],"predecessor-version":[{"id":13364,"href":"https:\/\/pc.sc.gov.br\/index.php?rest_route=\/wp\/v2\/posts\/13341\/revisions\/13364"}],"wp:featuredmedia":[{"embeddable":true,"href":"https:\/\/pc.sc.gov.br\/index.php?rest_route=\/wp\/v2\/media\/13346"}],"wp:attachment":[{"href":"https:\/\/pc.sc.gov.br\/index.php?rest_route=%2Fwp%2Fv2%2Fmedia&parent=13341"}],"wp:term":[{"taxonomy":"category","embeddable":true,"href":"https:\/\/pc.sc.gov.br\/index.php?rest_route=%2Fwp%2Fv2%2Fcategories&post=13341"},{"taxonomy":"post_tag","embeddable":true,"href":"https:\/\/pc.sc.gov.br\/index.php?rest_route=%2Fwp%2Fv2%2Ftags&post=13341"}],"curies":[{"name":"wp","href":"https:\/\/api.w.org\/{rel}","templated":true}]}}