{"id":13383,"date":"2023-09-12T14:03:28","date_gmt":"2023-09-12T17:03:28","guid":{"rendered":"https:\/\/pc.sc.gov.br\/?p=13383"},"modified":"2023-09-12T14:27:27","modified_gmt":"2023-09-12T17:27:27","slug":"parceria-entre-policia-civil-e-receita-federal-resulta-na-doacao-de-39-mil-aparelhos-celulares-que-serao-destinados-as-equipes-de-investigacao","status":"publish","type":"post","link":"https:\/\/pc.sc.gov.br\/?p=13383","title":{"rendered":"Parceria entre Pol\u00edcia Civil e Receita Federal resulta na doa\u00e7\u00e3o de 3,9 mil aparelhos celulares que ser\u00e3o destinados \u00e0s equipes de investiga\u00e7\u00e3o"},"content":{"rendered":"\t\t<div data-elementor-type=\"wp-post\" data-elementor-id=\"13383\" class=\"elementor elementor-13383\" data-elementor-post-type=\"post\">\n\t\t\t\t\t\t<section class=\"elementor-section elementor-top-section elementor-element elementor-element-9e02f81 elementor-section-boxed elementor-section-height-default elementor-section-height-default\" data-id=\"9e02f81\" data-element_type=\"section\">\n\t\t\t\t\t\t<div class=\"elementor-container elementor-column-gap-default\">\n\t\t\t\t\t<div class=\"elementor-column elementor-col-100 elementor-top-column elementor-element elementor-element-c0bd054\" data-id=\"c0bd054\" data-element_type=\"column\">\n\t\t\t<div class=\"elementor-widget-wrap elementor-element-populated\">\n\t\t\t\t\t\t<div class=\"elementor-element elementor-element-7f27aca elementor-widget elementor-widget-heading\" data-id=\"7f27aca\" data-element_type=\"widget\" data-widget_type=\"heading.default\">\n\t\t\t\t<div class=\"elementor-widget-container\">\n\t\t\t\t\t<h2 class=\"elementor-heading-title elementor-size-default\">Parceria entre Pol\u00edcia Civil e Receita Federal resulta na doa\u00e7\u00e3o de 3,9 mil aparelhos celulares que ser\u00e3o destinados \u00e0s equipes de investiga\u00e7\u00e3o<\/h2>\t\t\t\t<\/div>\n\t\t\t\t<\/div>\n\t\t\t\t\t<\/div>\n\t\t<\/div>\n\t\t\t\t\t<\/div>\n\t\t<\/section>\n\t\t\t\t<section class=\"elementor-section elementor-top-section elementor-element elementor-element-bbaa5d7 elementor-section-boxed elementor-section-height-default elementor-section-height-default\" data-id=\"bbaa5d7\" data-element_type=\"section\">\n\t\t\t\t\t\t<div class=\"elementor-container elementor-column-gap-default\">\n\t\t\t\t\t<div class=\"elementor-column elementor-col-100 elementor-top-column elementor-element elementor-element-3e45e3f\" data-id=\"3e45e3f\" data-element_type=\"column\">\n\t\t\t<div class=\"elementor-widget-wrap elementor-element-populated\">\n\t\t\t\t\t\t<div class=\"elementor-element elementor-element-06709ef elementor-widget elementor-widget-image\" data-id=\"06709ef\" data-element_type=\"widget\" data-widget_type=\"image.default\">\n\t\t\t\t<div class=\"elementor-widget-container\">\n\t\t\t\t\t\t\t\t\t\t\t\t\t\t\t<img fetchpriority=\"high\" decoding=\"async\" width=\"696\" height=\"464\" src=\"https:\/\/pc.sc.gov.br\/\/wp-content\/uploads\/2023\/09\/WhatsApp-Image-2023-09-12-at-11.04.56-1-1024x682.jpeg\" class=\"attachment-large size-large wp-image-13387\" alt=\"\" srcset=\"https:\/\/pc.sc.gov.br\/\/wp-content\/uploads\/2023\/09\/WhatsApp-Image-2023-09-12-at-11.04.56-1-1024x682.jpeg 1024w, https:\/\/pc.sc.gov.br\/\/wp-content\/uploads\/2023\/09\/WhatsApp-Image-2023-09-12-at-11.04.56-1-300x200.jpeg 300w, https:\/\/pc.sc.gov.br\/\/wp-content\/uploads\/2023\/09\/WhatsApp-Image-2023-09-12-at-11.04.56-1-768x512.jpeg 768w, https:\/\/pc.sc.gov.br\/\/wp-content\/uploads\/2023\/09\/WhatsApp-Image-2023-09-12-at-11.04.56-1-1536x1023.jpeg 1536w, https:\/\/pc.sc.gov.br\/\/wp-content\/uploads\/2023\/09\/WhatsApp-Image-2023-09-12-at-11.04.56-1.jpeg 1600w\" sizes=\"(max-width: 696px) 100vw, 696px\" \/>\t\t\t\t\t\t\t\t\t\t\t\t\t\t\t<\/div>\n\t\t\t\t<\/div>\n\t\t\t\t\t<\/div>\n\t\t<\/div>\n\t\t\t\t\t<\/div>\n\t\t<\/section>\n\t\t\t\t<section class=\"elementor-section elementor-top-section elementor-element elementor-element-c418752 elementor-section-boxed elementor-section-height-default elementor-section-height-default\" data-id=\"c418752\" data-element_type=\"section\">\n\t\t\t\t\t\t<div class=\"elementor-container elementor-column-gap-default\">\n\t\t\t\t\t<div class=\"elementor-column elementor-col-100 elementor-top-column elementor-element elementor-element-d7f8248\" data-id=\"d7f8248\" data-element_type=\"column\">\n\t\t\t<div class=\"elementor-widget-wrap elementor-element-populated\">\n\t\t\t\t\t\t<div class=\"elementor-element elementor-element-9933e98 elementor-widget elementor-widget-text-editor\" data-id=\"9933e98\" data-element_type=\"widget\" data-widget_type=\"text-editor.default\">\n\t\t\t\t<div class=\"elementor-widget-container\">\n\t\t\t\t\t\t\t\t\t<p>O governador Jorginho Mello recebeu nesta segunda-feira (11) em audi\u00eancia conjunta o superintendente-adjunto da 9\u00aa Regi\u00e3o Fiscal da Receita Federal, Er\u00edton Lima de Oliveira, e o delegado-geral da Pol\u00edcia Civil de Santa Catarina, Ulisses Gabriel, para o an\u00fancio de uma iniciativa de colabora\u00e7\u00e3o entre as duas institui\u00e7\u00f5es. O resultado dessa reuni\u00e3o foi a doa\u00e7\u00e3o de aparelhos de telefone de alto desempenho \u00e0 Pol\u00edcia Civil, representando um valor aproximado de R$3 milh\u00f5es e proporcionando uma economia estimada em R$ 100 mil por m\u00eas.<\/p>\n<p>&#8220;Essa parceria com a Receita Federal nos permitir\u00e1 reduzir significativamente nossos gastos mensais, passando de R$150 mil para aproximadamente R$50 mil. Ao todo, foram doados 3900 aparelhos telef\u00f4nicos, os quais ser\u00e3o distribu\u00eddos aos policiais civis catarinenses. Ent\u00e3o, com isso, ser\u00e1 disponibilizado uma ferramenta de investiga\u00e7\u00e3o, que \u00e9 um celular de alta performance, com c\u00e2meras inteiramente qualificadas e com internet, para que o policial possa realizar seu trabalho com excel\u00eancia&#8221; ressalta Ulisses.<\/p>\n<p><b>Detalhes da Doa\u00e7\u00e3o<\/b><\/p>\n<p>Durante a audi\u00eancia ficou acordado que a Receita Federal disponibilizar\u00e1 3,9 mil aparelhos de telefone para uso pela Pol\u00edcia Civil de Santa Catarina. Essa doa\u00e7\u00e3o, fruto de apreens\u00f5es realizadas pela Receita Federal, \u00e9 estrat\u00e9gica tem o potencial de otimizar as opera\u00e7\u00f5es da Pol\u00edcia Civil, melhorar a comunica\u00e7\u00e3o interna e contribuir para a Seguran\u00e7a P\u00fablica no estado pela melhoria das tecnologias utilizadas pelas For\u00e7as de Seguran\u00e7a.<\/p>\n<p><b>Impacto Financeiro&nbsp;<\/b><\/p>\n<p>A doa\u00e7\u00e3o desses aparelhos de telefone n\u00e3o apenas fortalecer\u00e1 a infraestrutura de comunica\u00e7\u00e3o da Pol\u00edcia Civil, mas tamb\u00e9m resultar\u00e1 em uma economia substancial de recursos. Estima-se que, ao longo de 30 meses, a economia total alcance a marca de R$ 3 milh\u00f5es, que poder\u00e3o ser alocados para outros investimentos e necessidades dentro da institui\u00e7\u00e3o.<\/p>\n<p>Essa colabora\u00e7\u00e3o entre a Receita Federal e a Pol\u00edcia Civil de Santa Catarina destaca a import\u00e2ncia da coopera\u00e7\u00e3o interinstitucional e do uso criativo de recursos para benef\u00edcio da Seguran\u00e7a e da efici\u00eancia do servi\u00e7o p\u00fablico.<\/p>\n<p>Estavam presentes tamb\u00e9m, Mauro Batista Neto, delegado da Receita Federal de Joa\u00e7aba, Alessandra Padovani, delegada da alf\u00e2ndega de Florian\u00f3polis, delegado Pedro Henrique Mendes, gerente de investiga\u00e7\u00f5es da DEIC, delegado Thiago de Freitas Nogueira, gerente de apoio operacional da PC, delegado Gustavo Altemar, diretor administrativo financeiro da PC e delegado Daniel R\u00e9gis, diretor da DEIC.<\/p>\n<div>&nbsp;<\/div>\t\t\t\t\t\t\t\t<\/div>\n\t\t\t\t<\/div>\n\t\t\t\t\t<\/div>\n\t\t<\/div>\n\t\t\t\t\t<\/div>\n\t\t<\/section>\n\t\t\t\t<\/div>\n\t\t","protected":false},"excerpt":{"rendered":"<p>Parceria entre Pol\u00edcia Civil e Receita Federal resulta na doa\u00e7\u00e3o de 3,9 mil aparelhos celulares que ser\u00e3o destinados \u00e0s equipes de investiga\u00e7\u00e3o O governador Jorginho Mello recebeu nesta segunda-feira (11) em audi\u00eancia conjunta o superintendente-adjunto da 9\u00aa Regi\u00e3o Fiscal da Receita Federal, Er\u00edton Lima de Oliveira, e o delegado-geral da Pol\u00edcia Civil de Santa Catarina, [&hellip;]<\/p>\n","protected":false},"author":5,"featured_media":13388,"comment_status":"closed","ping_status":"open","sticky":false,"template":"","format":"standard","meta":{"_monsterinsights_skip_tracking":false,"_monsterinsights_sitenote_active":false,"_monsterinsights_sitenote_note":"","_monsterinsights_sitenote_category":0,"footnotes":""},"categories":[1],"tags":[],"class_list":["post-13383","post","type-post","status-publish","format-standard","has-post-thumbnail","hentry","category-sem-categoria"],"_links":{"self":[{"href":"https:\/\/pc.sc.gov.br\/index.php?rest_route=\/wp\/v2\/posts\/13383","targetHints":{"allow":["GET"]}}],"collection":[{"href":"https:\/\/pc.sc.gov.br\/index.php?rest_route=\/wp\/v2\/posts"}],"about":[{"href":"https:\/\/pc.sc.gov.br\/index.php?rest_route=\/wp\/v2\/types\/post"}],"author":[{"embeddable":true,"href":"https:\/\/pc.sc.gov.br\/index.php?rest_route=\/wp\/v2\/users\/5"}],"replies":[{"embeddable":true,"href":"https:\/\/pc.sc.gov.br\/index.php?rest_route=%2Fwp%2Fv2%2Fcomments&post=13383"}],"version-history":[{"count":4,"href":"https:\/\/pc.sc.gov.br\/index.php?rest_route=\/wp\/v2\/posts\/13383\/revisions"}],"predecessor-version":[{"id":13392,"href":"https:\/\/pc.sc.gov.br\/index.php?rest_route=\/wp\/v2\/posts\/13383\/revisions\/13392"}],"wp:featuredmedia":[{"embeddable":true,"href":"https:\/\/pc.sc.gov.br\/index.php?rest_route=\/wp\/v2\/media\/13388"}],"wp:attachment":[{"href":"https:\/\/pc.sc.gov.br\/index.php?rest_route=%2Fwp%2Fv2%2Fmedia&parent=13383"}],"wp:term":[{"taxonomy":"category","embeddable":true,"href":"https:\/\/pc.sc.gov.br\/index.php?rest_route=%2Fwp%2Fv2%2Fcategories&post=13383"},{"taxonomy":"post_tag","embeddable":true,"href":"https:\/\/pc.sc.gov.br\/index.php?rest_route=%2Fwp%2Fv2%2Ftags&post=13383"}],"curies":[{"name":"wp","href":"https:\/\/api.w.org\/{rel}","templated":true}]}}