{"id":13393,"date":"2023-09-12T14:28:33","date_gmt":"2023-09-12T17:28:33","guid":{"rendered":"https:\/\/pc.sc.gov.br\/?p=13393"},"modified":"2023-09-12T14:30:02","modified_gmt":"2023-09-12T17:30:02","slug":"policia-civil-prende-duas-pessoas-envolvidas-com-trafico-e-apreende-drogas-em-bom-retiro","status":"publish","type":"post","link":"https:\/\/pc.sc.gov.br\/?p=13393","title":{"rendered":"Pol\u00edcia Civil prende duas pessoas envolvidas com tr\u00e1fico e apreende drogas em Bom Retiro"},"content":{"rendered":"\t\t<div data-elementor-type=\"wp-post\" data-elementor-id=\"13393\" class=\"elementor elementor-13393\" data-elementor-post-type=\"post\">\n\t\t\t\t\t\t<section class=\"elementor-section elementor-top-section elementor-element elementor-element-277085c elementor-section-boxed elementor-section-height-default elementor-section-height-default\" data-id=\"277085c\" data-element_type=\"section\">\n\t\t\t\t\t\t<div class=\"elementor-container elementor-column-gap-default\">\n\t\t\t\t\t<div class=\"elementor-column elementor-col-100 elementor-top-column elementor-element elementor-element-1d7c2b2\" data-id=\"1d7c2b2\" data-element_type=\"column\">\n\t\t\t<div class=\"elementor-widget-wrap elementor-element-populated\">\n\t\t\t\t\t\t<div class=\"elementor-element elementor-element-25b6149 elementor-widget elementor-widget-heading\" data-id=\"25b6149\" data-element_type=\"widget\" data-widget_type=\"heading.default\">\n\t\t\t\t<div class=\"elementor-widget-container\">\n\t\t\t\t\t<h2 class=\"elementor-heading-title elementor-size-default\">Pol\u00edcia Civil prende duas pessoas envolvidas com o tr\u00e1fico e apreende drogas em Bom Retiro<\/h2>\t\t\t\t<\/div>\n\t\t\t\t<\/div>\n\t\t\t\t\t<\/div>\n\t\t<\/div>\n\t\t\t\t\t<\/div>\n\t\t<\/section>\n\t\t\t\t<section class=\"elementor-section elementor-top-section elementor-element elementor-element-eff87c5 elementor-section-boxed elementor-section-height-default elementor-section-height-default\" data-id=\"eff87c5\" data-element_type=\"section\">\n\t\t\t\t\t\t<div class=\"elementor-container elementor-column-gap-default\">\n\t\t\t\t\t<div class=\"elementor-column elementor-col-100 elementor-top-column elementor-element elementor-element-81f5631\" data-id=\"81f5631\" data-element_type=\"column\">\n\t\t\t<div class=\"elementor-widget-wrap elementor-element-populated\">\n\t\t\t\t\t\t<div class=\"elementor-element elementor-element-9721c7c elementor-widget elementor-widget-image\" data-id=\"9721c7c\" data-element_type=\"widget\" data-widget_type=\"image.default\">\n\t\t\t\t<div class=\"elementor-widget-container\">\n\t\t\t\t\t\t\t\t\t\t\t\t\t\t\t<img fetchpriority=\"high\" decoding=\"async\" width=\"696\" height=\"522\" src=\"https:\/\/pc.sc.gov.br\/\/wp-content\/uploads\/2023\/09\/Imagem-do-WhatsApp-de-2023-09-12-as-10.20.54-1024x768.jpg\" class=\"attachment-large size-large wp-image-13394\" alt=\"\" srcset=\"https:\/\/pc.sc.gov.br\/\/wp-content\/uploads\/2023\/09\/Imagem-do-WhatsApp-de-2023-09-12-as-10.20.54-1024x768.jpg 1024w, https:\/\/pc.sc.gov.br\/\/wp-content\/uploads\/2023\/09\/Imagem-do-WhatsApp-de-2023-09-12-as-10.20.54-300x225.jpg 300w, https:\/\/pc.sc.gov.br\/\/wp-content\/uploads\/2023\/09\/Imagem-do-WhatsApp-de-2023-09-12-as-10.20.54-768x576.jpg 768w, https:\/\/pc.sc.gov.br\/\/wp-content\/uploads\/2023\/09\/Imagem-do-WhatsApp-de-2023-09-12-as-10.20.54-1536x1152.jpg 1536w, https:\/\/pc.sc.gov.br\/\/wp-content\/uploads\/2023\/09\/Imagem-do-WhatsApp-de-2023-09-12-as-10.20.54.jpg 1600w\" sizes=\"(max-width: 696px) 100vw, 696px\" \/>\t\t\t\t\t\t\t\t\t\t\t\t\t\t\t<\/div>\n\t\t\t\t<\/div>\n\t\t\t\t\t<\/div>\n\t\t<\/div>\n\t\t\t\t\t<\/div>\n\t\t<\/section>\n\t\t\t\t<section class=\"elementor-section elementor-top-section elementor-element elementor-element-92bace9 elementor-section-boxed elementor-section-height-default elementor-section-height-default\" data-id=\"92bace9\" data-element_type=\"section\">\n\t\t\t\t\t\t<div class=\"elementor-container elementor-column-gap-default\">\n\t\t\t\t\t<div class=\"elementor-column elementor-col-100 elementor-top-column elementor-element elementor-element-80e9379\" data-id=\"80e9379\" data-element_type=\"column\">\n\t\t\t<div class=\"elementor-widget-wrap elementor-element-populated\">\n\t\t\t\t\t\t<div class=\"elementor-element elementor-element-7593559 elementor-widget elementor-widget-text-editor\" data-id=\"7593559\" data-element_type=\"widget\" data-widget_type=\"text-editor.default\">\n\t\t\t\t<div class=\"elementor-widget-container\">\n\t\t\t\t\t\t\t\t\t<p>A Pol\u00edcia Civil de Santa Catarina, por meio da Delegacia de Pol\u00edcia de Bom Retiro e Divis\u00e3o de Investiga\u00e7\u00e3o Criminal (DIC) de Lages, deflagrou nesta ter\u00e7a-feira (12) uma opera\u00e7\u00e3o policial no munic\u00edpio de Bom Retiro, visando o cumprimento de tr\u00eas mandados de buscas e apreens\u00f5es domiciliares, culminando na pris\u00e3o em flagrante delito de duas pessoas envolvidas com os delitos de tr\u00e1fico de drogas e associa\u00e7\u00e3o para o tr\u00e1fico de drogas.<\/p>\n<p>As investiga\u00e7\u00f5es que lastrearam os pedidos de buscas apuram delitos de homic\u00eddio qualificado, organiza\u00e7\u00e3o criminosa e tr\u00e1fico de drogas.<\/p>\n<p>Durante as buscas foram apreendidos 24 embalagens com coca\u00edna, prontos para venda, maconha, outras drogas, al\u00e9m de outros itens de interesse para investiga\u00e7\u00e3o.&nbsp;<span style=\"font-family: var( --e-global-typography-text-font-family ), Sans-serif; font-size: var( --e-global-typography-text-font-size );\">Ap\u00f3s a lavratura do auto de pris\u00e3o em flagrante, os conduzidos foram encaminhados para o Pres\u00eddio do munic\u00edpio de Lages, local onde permanecer\u00e3o presos \u00e0 disposi\u00e7\u00e3o da justi\u00e7a.&nbsp;<\/span><\/p>\n<div>&nbsp;<\/div>\t\t\t\t\t\t\t\t<\/div>\n\t\t\t\t<\/div>\n\t\t\t\t\t<\/div>\n\t\t<\/div>\n\t\t\t\t\t<\/div>\n\t\t<\/section>\n\t\t\t\t<\/div>\n\t\t","protected":false},"excerpt":{"rendered":"<p>Pol\u00edcia Civil prende duas pessoas envolvidas com o tr\u00e1fico e apreende drogas em Bom Retiro A Pol\u00edcia Civil de Santa Catarina, por meio da Delegacia de Pol\u00edcia de Bom Retiro e Divis\u00e3o de Investiga\u00e7\u00e3o Criminal (DIC) de Lages, deflagrou nesta ter\u00e7a-feira (12) uma opera\u00e7\u00e3o policial no munic\u00edpio de Bom Retiro, visando o cumprimento de tr\u00eas [&hellip;]<\/p>\n","protected":false},"author":5,"featured_media":13394,"comment_status":"closed","ping_status":"open","sticky":false,"template":"","format":"standard","meta":{"_monsterinsights_skip_tracking":false,"_monsterinsights_sitenote_active":false,"_monsterinsights_sitenote_note":"","_monsterinsights_sitenote_category":0,"footnotes":""},"categories":[1],"tags":[],"class_list":["post-13393","post","type-post","status-publish","format-standard","has-post-thumbnail","hentry","category-sem-categoria"],"_links":{"self":[{"href":"https:\/\/pc.sc.gov.br\/index.php?rest_route=\/wp\/v2\/posts\/13393","targetHints":{"allow":["GET"]}}],"collection":[{"href":"https:\/\/pc.sc.gov.br\/index.php?rest_route=\/wp\/v2\/posts"}],"about":[{"href":"https:\/\/pc.sc.gov.br\/index.php?rest_route=\/wp\/v2\/types\/post"}],"author":[{"embeddable":true,"href":"https:\/\/pc.sc.gov.br\/index.php?rest_route=\/wp\/v2\/users\/5"}],"replies":[{"embeddable":true,"href":"https:\/\/pc.sc.gov.br\/index.php?rest_route=%2Fwp%2Fv2%2Fcomments&post=13393"}],"version-history":[{"count":4,"href":"https:\/\/pc.sc.gov.br\/index.php?rest_route=\/wp\/v2\/posts\/13393\/revisions"}],"predecessor-version":[{"id":13398,"href":"https:\/\/pc.sc.gov.br\/index.php?rest_route=\/wp\/v2\/posts\/13393\/revisions\/13398"}],"wp:featuredmedia":[{"embeddable":true,"href":"https:\/\/pc.sc.gov.br\/index.php?rest_route=\/wp\/v2\/media\/13394"}],"wp:attachment":[{"href":"https:\/\/pc.sc.gov.br\/index.php?rest_route=%2Fwp%2Fv2%2Fmedia&parent=13393"}],"wp:term":[{"taxonomy":"category","embeddable":true,"href":"https:\/\/pc.sc.gov.br\/index.php?rest_route=%2Fwp%2Fv2%2Fcategories&post=13393"},{"taxonomy":"post_tag","embeddable":true,"href":"https:\/\/pc.sc.gov.br\/index.php?rest_route=%2Fwp%2Fv2%2Ftags&post=13393"}],"curies":[{"name":"wp","href":"https:\/\/api.w.org\/{rel}","templated":true}]}}