{"id":13411,"date":"2023-09-12T14:59:56","date_gmt":"2023-09-12T17:59:56","guid":{"rendered":"https:\/\/pc.sc.gov.br\/?p=13411"},"modified":"2023-09-12T15:00:46","modified_gmt":"2023-09-12T18:00:46","slug":"policia-civil-prende-pela-segunda-vez-este-ano-homem-que-descumpre-medida-protetiva-de-urgencia-em-xaxim","status":"publish","type":"post","link":"https:\/\/pc.sc.gov.br\/?p=13411","title":{"rendered":"Pol\u00edcia Civil prende, pela segunda vez este ano, homem que descumpre medida protetiva de urg\u00eancia em Xaxim"},"content":{"rendered":"\t\t<div data-elementor-type=\"wp-post\" data-elementor-id=\"13411\" class=\"elementor elementor-13411\" data-elementor-post-type=\"post\">\n\t\t\t\t\t\t<section class=\"elementor-section elementor-top-section elementor-element elementor-element-63398c4 elementor-section-boxed elementor-section-height-default elementor-section-height-default\" data-id=\"63398c4\" data-element_type=\"section\">\n\t\t\t\t\t\t<div class=\"elementor-container elementor-column-gap-default\">\n\t\t\t\t\t<div class=\"elementor-column elementor-col-100 elementor-top-column elementor-element elementor-element-1b8c9bf\" data-id=\"1b8c9bf\" data-element_type=\"column\">\n\t\t\t<div class=\"elementor-widget-wrap elementor-element-populated\">\n\t\t\t\t\t\t<div class=\"elementor-element elementor-element-353c029 elementor-widget elementor-widget-heading\" data-id=\"353c029\" data-element_type=\"widget\" data-widget_type=\"heading.default\">\n\t\t\t\t<div class=\"elementor-widget-container\">\n\t\t\t\t\t<h2 class=\"elementor-heading-title elementor-size-default\">Pol\u00edcia Civil prende, pela segunda vez este ano, homem que descumpre medida protetiva de urg\u00eancia em Xaxim<\/h2>\t\t\t\t<\/div>\n\t\t\t\t<\/div>\n\t\t\t\t\t<\/div>\n\t\t<\/div>\n\t\t\t\t\t<\/div>\n\t\t<\/section>\n\t\t\t\t<section class=\"elementor-section elementor-top-section elementor-element elementor-element-57b210d elementor-section-boxed elementor-section-height-default elementor-section-height-default\" data-id=\"57b210d\" data-element_type=\"section\">\n\t\t\t\t\t\t<div class=\"elementor-container elementor-column-gap-default\">\n\t\t\t\t\t<div class=\"elementor-column elementor-col-100 elementor-top-column elementor-element elementor-element-7efc6a4\" data-id=\"7efc6a4\" data-element_type=\"column\">\n\t\t\t<div class=\"elementor-widget-wrap elementor-element-populated\">\n\t\t\t\t\t\t<div class=\"elementor-element elementor-element-32e88fe elementor-widget elementor-widget-image\" data-id=\"32e88fe\" data-element_type=\"widget\" data-widget_type=\"image.default\">\n\t\t\t\t<div class=\"elementor-widget-container\">\n\t\t\t\t\t\t\t\t\t\t\t\t\t\t\t<img fetchpriority=\"high\" decoding=\"async\" width=\"696\" height=\"563\" src=\"https:\/\/pc.sc.gov.br\/\/wp-content\/uploads\/2023\/09\/WhatsApp-Image-2023-08-16-at-17.44.22-1-1024x829.jpeg\" class=\"attachment-large size-large wp-image-13412\" alt=\"\" srcset=\"https:\/\/pc.sc.gov.br\/\/wp-content\/uploads\/2023\/09\/WhatsApp-Image-2023-08-16-at-17.44.22-1-1024x829.jpeg 1024w, https:\/\/pc.sc.gov.br\/\/wp-content\/uploads\/2023\/09\/WhatsApp-Image-2023-08-16-at-17.44.22-1-300x243.jpeg 300w, https:\/\/pc.sc.gov.br\/\/wp-content\/uploads\/2023\/09\/WhatsApp-Image-2023-08-16-at-17.44.22-1-768x622.jpeg 768w, https:\/\/pc.sc.gov.br\/\/wp-content\/uploads\/2023\/09\/WhatsApp-Image-2023-08-16-at-17.44.22-1.jpeg 1317w\" sizes=\"(max-width: 696px) 100vw, 696px\" \/>\t\t\t\t\t\t\t\t\t\t\t\t\t\t\t<\/div>\n\t\t\t\t<\/div>\n\t\t\t\t\t<\/div>\n\t\t<\/div>\n\t\t\t\t\t<\/div>\n\t\t<\/section>\n\t\t\t\t<section class=\"elementor-section elementor-top-section elementor-element elementor-element-241a91b elementor-section-boxed elementor-section-height-default elementor-section-height-default\" data-id=\"241a91b\" data-element_type=\"section\">\n\t\t\t\t\t\t<div class=\"elementor-container elementor-column-gap-default\">\n\t\t\t\t\t<div class=\"elementor-column elementor-col-100 elementor-top-column elementor-element elementor-element-d750ac1\" data-id=\"d750ac1\" data-element_type=\"column\">\n\t\t\t<div class=\"elementor-widget-wrap elementor-element-populated\">\n\t\t\t\t\t\t<div class=\"elementor-element elementor-element-4dce5fe elementor-widget elementor-widget-text-editor\" data-id=\"4dce5fe\" data-element_type=\"widget\" data-widget_type=\"text-editor.default\">\n\t\t\t\t<div class=\"elementor-widget-container\">\n\t\t\t\t\t\t\t\t\t<p>A Pol\u00edcia Civil de Santa Catarina, por meio da Delegacia de Pol\u00edcia da Comarca de Xaxim, com apoio de policiais da DPMU de Marema e Lajeado Grande deu cumprimento ao mandado de pris\u00e3o preventiva de um homem de 53 anos, natural de Acar\u00e1 (PA).\u00a0<\/p><p>De acordo com o delegado Cl\u00e1udio Menezes Vieira o mandado de pris\u00e3o preventiva foi expedido pelo Poder Judici\u00e1rio de Xaxim em raz\u00e3o de descumprimento de medida protetiva de urg\u00eancia. Importante ressaltar que esta \u00e9 a segunda vez, neste ano, que o homem \u00e9 preso por desrespeitar medida protetiva de urg\u00eancia.<\/p><p>Os agentes de pol\u00edcia localizaram o homem no munic\u00edpio de Xaxim, pr\u00f3ximo a sua resid\u00eancia e deram cumprimento ao mandado. Ap\u00f3s procedimentos legais na Delegacia de Pol\u00edcia, o homem foi encaminhado ao Pres\u00eddio de Chapec\u00f3.\u00a0<\/p><div>\u00a0<\/div>\t\t\t\t\t\t\t\t<\/div>\n\t\t\t\t<\/div>\n\t\t\t\t\t<\/div>\n\t\t<\/div>\n\t\t\t\t\t<\/div>\n\t\t<\/section>\n\t\t\t\t<\/div>\n\t\t","protected":false},"excerpt":{"rendered":"<p>Pol\u00edcia Civil prende, pela segunda vez este ano, homem que descumpre medida protetiva de urg\u00eancia em Xaxim A Pol\u00edcia Civil de Santa Catarina, por meio da Delegacia de Pol\u00edcia da Comarca de Xaxim, com apoio de policiais da DPMU de Marema e Lajeado Grande deu cumprimento ao mandado de pris\u00e3o preventiva de um homem de [&hellip;]<\/p>\n","protected":false},"author":5,"featured_media":13412,"comment_status":"closed","ping_status":"open","sticky":false,"template":"","format":"standard","meta":{"_monsterinsights_skip_tracking":false,"_monsterinsights_sitenote_active":false,"_monsterinsights_sitenote_note":"","_monsterinsights_sitenote_category":0,"footnotes":""},"categories":[1],"tags":[],"class_list":["post-13411","post","type-post","status-publish","format-standard","has-post-thumbnail","hentry","category-sem-categoria"],"_links":{"self":[{"href":"https:\/\/pc.sc.gov.br\/index.php?rest_route=\/wp\/v2\/posts\/13411","targetHints":{"allow":["GET"]}}],"collection":[{"href":"https:\/\/pc.sc.gov.br\/index.php?rest_route=\/wp\/v2\/posts"}],"about":[{"href":"https:\/\/pc.sc.gov.br\/index.php?rest_route=\/wp\/v2\/types\/post"}],"author":[{"embeddable":true,"href":"https:\/\/pc.sc.gov.br\/index.php?rest_route=\/wp\/v2\/users\/5"}],"replies":[{"embeddable":true,"href":"https:\/\/pc.sc.gov.br\/index.php?rest_route=%2Fwp%2Fv2%2Fcomments&post=13411"}],"version-history":[{"count":4,"href":"https:\/\/pc.sc.gov.br\/index.php?rest_route=\/wp\/v2\/posts\/13411\/revisions"}],"predecessor-version":[{"id":13416,"href":"https:\/\/pc.sc.gov.br\/index.php?rest_route=\/wp\/v2\/posts\/13411\/revisions\/13416"}],"wp:featuredmedia":[{"embeddable":true,"href":"https:\/\/pc.sc.gov.br\/index.php?rest_route=\/wp\/v2\/media\/13412"}],"wp:attachment":[{"href":"https:\/\/pc.sc.gov.br\/index.php?rest_route=%2Fwp%2Fv2%2Fmedia&parent=13411"}],"wp:term":[{"taxonomy":"category","embeddable":true,"href":"https:\/\/pc.sc.gov.br\/index.php?rest_route=%2Fwp%2Fv2%2Fcategories&post=13411"},{"taxonomy":"post_tag","embeddable":true,"href":"https:\/\/pc.sc.gov.br\/index.php?rest_route=%2Fwp%2Fv2%2Ftags&post=13411"}],"curies":[{"name":"wp","href":"https:\/\/api.w.org\/{rel}","templated":true}]}}